{"id":1503,"date":"2024-02-12T04:38:00","date_gmt":"2024-02-12T04:38:00","guid":{"rendered":"https:\/\/www.cubodeideas.com\/blog\/?p=1503"},"modified":"2024-02-12T04:38:00","modified_gmt":"2024-02-12T04:38:00","slug":"medicion-y-mejora-de-la-productividad-personal","status":"publish","type":"post","link":"https:\/\/www.cubodeideas.com\/blog\/negocios\/medicion-y-mejora-de-la-productividad-personal\/","title":{"rendered":"Medici\u00f3n y mejora de la productividad personal"},"content":{"rendered":"<div class=\"flex flex-grow flex-col max-w-full\">\n<div class=\"min-h-[20px] text-message flex flex-col items-start gap-3 whitespace-pre-wrap break-words [.text-message+&amp;]:mt-5 overflow-x-auto\" data-message-author-role=\"assistant\" data-message-id=\"929beadc-f5b0-4147-a999-6953d5ef75f2\">\n<div class=\"markdown prose w-full break-words dark:prose-invert light\">\n<p>En el mundo empresarial actual, donde el tiempo es un recurso valioso, la mejora de la productividad personal se ha convertido en una prioridad para muchos profesionales. En este art\u00edculo, exploraremos estrategias efectivas para medir y mejorar la productividad personal, ayudando as\u00ed a empresarios y emprendedores a maximizar su eficiencia y lograr sus objetivos con \u00e9xito.<\/p>\n<h2><strong>Importancia de Medir la Productividad Personal<\/strong><\/h2>\n<p>Antes de poder mejorar la productividad personal, es crucial comprender c\u00f3mo se est\u00e1 utilizando el tiempo. La medici\u00f3n de la productividad personal permite a los individuos identificar \u00e1reas de mejora y establecer metas realistas. Al conocer qu\u00e9 actividades son m\u00e1s productivas y cu\u00e1les pueden ser una p\u00e9rdida de tiempo, los profesionales pueden tomar decisiones informadas sobre c\u00f3mo gestionar su tiempo de manera m\u00e1s efectiva.<\/p>\n<h3><strong>Herramientas para Medir la Productividad Personal<\/strong><\/h3>\n<p>Existen numerosas herramientas disponibles para ayudar a medir la productividad personal. Aplicaciones de seguimiento del tiempo como Toggl o RescueTime registran el tiempo dedicado a diferentes tareas, proporcionando informaci\u00f3n detallada sobre c\u00f3mo se distribuye el tiempo a lo largo del d\u00eda. Adem\u00e1s, aplicaciones de gesti\u00f3n de tareas como Todoist o Trello permiten a los usuarios realizar un seguimiento de las tareas completadas y establecer metas de productividad.<\/p>\n<h3><strong>Establecimiento de Objetivos de Productividad Personal<\/strong><\/h3>\n<p>Una vez que se han recopilado datos sobre la productividad personal, es importante establecer objetivos realistas y alcanzables. Los objetivos de productividad pueden ser tanto a corto plazo como a largo plazo, y deben ser espec\u00edficos, medibles, alcanzables, relevantes y con un tiempo definido (SMART, por sus siglas en ingl\u00e9s). Establecer objetivos claros ayuda a mantener el enfoque y proporciona una direcci\u00f3n clara para mejorar la productividad personal.<\/p>\n<h2><strong>Estrategias para Mejorar la Productividad Personal<\/strong><\/h2>\n<p>Hay varias estrategias que los individuos pueden implementar para mejorar su productividad personal:<\/p>\n<ul>\n<li>Priorizar tareas importantes y urgentes utilizando t\u00e9cnicas como la matriz de Eisenhower.<\/li>\n<li>Eliminar distracciones y establecer per\u00edodos de tiempo dedicados exclusivamente al trabajo.<\/li>\n<li>Utilizar t\u00e9cnicas de gesti\u00f3n del tiempo, como la t\u00e9cnica Pomodoro, para mantener la concentraci\u00f3n y la productividad.<\/li>\n<li>Practicar el auto-cuidado y asegurarse de tomar descansos regulares para recargar energ\u00edas.<\/li>\n<li>Aprender a delegar tareas y decir no a actividades que no contribuyan a los objetivos personales y profesionales.<\/li>\n<\/ul>\n<h3><strong>Seguimiento y Adaptaci\u00f3n Continuos<\/strong><\/h3>\n<p>Mejorar la productividad personal es un proceso continuo que requiere seguimiento y adaptaci\u00f3n constantes. Es importante revisar regularmente los objetivos establecidos y ajustar las estrategias seg\u00fan sea necesario. Mantener un registro de los logros y desaf\u00edos puede ayudar a identificar patrones y \u00e1reas de mejora adicionales.<\/p>\n<p><strong>Conclusiones<\/strong><\/p>\n<p>En resumen, medir y mejorar la productividad personal es esencial para alcanzar el \u00e9xito en el mundo empresarial actual. Al utilizar herramientas de seguimiento del tiempo, establecer objetivos realistas y aplicar estrategias efectivas de gesti\u00f3n del tiempo, los empresarios y emprendedores pueden maximizar su eficiencia y lograr sus objetivos con \u00e9xito. Al hacer de la productividad personal una prioridad, los profesionales pueden crear un equilibrio m\u00e1s saludable entre el trabajo y la vida personal, lo que conduce a una mayor satisfacci\u00f3n y \u00e9xito en todas las \u00e1reas de la vida.<\/p>\n<\/div>\n<\/div>\n<\/div>\n<div class=\"mt-1 flex justify-start gap-3 empty:hidden\">\n<div class=\"text-gray-400 flex self-end lg:self-center justify-center lg:justify-start mt-0 -ml-1 visible\"><\/div>\n<\/div>\n<div class=\"flex\"><\/div>\n<p>&nbsp;<\/p>\n<p>Imagen de <a href=\"https:\/\/pixabay.com\/es\/users\/firmbee-663163\/?utm_source=link-attribution&amp;utm_medium=referral&amp;utm_campaign=image&amp;utm_content=606761\">Firmbee<\/a> en <a href=\"https:\/\/pixabay.com\/es\/\/?utm_source=link-attribution&amp;utm_medium=referral&amp;utm_campaign=image&amp;utm_content=606761\">Pixabay<\/a><\/p>\n<div class=\"pvc_clear\"><\/div>\n<p id=\"pvc_stats_1503\" class=\"pvc_stats all  \" data-element-id=\"1503\" style=\"\"><i class=\"pvc-stats-icon medium\" aria-hidden=\"true\"><svg aria-hidden=\"true\" focusable=\"false\" data-prefix=\"far\" data-icon=\"chart-bar\" role=\"img\" xmlns=\"http:\/\/www.w3.org\/2000\/svg\" viewBox=\"0 0 512 512\" class=\"svg-inline--fa fa-chart-bar fa-w-16 fa-2x\"><path fill=\"currentColor\" d=\"M396.8 352h22.4c6.4 0 12.8-6.4 12.8-12.8V108.8c0-6.4-6.4-12.8-12.8-12.8h-22.4c-6.4 0-12.8 6.4-12.8 12.8v230.4c0 6.4 6.4 12.8 12.8 12.8zm-192 0h22.4c6.4 0 12.8-6.4 12.8-12.8V140.8c0-6.4-6.4-12.8-12.8-12.8h-22.4c-6.4 0-12.8 6.4-12.8 12.8v198.4c0 6.4 6.4 12.8 12.8 12.8zm96 0h22.4c6.4 0 12.8-6.4 12.8-12.8V204.8c0-6.4-6.4-12.8-12.8-12.8h-22.4c-6.4 0-12.8 6.4-12.8 12.8v134.4c0 6.4 6.4 12.8 12.8 12.8zM496 400H48V80c0-8.84-7.16-16-16-16H16C7.16 64 0 71.16 0 80v336c0 17.67 14.33 32 32 32h464c8.84 0 16-7.16 16-16v-16c0-8.84-7.16-16-16-16zm-387.2-48h22.4c6.4 0 12.8-6.4 12.8-12.8v-70.4c0-6.4-6.4-12.8-12.8-12.8h-22.4c-6.4 0-12.8 6.4-12.8 12.8v70.4c0 6.4 6.4 12.8 12.8 12.8z\" class=\"\"><\/path><\/svg><\/i> <img loading=\"lazy\" decoding=\"async\" width=\"16\" height=\"16\" alt=\"Loading\" src=\"https:\/\/www.cubodeideas.com\/blog\/wp-content\/plugins\/page-views-count\/ajax-loader-2x.gif\" border=0 \/><\/p>\n<div class=\"pvc_clear\"><\/div>\n","protected":false},"excerpt":{"rendered":"<p>En el mundo empresarial actual, donde el tiempo es un recurso valioso, la mejora de la productividad personal se ha convertido en una prioridad para muchos profesionales. En este art\u00edculo, exploraremos estrategias efectivas para medir y mejorar la productividad personal, ayudando as\u00ed a empresarios y emprendedores a maximizar su eficiencia y lograr sus objetivos con [&hellip;]<\/p>\n<div class=\"pvc_clear\"><\/div>\n<p id=\"pvc_stats_1503\" class=\"pvc_stats all  \" data-element-id=\"1503\" style=\"\"><i class=\"pvc-stats-icon medium\" aria-hidden=\"true\"><svg aria-hidden=\"true\" focusable=\"false\" data-prefix=\"far\" data-icon=\"chart-bar\" role=\"img\" xmlns=\"http:\/\/www.w3.org\/2000\/svg\" viewBox=\"0 0 512 512\" class=\"svg-inline--fa fa-chart-bar fa-w-16 fa-2x\"><path fill=\"currentColor\" d=\"M396.8 352h22.4c6.4 0 12.8-6.4 12.8-12.8V108.8c0-6.4-6.4-12.8-12.8-12.8h-22.4c-6.4 0-12.8 6.4-12.8 12.8v230.4c0 6.4 6.4 12.8 12.8 12.8zm-192 0h22.4c6.4 0 12.8-6.4 12.8-12.8V140.8c0-6.4-6.4-12.8-12.8-12.8h-22.4c-6.4 0-12.8 6.4-12.8 12.8v198.4c0 6.4 6.4 12.8 12.8 12.8zm96 0h22.4c6.4 0 12.8-6.4 12.8-12.8V204.8c0-6.4-6.4-12.8-12.8-12.8h-22.4c-6.4 0-12.8 6.4-12.8 12.8v134.4c0 6.4 6.4 12.8 12.8 12.8zM496 400H48V80c0-8.84-7.16-16-16-16H16C7.16 64 0 71.16 0 80v336c0 17.67 14.33 32 32 32h464c8.84 0 16-7.16 16-16v-16c0-8.84-7.16-16-16-16zm-387.2-48h22.4c6.4 0 12.8-6.4 12.8-12.8v-70.4c0-6.4-6.4-12.8-12.8-12.8h-22.4c-6.4 0-12.8 6.4-12.8 12.8v70.4c0 6.4 6.4 12.8 12.8 12.8z\" class=\"\"><\/path><\/svg><\/i> <img loading=\"lazy\" decoding=\"async\" width=\"16\" height=\"16\" alt=\"Loading\" src=\"https:\/\/www.cubodeideas.com\/blog\/wp-content\/plugins\/page-views-count\/ajax-loader-2x.gif\" border=0 \/><\/p>\n<div class=\"pvc_clear\"><\/div>\n","protected":false},"author":1,"featured_media":1504,"comment_status":"open","ping_status":"closed","sticky":false,"template":"","format":"standard","meta":{"footnotes":"","jetpack_publicize_message":"","jetpack_publicize_feature_enabled":true,"jetpack_social_post_already_shared":false,"jetpack_social_options":{"image_generator_settings":{"template":"highway","default_image_id":0,"font":"","enabled":false},"version":2}},"categories":[13],"tags":[574,561,573,575,572],"class_list":["post-1503","post","type-post","status-publish","format-standard","has-post-thumbnail","hentry","category-negocios","tag-estrategias-de-productividad","tag-gestion-del-tiempo","tag-mejora-personal","tag-optimizacion-del-tiempo","tag-productividad-personal"],"blocksy_meta":[],"yoast_head":"<!-- This site is optimized with the Yoast SEO plugin v27.0 - https:\/\/yoast.com\/product\/yoast-seo-wordpress\/ -->\n<title>Medici\u00f3n y mejora de la productividad personal -<\/title>\n<meta name=\"description\" content=\"Aprende a medir y mejorar tu productividad personal con nuestras estrategias. Maximiza tu eficiencia y logra tus metas profesionales.\" \/>\n<meta name=\"robots\" content=\"index, follow, max-snippet:-1, max-image-preview:large, max-video-preview:-1\" \/>\n<link rel=\"canonical\" href=\"https:\/\/www.cubodeideas.com\/blog\/negocios\/medicion-y-mejora-de-la-productividad-personal\/\" \/>\n<meta property=\"og:locale\" content=\"es_ES\" \/>\n<meta property=\"og:type\" content=\"article\" \/>\n<meta property=\"og:title\" content=\"Medici\u00f3n y mejora de la productividad personal -\" \/>\n<meta property=\"og:description\" content=\"Aprende a medir y mejorar tu productividad personal con nuestras estrategias. Maximiza tu eficiencia y logra tus metas profesionales.\" \/>\n<meta property=\"og:url\" content=\"https:\/\/www.cubodeideas.com\/blog\/negocios\/medicion-y-mejora-de-la-productividad-personal\/\" \/>\n<meta property=\"article:publisher\" content=\"https:\/\/www.facebook.com\/somoscubodeideas\" \/>\n<meta property=\"article:published_time\" content=\"2024-02-12T04:38:00+00:00\" \/>\n<meta property=\"og:image\" content=\"https:\/\/www.cubodeideas.com\/blog\/wp-content\/uploads\/2024\/02\/apple-606761_1280.jpg\" \/>\n\t<meta property=\"og:image:width\" content=\"1280\" \/>\n\t<meta property=\"og:image:height\" content=\"850\" \/>\n\t<meta property=\"og:image:type\" content=\"image\/jpeg\" \/>\n<meta name=\"author\" content=\"Noel Castro\" \/>\n<meta name=\"twitter:card\" content=\"summary_large_image\" \/>\n<meta name=\"twitter:creator\" content=\"@cubo_ideas\" \/>\n<meta name=\"twitter:site\" content=\"@cubo_ideas\" \/>\n<meta name=\"twitter:label1\" content=\"Escrito por\" \/>\n\t<meta name=\"twitter:data1\" content=\"Noel Castro\" \/>\n\t<meta name=\"twitter:label2\" content=\"Tiempo de lectura\" \/>\n\t<meta name=\"twitter:data2\" content=\"3 minutos\" \/>\n<script type=\"application\/ld+json\" class=\"yoast-schema-graph\">{\"@context\":\"https:\/\/schema.org\",\"@graph\":[{\"@type\":\"Article\",\"@id\":\"https:\/\/www.cubodeideas.com\/blog\/negocios\/medicion-y-mejora-de-la-productividad-personal\/#article\",\"isPartOf\":{\"@id\":\"https:\/\/www.cubodeideas.com\/blog\/negocios\/medicion-y-mejora-de-la-productividad-personal\/\"},\"author\":{\"name\":\"Noel Castro\",\"@id\":\"https:\/\/www.cubodeideas.com\/blog\/#\/schema\/person\/5614e43eb76109017cff51a2c7928211\"},\"headline\":\"Medici\u00f3n y mejora de la productividad personal\",\"datePublished\":\"2024-02-12T04:38:00+00:00\",\"mainEntityOfPage\":{\"@id\":\"https:\/\/www.cubodeideas.com\/blog\/negocios\/medicion-y-mejora-de-la-productividad-personal\/\"},\"wordCount\":547,\"commentCount\":0,\"publisher\":{\"@id\":\"https:\/\/www.cubodeideas.com\/blog\/#organization\"},\"image\":{\"@id\":\"https:\/\/www.cubodeideas.com\/blog\/negocios\/medicion-y-mejora-de-la-productividad-personal\/#primaryimage\"},\"thumbnailUrl\":\"https:\/\/www.cubodeideas.com\/blog\/wp-content\/uploads\/2024\/02\/apple-606761_1280.jpg\",\"keywords\":[\"Estrategias de Productividad\",\"Gesti\u00f3n del Tiempo\",\"Mejora Personal\",\"Optimizaci\u00f3n del Tiempo\",\"Productividad Personal\"],\"articleSection\":[\"Negocios\"],\"inLanguage\":\"es\",\"potentialAction\":[{\"@type\":\"CommentAction\",\"name\":\"Comment\",\"target\":[\"https:\/\/www.cubodeideas.com\/blog\/negocios\/medicion-y-mejora-de-la-productividad-personal\/#respond\"]}]},{\"@type\":\"WebPage\",\"@id\":\"https:\/\/www.cubodeideas.com\/blog\/negocios\/medicion-y-mejora-de-la-productividad-personal\/\",\"url\":\"https:\/\/www.cubodeideas.com\/blog\/negocios\/medicion-y-mejora-de-la-productividad-personal\/\",\"name\":\"Medici\u00f3n y mejora de la productividad personal -\",\"isPartOf\":{\"@id\":\"https:\/\/www.cubodeideas.com\/blog\/#website\"},\"primaryImageOfPage\":{\"@id\":\"https:\/\/www.cubodeideas.com\/blog\/negocios\/medicion-y-mejora-de-la-productividad-personal\/#primaryimage\"},\"image\":{\"@id\":\"https:\/\/www.cubodeideas.com\/blog\/negocios\/medicion-y-mejora-de-la-productividad-personal\/#primaryimage\"},\"thumbnailUrl\":\"https:\/\/www.cubodeideas.com\/blog\/wp-content\/uploads\/2024\/02\/apple-606761_1280.jpg\",\"datePublished\":\"2024-02-12T04:38:00+00:00\",\"description\":\"Aprende a medir y mejorar tu productividad personal con nuestras estrategias. Maximiza tu eficiencia y logra tus metas profesionales.\",\"breadcrumb\":{\"@id\":\"https:\/\/www.cubodeideas.com\/blog\/negocios\/medicion-y-mejora-de-la-productividad-personal\/#breadcrumb\"},\"inLanguage\":\"es\",\"potentialAction\":[{\"@type\":\"ReadAction\",\"target\":[\"https:\/\/www.cubodeideas.com\/blog\/negocios\/medicion-y-mejora-de-la-productividad-personal\/\"]}]},{\"@type\":\"ImageObject\",\"inLanguage\":\"es\",\"@id\":\"https:\/\/www.cubodeideas.com\/blog\/negocios\/medicion-y-mejora-de-la-productividad-personal\/#primaryimage\",\"url\":\"https:\/\/www.cubodeideas.com\/blog\/wp-content\/uploads\/2024\/02\/apple-606761_1280.jpg\",\"contentUrl\":\"https:\/\/www.cubodeideas.com\/blog\/wp-content\/uploads\/2024\/02\/apple-606761_1280.jpg\",\"width\":1280,\"height\":850,\"caption\":\"Medici\u00f3n y mejora de la productividad personal\"},{\"@type\":\"BreadcrumbList\",\"@id\":\"https:\/\/www.cubodeideas.com\/blog\/negocios\/medicion-y-mejora-de-la-productividad-personal\/#breadcrumb\",\"itemListElement\":[{\"@type\":\"ListItem\",\"position\":1,\"name\":\"Portada\",\"item\":\"https:\/\/www.cubodeideas.com\/blog\/\"},{\"@type\":\"ListItem\",\"position\":2,\"name\":\"Medici\u00f3n y mejora de la productividad personal\"}]},{\"@type\":\"WebSite\",\"@id\":\"https:\/\/www.cubodeideas.com\/blog\/#website\",\"url\":\"https:\/\/www.cubodeideas.com\/blog\/\",\"name\":\"Cubo de Ideas\",\"description\":\"Cubo de Ideas, El Blog\",\"publisher\":{\"@id\":\"https:\/\/www.cubodeideas.com\/blog\/#organization\"},\"potentialAction\":[{\"@type\":\"SearchAction\",\"target\":{\"@type\":\"EntryPoint\",\"urlTemplate\":\"https:\/\/www.cubodeideas.com\/blog\/?s={search_term_string}\"},\"query-input\":{\"@type\":\"PropertyValueSpecification\",\"valueRequired\":true,\"valueName\":\"search_term_string\"}}],\"inLanguage\":\"es\"},{\"@type\":\"Organization\",\"@id\":\"https:\/\/www.cubodeideas.com\/blog\/#organization\",\"name\":\"Cubo de Ideas\",\"url\":\"https:\/\/www.cubodeideas.com\/blog\/\",\"logo\":{\"@type\":\"ImageObject\",\"inLanguage\":\"es\",\"@id\":\"https:\/\/www.cubodeideas.com\/blog\/#\/schema\/logo\/image\/\",\"url\":\"https:\/\/www.cubodeideas.com\/blog\/wp-content\/uploads\/2021\/10\/android-icon-72x72-1.png\",\"contentUrl\":\"https:\/\/www.cubodeideas.com\/blog\/wp-content\/uploads\/2021\/10\/android-icon-72x72-1.png\",\"width\":72,\"height\":72,\"caption\":\"Cubo de Ideas\"},\"image\":{\"@id\":\"https:\/\/www.cubodeideas.com\/blog\/#\/schema\/logo\/image\/\"},\"sameAs\":[\"https:\/\/www.facebook.com\/somoscubodeideas\",\"https:\/\/x.com\/cubo_ideas\",\"https:\/\/www.instagram.com\/cubodeideas\"]},{\"@type\":\"Person\",\"@id\":\"https:\/\/www.cubodeideas.com\/blog\/#\/schema\/person\/5614e43eb76109017cff51a2c7928211\",\"name\":\"Noel Castro\",\"description\":\"LEM Noel Castro Monta\u00f1o es CEO de Cubo de Ideas, Director de Operaciones para Citosa Textiles. Asesor de nuevos mercados y estrategias digitales para el segmento Retail. Especialista en marketing para autoservicios y puntos de venta. Especialista en sistemas de gesti\u00f3n de la calidad con enfoque a la ISO 9001:2015\",\"sameAs\":[\"https:\/\/www.cubodeideas.com\/blog\"],\"url\":\"https:\/\/www.cubodeideas.com\/blog\/author\/admin\/\"}]}<\/script>\n<!-- \/ Yoast SEO plugin. -->","yoast_head_json":{"title":"Medici\u00f3n y mejora de la productividad personal -","description":"Aprende a medir y mejorar tu productividad personal con nuestras estrategias. Maximiza tu eficiencia y logra tus metas profesionales.","robots":{"index":"index","follow":"follow","max-snippet":"max-snippet:-1","max-image-preview":"max-image-preview:large","max-video-preview":"max-video-preview:-1"},"canonical":"https:\/\/www.cubodeideas.com\/blog\/negocios\/medicion-y-mejora-de-la-productividad-personal\/","og_locale":"es_ES","og_type":"article","og_title":"Medici\u00f3n y mejora de la productividad personal -","og_description":"Aprende a medir y mejorar tu productividad personal con nuestras estrategias. Maximiza tu eficiencia y logra tus metas profesionales.","og_url":"https:\/\/www.cubodeideas.com\/blog\/negocios\/medicion-y-mejora-de-la-productividad-personal\/","article_publisher":"https:\/\/www.facebook.com\/somoscubodeideas","article_published_time":"2024-02-12T04:38:00+00:00","og_image":[{"width":1280,"height":850,"url":"https:\/\/www.cubodeideas.com\/blog\/wp-content\/uploads\/2024\/02\/apple-606761_1280.jpg","type":"image\/jpeg"}],"author":"Noel Castro","twitter_card":"summary_large_image","twitter_creator":"@cubo_ideas","twitter_site":"@cubo_ideas","twitter_misc":{"Escrito por":"Noel Castro","Tiempo de lectura":"3 minutos"},"schema":{"@context":"https:\/\/schema.org","@graph":[{"@type":"Article","@id":"https:\/\/www.cubodeideas.com\/blog\/negocios\/medicion-y-mejora-de-la-productividad-personal\/#article","isPartOf":{"@id":"https:\/\/www.cubodeideas.com\/blog\/negocios\/medicion-y-mejora-de-la-productividad-personal\/"},"author":{"name":"Noel Castro","@id":"https:\/\/www.cubodeideas.com\/blog\/#\/schema\/person\/5614e43eb76109017cff51a2c7928211"},"headline":"Medici\u00f3n y mejora de la productividad personal","datePublished":"2024-02-12T04:38:00+00:00","mainEntityOfPage":{"@id":"https:\/\/www.cubodeideas.com\/blog\/negocios\/medicion-y-mejora-de-la-productividad-personal\/"},"wordCount":547,"commentCount":0,"publisher":{"@id":"https:\/\/www.cubodeideas.com\/blog\/#organization"},"image":{"@id":"https:\/\/www.cubodeideas.com\/blog\/negocios\/medicion-y-mejora-de-la-productividad-personal\/#primaryimage"},"thumbnailUrl":"https:\/\/www.cubodeideas.com\/blog\/wp-content\/uploads\/2024\/02\/apple-606761_1280.jpg","keywords":["Estrategias de Productividad","Gesti\u00f3n del Tiempo","Mejora Personal","Optimizaci\u00f3n del Tiempo","Productividad Personal"],"articleSection":["Negocios"],"inLanguage":"es","potentialAction":[{"@type":"CommentAction","name":"Comment","target":["https:\/\/www.cubodeideas.com\/blog\/negocios\/medicion-y-mejora-de-la-productividad-personal\/#respond"]}]},{"@type":"WebPage","@id":"https:\/\/www.cubodeideas.com\/blog\/negocios\/medicion-y-mejora-de-la-productividad-personal\/","url":"https:\/\/www.cubodeideas.com\/blog\/negocios\/medicion-y-mejora-de-la-productividad-personal\/","name":"Medici\u00f3n y mejora de la productividad personal -","isPartOf":{"@id":"https:\/\/www.cubodeideas.com\/blog\/#website"},"primaryImageOfPage":{"@id":"https:\/\/www.cubodeideas.com\/blog\/negocios\/medicion-y-mejora-de-la-productividad-personal\/#primaryimage"},"image":{"@id":"https:\/\/www.cubodeideas.com\/blog\/negocios\/medicion-y-mejora-de-la-productividad-personal\/#primaryimage"},"thumbnailUrl":"https:\/\/www.cubodeideas.com\/blog\/wp-content\/uploads\/2024\/02\/apple-606761_1280.jpg","datePublished":"2024-02-12T04:38:00+00:00","description":"Aprende a medir y mejorar tu productividad personal con nuestras estrategias. Maximiza tu eficiencia y logra tus metas profesionales.","breadcrumb":{"@id":"https:\/\/www.cubodeideas.com\/blog\/negocios\/medicion-y-mejora-de-la-productividad-personal\/#breadcrumb"},"inLanguage":"es","potentialAction":[{"@type":"ReadAction","target":["https:\/\/www.cubodeideas.com\/blog\/negocios\/medicion-y-mejora-de-la-productividad-personal\/"]}]},{"@type":"ImageObject","inLanguage":"es","@id":"https:\/\/www.cubodeideas.com\/blog\/negocios\/medicion-y-mejora-de-la-productividad-personal\/#primaryimage","url":"https:\/\/www.cubodeideas.com\/blog\/wp-content\/uploads\/2024\/02\/apple-606761_1280.jpg","contentUrl":"https:\/\/www.cubodeideas.com\/blog\/wp-content\/uploads\/2024\/02\/apple-606761_1280.jpg","width":1280,"height":850,"caption":"Medici\u00f3n y mejora de la productividad personal"},{"@type":"BreadcrumbList","@id":"https:\/\/www.cubodeideas.com\/blog\/negocios\/medicion-y-mejora-de-la-productividad-personal\/#breadcrumb","itemListElement":[{"@type":"ListItem","position":1,"name":"Portada","item":"https:\/\/www.cubodeideas.com\/blog\/"},{"@type":"ListItem","position":2,"name":"Medici\u00f3n y mejora de la productividad personal"}]},{"@type":"WebSite","@id":"https:\/\/www.cubodeideas.com\/blog\/#website","url":"https:\/\/www.cubodeideas.com\/blog\/","name":"Cubo de Ideas","description":"Cubo de Ideas, El Blog","publisher":{"@id":"https:\/\/www.cubodeideas.com\/blog\/#organization"},"potentialAction":[{"@type":"SearchAction","target":{"@type":"EntryPoint","urlTemplate":"https:\/\/www.cubodeideas.com\/blog\/?s={search_term_string}"},"query-input":{"@type":"PropertyValueSpecification","valueRequired":true,"valueName":"search_term_string"}}],"inLanguage":"es"},{"@type":"Organization","@id":"https:\/\/www.cubodeideas.com\/blog\/#organization","name":"Cubo de Ideas","url":"https:\/\/www.cubodeideas.com\/blog\/","logo":{"@type":"ImageObject","inLanguage":"es","@id":"https:\/\/www.cubodeideas.com\/blog\/#\/schema\/logo\/image\/","url":"https:\/\/www.cubodeideas.com\/blog\/wp-content\/uploads\/2021\/10\/android-icon-72x72-1.png","contentUrl":"https:\/\/www.cubodeideas.com\/blog\/wp-content\/uploads\/2021\/10\/android-icon-72x72-1.png","width":72,"height":72,"caption":"Cubo de Ideas"},"image":{"@id":"https:\/\/www.cubodeideas.com\/blog\/#\/schema\/logo\/image\/"},"sameAs":["https:\/\/www.facebook.com\/somoscubodeideas","https:\/\/x.com\/cubo_ideas","https:\/\/www.instagram.com\/cubodeideas"]},{"@type":"Person","@id":"https:\/\/www.cubodeideas.com\/blog\/#\/schema\/person\/5614e43eb76109017cff51a2c7928211","name":"Noel Castro","description":"LEM Noel Castro Monta\u00f1o es CEO de Cubo de Ideas, Director de Operaciones para Citosa Textiles. Asesor de nuevos mercados y estrategias digitales para el segmento Retail. Especialista en marketing para autoservicios y puntos de venta. Especialista en sistemas de gesti\u00f3n de la calidad con enfoque a la ISO 9001:2015","sameAs":["https:\/\/www.cubodeideas.com\/blog"],"url":"https:\/\/www.cubodeideas.com\/blog\/author\/admin\/"}]}},"jetpack_publicize_connections":[],"_links":{"self":[{"href":"https:\/\/www.cubodeideas.com\/blog\/wp-json\/wp\/v2\/posts\/1503","targetHints":{"allow":["GET"]}}],"collection":[{"href":"https:\/\/www.cubodeideas.com\/blog\/wp-json\/wp\/v2\/posts"}],"about":[{"href":"https:\/\/www.cubodeideas.com\/blog\/wp-json\/wp\/v2\/types\/post"}],"author":[{"embeddable":true,"href":"https:\/\/www.cubodeideas.com\/blog\/wp-json\/wp\/v2\/users\/1"}],"replies":[{"embeddable":true,"href":"https:\/\/www.cubodeideas.com\/blog\/wp-json\/wp\/v2\/comments?post=1503"}],"version-history":[{"count":2,"href":"https:\/\/www.cubodeideas.com\/blog\/wp-json\/wp\/v2\/posts\/1503\/revisions"}],"predecessor-version":[{"id":1506,"href":"https:\/\/www.cubodeideas.com\/blog\/wp-json\/wp\/v2\/posts\/1503\/revisions\/1506"}],"wp:featuredmedia":[{"embeddable":true,"href":"https:\/\/www.cubodeideas.com\/blog\/wp-json\/wp\/v2\/media\/1504"}],"wp:attachment":[{"href":"https:\/\/www.cubodeideas.com\/blog\/wp-json\/wp\/v2\/media?parent=1503"}],"wp:term":[{"taxonomy":"category","embeddable":true,"href":"https:\/\/www.cubodeideas.com\/blog\/wp-json\/wp\/v2\/categories?post=1503"},{"taxonomy":"post_tag","embeddable":true,"href":"https:\/\/www.cubodeideas.com\/blog\/wp-json\/wp\/v2\/tags?post=1503"}],"curies":[{"name":"wp","href":"https:\/\/api.w.org\/{rel}","templated":true}]}}