{"id":1500,"date":"2024-02-12T04:34:14","date_gmt":"2024-02-12T04:34:14","guid":{"rendered":"https:\/\/www.cubodeideas.com\/blog\/?p=1500"},"modified":"2024-02-12T04:34:14","modified_gmt":"2024-02-12T04:34:14","slug":"balance-trabajo-vida-y-prevencion-del-burnout","status":"publish","type":"post","link":"https:\/\/www.cubodeideas.com\/blog\/negocios\/balance-trabajo-vida-y-prevencion-del-burnout\/","title":{"rendered":"Balance Trabajo-Vida y prevenci\u00f3n del Burnout"},"content":{"rendered":"<div class=\"flex flex-grow flex-col max-w-full\">\n<div class=\"min-h-[20px] text-message flex flex-col items-start gap-3 whitespace-pre-wrap break-words [.text-message+&amp;]:mt-5 overflow-x-auto\" data-message-author-role=\"assistant\" data-message-id=\"34094d77-905b-4548-9b22-c85c81da10bf\">\n<div class=\"markdown prose w-full break-words dark:prose-invert light\">\n<p>En el acelerado mundo empresarial actual, es f\u00e1cil caer en la trampa del trabajo constante, lo que puede llevar al agotamiento y al deterioro de la calidad de vida. En este art\u00edculo, exploraremos estrategias efectivas para alcanzar un equilibrio saludable entre el trabajo y la vida personal, as\u00ed como formas de prevenir el agotamiento en tu equipo de trabajo.<\/p>\n<h2><strong>Comprender la Importancia del Equilibrio Trabajo-Vida<\/strong><\/h2>\n<p>Un equilibrio saludable entre el trabajo y la vida personal es esencial para el bienestar f\u00edsico y mental de los empleados, as\u00ed como para su rendimiento laboral. Cuando los empleados se sienten equilibrados y satisfechos en su vida personal, son m\u00e1s productivos, creativos y comprometidos en el trabajo. Adem\u00e1s, el equilibrio trabajo-vida contribuye a reducir el estr\u00e9s y prevenir el agotamiento, lo que a su vez promueve la salud y la felicidad general de los empleados.<\/p>\n<h3><strong>Estrategias para Lograr un Equilibrio Trabajo-Vida Exitoso<\/strong><\/h3>\n<p>Para lograr un equilibrio saludable entre el trabajo y la vida personal, considera las siguientes estrategias:<\/p>\n<ul>\n<li>Establecer l\u00edmites claros entre el trabajo y el tiempo personal, como desconectar el correo electr\u00f3nico fuera del horario laboral.<\/li>\n<li>Priorizar actividades y compromisos fuera del trabajo que promuevan la salud, la relajaci\u00f3n y la conexi\u00f3n con seres queridos.<\/li>\n<li>Fomentar una cultura empresarial que valore el equilibrio trabajo-vida y promueva pr\u00e1cticas de trabajo flexibles, como el trabajo desde casa o la jornada laboral comprimida.<\/li>\n<li>Incentivar a los empleados a tomar descansos regulares durante el d\u00eda de trabajo para recargar energ\u00edas y mantener la productividad.<\/li>\n<li>Ofrecer programas de bienestar en el lugar de trabajo, como clases de yoga, sesiones de meditaci\u00f3n o asesoramiento sobre salud mental.<\/li>\n<\/ul>\n<h2><strong>Reconociendo y Abordando el Burnout en tu Equipo de Trabajo<\/strong><\/h2>\n<p>El burnout, o agotamiento laboral, es un problema grave que puede afectar la salud f\u00edsica y mental de los empleados, as\u00ed como el rendimiento y la moral en el trabajo. Para prevenir el burnout en tu equipo de trabajo, es importante reconocer los signos y s\u00edntomas tempranos, como la fatiga constante, la falta de motivaci\u00f3n y la disminuci\u00f3n del rendimiento. Una vez identificados, es crucial tomar medidas proactivas para abordar el problema, como:<\/p>\n<ul>\n<li>Fomentar un ambiente de trabajo de apoyo y colaborativo, donde los empleados se sientan valorados y escuchados.<\/li>\n<li>Promover la autonom\u00eda y el control sobre la carga de trabajo, permitiendo a los empleados tomar decisiones y establecer sus propios objetivos.<\/li>\n<li>Proporcionar recursos y apoyo para manejar el estr\u00e9s y mejorar la resiliencia, como programas de asesoramiento o sesiones de capacitaci\u00f3n en habilidades de afrontamiento.<\/li>\n<li>Establecer pol\u00edticas y procedimientos claros para manejar el exceso de trabajo y evitar la sobrecarga de tareas.<\/li>\n<li>Fomentar un equilibrio saludable entre el trabajo y la vida personal, reconociendo la importancia de desconectar y recargar energ\u00edas fuera del trabajo.<\/li>\n<\/ul>\n<p>En conclusi\u00f3n, alcanzar un equilibrio saludable entre el trabajo y la vida personal es fundamental para el bienestar y la productividad de los empleados. Al implementar estrategias efectivas para promover el equilibrio trabajo-vida y prevenir el burnout en tu equipo de trabajo, puedes mejorar la satisfacci\u00f3n laboral, reducir el estr\u00e9s y crear un ambiente de trabajo positivo y saludable para todos.<\/p>\n<\/div>\n<\/div>\n<\/div>\n<div class=\"mt-1 flex justify-start gap-3 empty:hidden\">\n<div class=\"text-gray-400 flex self-end lg:self-center justify-center lg:justify-start mt-0 -ml-1 visible\">Imagen de <a href=\"https:\/\/pixabay.com\/es\/users\/counselling-440107\/?utm_source=link-attribution&amp;utm_medium=referral&amp;utm_campaign=image&amp;utm_content=980784\">Ulrike Mai<\/a> en <a href=\"https:\/\/pixabay.com\/es\/\/?utm_source=link-attribution&amp;utm_medium=referral&amp;utm_campaign=image&amp;utm_content=980784\">Pixabay<\/a><\/div>\n<\/div>\n<div class=\"flex\"><\/div>\n<div class=\"pvc_clear\"><\/div>\n<p id=\"pvc_stats_1500\" class=\"pvc_stats all  \" data-element-id=\"1500\" style=\"\"><i class=\"pvc-stats-icon medium\" aria-hidden=\"true\"><svg aria-hidden=\"true\" focusable=\"false\" data-prefix=\"far\" data-icon=\"chart-bar\" role=\"img\" xmlns=\"http:\/\/www.w3.org\/2000\/svg\" viewBox=\"0 0 512 512\" class=\"svg-inline--fa fa-chart-bar fa-w-16 fa-2x\"><path fill=\"currentColor\" d=\"M396.8 352h22.4c6.4 0 12.8-6.4 12.8-12.8V108.8c0-6.4-6.4-12.8-12.8-12.8h-22.4c-6.4 0-12.8 6.4-12.8 12.8v230.4c0 6.4 6.4 12.8 12.8 12.8zm-192 0h22.4c6.4 0 12.8-6.4 12.8-12.8V140.8c0-6.4-6.4-12.8-12.8-12.8h-22.4c-6.4 0-12.8 6.4-12.8 12.8v198.4c0 6.4 6.4 12.8 12.8 12.8zm96 0h22.4c6.4 0 12.8-6.4 12.8-12.8V204.8c0-6.4-6.4-12.8-12.8-12.8h-22.4c-6.4 0-12.8 6.4-12.8 12.8v134.4c0 6.4 6.4 12.8 12.8 12.8zM496 400H48V80c0-8.84-7.16-16-16-16H16C7.16 64 0 71.16 0 80v336c0 17.67 14.33 32 32 32h464c8.84 0 16-7.16 16-16v-16c0-8.84-7.16-16-16-16zm-387.2-48h22.4c6.4 0 12.8-6.4 12.8-12.8v-70.4c0-6.4-6.4-12.8-12.8-12.8h-22.4c-6.4 0-12.8 6.4-12.8 12.8v70.4c0 6.4 6.4 12.8 12.8 12.8z\" class=\"\"><\/path><\/svg><\/i> <img loading=\"lazy\" decoding=\"async\" width=\"16\" height=\"16\" alt=\"Loading\" src=\"https:\/\/www.cubodeideas.com\/blog\/wp-content\/plugins\/page-views-count\/ajax-loader-2x.gif\" border=0 \/><\/p>\n<div class=\"pvc_clear\"><\/div>\n","protected":false},"excerpt":{"rendered":"<p>En el acelerado mundo empresarial actual, es f\u00e1cil caer en la trampa del trabajo constante, lo que puede llevar al agotamiento y al deterioro de la calidad de vida. En este art\u00edculo, exploraremos estrategias efectivas para alcanzar un equilibrio saludable entre el trabajo y la vida personal, as\u00ed como formas de prevenir el agotamiento en [&hellip;]<\/p>\n<div class=\"pvc_clear\"><\/div>\n<p id=\"pvc_stats_1500\" class=\"pvc_stats all  \" data-element-id=\"1500\" style=\"\"><i class=\"pvc-stats-icon medium\" aria-hidden=\"true\"><svg aria-hidden=\"true\" focusable=\"false\" data-prefix=\"far\" data-icon=\"chart-bar\" role=\"img\" xmlns=\"http:\/\/www.w3.org\/2000\/svg\" viewBox=\"0 0 512 512\" class=\"svg-inline--fa fa-chart-bar fa-w-16 fa-2x\"><path fill=\"currentColor\" d=\"M396.8 352h22.4c6.4 0 12.8-6.4 12.8-12.8V108.8c0-6.4-6.4-12.8-12.8-12.8h-22.4c-6.4 0-12.8 6.4-12.8 12.8v230.4c0 6.4 6.4 12.8 12.8 12.8zm-192 0h22.4c6.4 0 12.8-6.4 12.8-12.8V140.8c0-6.4-6.4-12.8-12.8-12.8h-22.4c-6.4 0-12.8 6.4-12.8 12.8v198.4c0 6.4 6.4 12.8 12.8 12.8zm96 0h22.4c6.4 0 12.8-6.4 12.8-12.8V204.8c0-6.4-6.4-12.8-12.8-12.8h-22.4c-6.4 0-12.8 6.4-12.8 12.8v134.4c0 6.4 6.4 12.8 12.8 12.8zM496 400H48V80c0-8.84-7.16-16-16-16H16C7.16 64 0 71.16 0 80v336c0 17.67 14.33 32 32 32h464c8.84 0 16-7.16 16-16v-16c0-8.84-7.16-16-16-16zm-387.2-48h22.4c6.4 0 12.8-6.4 12.8-12.8v-70.4c0-6.4-6.4-12.8-12.8-12.8h-22.4c-6.4 0-12.8 6.4-12.8 12.8v70.4c0 6.4 6.4 12.8 12.8 12.8z\" class=\"\"><\/path><\/svg><\/i> <img loading=\"lazy\" decoding=\"async\" width=\"16\" height=\"16\" alt=\"Loading\" src=\"https:\/\/www.cubodeideas.com\/blog\/wp-content\/plugins\/page-views-count\/ajax-loader-2x.gif\" border=0 \/><\/p>\n<div class=\"pvc_clear\"><\/div>\n","protected":false},"author":1,"featured_media":1501,"comment_status":"open","ping_status":"closed","sticky":false,"template":"","format":"standard","meta":{"footnotes":"","jetpack_publicize_message":"","jetpack_publicize_feature_enabled":true,"jetpack_social_post_already_shared":false,"jetpack_social_options":{"image_generator_settings":{"template":"highway","default_image_id":0,"font":"","enabled":false},"version":2}},"categories":[13],"tags":[571,570,569,561,572],"class_list":["post-1500","post","type-post","status-publish","format-standard","has-post-thumbnail","hentry","category-negocios","tag-bienestar-laboral","tag-burnout-laboral","tag-equilibrio-trabajo-vida","tag-gestion-del-tiempo","tag-productividad-personal"],"blocksy_meta":[],"yoast_head":"<!-- This site is optimized with the Yoast SEO plugin v27.0 - https:\/\/yoast.com\/product\/yoast-seo-wordpress\/ -->\n<title>Balance Trabajo-Vida y prevenci\u00f3n del Burnout -<\/title>\n<meta name=\"description\" content=\"Aprende a encontrar un equilibrio saludable entre trabajo y vida personal. Evita el burnout y mejora tu bienestar con nuestras estrategias.\" \/>\n<meta name=\"robots\" content=\"index, follow, max-snippet:-1, max-image-preview:large, max-video-preview:-1\" \/>\n<link rel=\"canonical\" href=\"https:\/\/www.cubodeideas.com\/blog\/negocios\/balance-trabajo-vida-y-prevencion-del-burnout\/\" \/>\n<meta property=\"og:locale\" content=\"es_ES\" \/>\n<meta property=\"og:type\" content=\"article\" \/>\n<meta property=\"og:title\" content=\"Balance Trabajo-Vida y prevenci\u00f3n del Burnout -\" \/>\n<meta property=\"og:description\" content=\"Aprende a encontrar un equilibrio saludable entre trabajo y vida personal. Evita el burnout y mejora tu bienestar con nuestras estrategias.\" \/>\n<meta property=\"og:url\" content=\"https:\/\/www.cubodeideas.com\/blog\/negocios\/balance-trabajo-vida-y-prevencion-del-burnout\/\" \/>\n<meta property=\"article:publisher\" content=\"https:\/\/www.facebook.com\/somoscubodeideas\" \/>\n<meta property=\"article:published_time\" content=\"2024-02-12T04:34:14+00:00\" \/>\n<meta property=\"og:image\" content=\"https:\/\/www.cubodeideas.com\/blog\/wp-content\/uploads\/2024\/02\/wooden-figure-980784_1280.jpg\" \/>\n\t<meta property=\"og:image:width\" content=\"1280\" \/>\n\t<meta property=\"og:image:height\" content=\"877\" \/>\n\t<meta property=\"og:image:type\" content=\"image\/jpeg\" \/>\n<meta name=\"author\" content=\"Noel Castro\" \/>\n<meta name=\"twitter:card\" content=\"summary_large_image\" \/>\n<meta name=\"twitter:creator\" content=\"@cubo_ideas\" \/>\n<meta name=\"twitter:site\" content=\"@cubo_ideas\" \/>\n<meta name=\"twitter:label1\" content=\"Escrito por\" \/>\n\t<meta name=\"twitter:data1\" content=\"Noel Castro\" \/>\n\t<meta name=\"twitter:label2\" content=\"Tiempo de lectura\" \/>\n\t<meta name=\"twitter:data2\" content=\"3 minutos\" \/>\n<script type=\"application\/ld+json\" class=\"yoast-schema-graph\">{\"@context\":\"https:\/\/schema.org\",\"@graph\":[{\"@type\":\"Article\",\"@id\":\"https:\/\/www.cubodeideas.com\/blog\/negocios\/balance-trabajo-vida-y-prevencion-del-burnout\/#article\",\"isPartOf\":{\"@id\":\"https:\/\/www.cubodeideas.com\/blog\/negocios\/balance-trabajo-vida-y-prevencion-del-burnout\/\"},\"author\":{\"name\":\"Noel Castro\",\"@id\":\"https:\/\/www.cubodeideas.com\/blog\/#\/schema\/person\/5614e43eb76109017cff51a2c7928211\"},\"headline\":\"Balance Trabajo-Vida y prevenci\u00f3n del Burnout\",\"datePublished\":\"2024-02-12T04:34:14+00:00\",\"mainEntityOfPage\":{\"@id\":\"https:\/\/www.cubodeideas.com\/blog\/negocios\/balance-trabajo-vida-y-prevencion-del-burnout\/\"},\"wordCount\":553,\"commentCount\":0,\"publisher\":{\"@id\":\"https:\/\/www.cubodeideas.com\/blog\/#organization\"},\"image\":{\"@id\":\"https:\/\/www.cubodeideas.com\/blog\/negocios\/balance-trabajo-vida-y-prevencion-del-burnout\/#primaryimage\"},\"thumbnailUrl\":\"https:\/\/www.cubodeideas.com\/blog\/wp-content\/uploads\/2024\/02\/wooden-figure-980784_1280.jpg\",\"keywords\":[\"Bienestar Laboral\",\"Burnout Laboral\",\"Equilibrio Trabajo-Vida\",\"Gesti\u00f3n del Tiempo\",\"Productividad Personal\"],\"articleSection\":[\"Negocios\"],\"inLanguage\":\"es\",\"potentialAction\":[{\"@type\":\"CommentAction\",\"name\":\"Comment\",\"target\":[\"https:\/\/www.cubodeideas.com\/blog\/negocios\/balance-trabajo-vida-y-prevencion-del-burnout\/#respond\"]}]},{\"@type\":\"WebPage\",\"@id\":\"https:\/\/www.cubodeideas.com\/blog\/negocios\/balance-trabajo-vida-y-prevencion-del-burnout\/\",\"url\":\"https:\/\/www.cubodeideas.com\/blog\/negocios\/balance-trabajo-vida-y-prevencion-del-burnout\/\",\"name\":\"Balance Trabajo-Vida y prevenci\u00f3n del Burnout -\",\"isPartOf\":{\"@id\":\"https:\/\/www.cubodeideas.com\/blog\/#website\"},\"primaryImageOfPage\":{\"@id\":\"https:\/\/www.cubodeideas.com\/blog\/negocios\/balance-trabajo-vida-y-prevencion-del-burnout\/#primaryimage\"},\"image\":{\"@id\":\"https:\/\/www.cubodeideas.com\/blog\/negocios\/balance-trabajo-vida-y-prevencion-del-burnout\/#primaryimage\"},\"thumbnailUrl\":\"https:\/\/www.cubodeideas.com\/blog\/wp-content\/uploads\/2024\/02\/wooden-figure-980784_1280.jpg\",\"datePublished\":\"2024-02-12T04:34:14+00:00\",\"description\":\"Aprende a encontrar un equilibrio saludable entre trabajo y vida personal. Evita el burnout y mejora tu bienestar con nuestras estrategias.\",\"breadcrumb\":{\"@id\":\"https:\/\/www.cubodeideas.com\/blog\/negocios\/balance-trabajo-vida-y-prevencion-del-burnout\/#breadcrumb\"},\"inLanguage\":\"es\",\"potentialAction\":[{\"@type\":\"ReadAction\",\"target\":[\"https:\/\/www.cubodeideas.com\/blog\/negocios\/balance-trabajo-vida-y-prevencion-del-burnout\/\"]}]},{\"@type\":\"ImageObject\",\"inLanguage\":\"es\",\"@id\":\"https:\/\/www.cubodeideas.com\/blog\/negocios\/balance-trabajo-vida-y-prevencion-del-burnout\/#primaryimage\",\"url\":\"https:\/\/www.cubodeideas.com\/blog\/wp-content\/uploads\/2024\/02\/wooden-figure-980784_1280.jpg\",\"contentUrl\":\"https:\/\/www.cubodeideas.com\/blog\/wp-content\/uploads\/2024\/02\/wooden-figure-980784_1280.jpg\",\"width\":1280,\"height\":877,\"caption\":\"Balance Trabajo-Vida y prevenci\u00f3n del Burnout\"},{\"@type\":\"BreadcrumbList\",\"@id\":\"https:\/\/www.cubodeideas.com\/blog\/negocios\/balance-trabajo-vida-y-prevencion-del-burnout\/#breadcrumb\",\"itemListElement\":[{\"@type\":\"ListItem\",\"position\":1,\"name\":\"Portada\",\"item\":\"https:\/\/www.cubodeideas.com\/blog\/\"},{\"@type\":\"ListItem\",\"position\":2,\"name\":\"Balance Trabajo-Vida y prevenci\u00f3n del Burnout\"}]},{\"@type\":\"WebSite\",\"@id\":\"https:\/\/www.cubodeideas.com\/blog\/#website\",\"url\":\"https:\/\/www.cubodeideas.com\/blog\/\",\"name\":\"Cubo de Ideas\",\"description\":\"Cubo de Ideas, El Blog\",\"publisher\":{\"@id\":\"https:\/\/www.cubodeideas.com\/blog\/#organization\"},\"potentialAction\":[{\"@type\":\"SearchAction\",\"target\":{\"@type\":\"EntryPoint\",\"urlTemplate\":\"https:\/\/www.cubodeideas.com\/blog\/?s={search_term_string}\"},\"query-input\":{\"@type\":\"PropertyValueSpecification\",\"valueRequired\":true,\"valueName\":\"search_term_string\"}}],\"inLanguage\":\"es\"},{\"@type\":\"Organization\",\"@id\":\"https:\/\/www.cubodeideas.com\/blog\/#organization\",\"name\":\"Cubo de Ideas\",\"url\":\"https:\/\/www.cubodeideas.com\/blog\/\",\"logo\":{\"@type\":\"ImageObject\",\"inLanguage\":\"es\",\"@id\":\"https:\/\/www.cubodeideas.com\/blog\/#\/schema\/logo\/image\/\",\"url\":\"https:\/\/www.cubodeideas.com\/blog\/wp-content\/uploads\/2021\/10\/android-icon-72x72-1.png\",\"contentUrl\":\"https:\/\/www.cubodeideas.com\/blog\/wp-content\/uploads\/2021\/10\/android-icon-72x72-1.png\",\"width\":72,\"height\":72,\"caption\":\"Cubo de Ideas\"},\"image\":{\"@id\":\"https:\/\/www.cubodeideas.com\/blog\/#\/schema\/logo\/image\/\"},\"sameAs\":[\"https:\/\/www.facebook.com\/somoscubodeideas\",\"https:\/\/x.com\/cubo_ideas\",\"https:\/\/www.instagram.com\/cubodeideas\"]},{\"@type\":\"Person\",\"@id\":\"https:\/\/www.cubodeideas.com\/blog\/#\/schema\/person\/5614e43eb76109017cff51a2c7928211\",\"name\":\"Noel Castro\",\"description\":\"LEM Noel Castro Monta\u00f1o es CEO de Cubo de Ideas, Director de Operaciones para Citosa Textiles. Asesor de nuevos mercados y estrategias digitales para el segmento Retail. Especialista en marketing para autoservicios y puntos de venta. Especialista en sistemas de gesti\u00f3n de la calidad con enfoque a la ISO 9001:2015\",\"sameAs\":[\"https:\/\/www.cubodeideas.com\/blog\"],\"url\":\"https:\/\/www.cubodeideas.com\/blog\/author\/admin\/\"}]}<\/script>\n<!-- \/ Yoast SEO plugin. -->","yoast_head_json":{"title":"Balance Trabajo-Vida y prevenci\u00f3n del Burnout -","description":"Aprende a encontrar un equilibrio saludable entre trabajo y vida personal. Evita el burnout y mejora tu bienestar con nuestras estrategias.","robots":{"index":"index","follow":"follow","max-snippet":"max-snippet:-1","max-image-preview":"max-image-preview:large","max-video-preview":"max-video-preview:-1"},"canonical":"https:\/\/www.cubodeideas.com\/blog\/negocios\/balance-trabajo-vida-y-prevencion-del-burnout\/","og_locale":"es_ES","og_type":"article","og_title":"Balance Trabajo-Vida y prevenci\u00f3n del Burnout -","og_description":"Aprende a encontrar un equilibrio saludable entre trabajo y vida personal. Evita el burnout y mejora tu bienestar con nuestras estrategias.","og_url":"https:\/\/www.cubodeideas.com\/blog\/negocios\/balance-trabajo-vida-y-prevencion-del-burnout\/","article_publisher":"https:\/\/www.facebook.com\/somoscubodeideas","article_published_time":"2024-02-12T04:34:14+00:00","og_image":[{"width":1280,"height":877,"url":"https:\/\/www.cubodeideas.com\/blog\/wp-content\/uploads\/2024\/02\/wooden-figure-980784_1280.jpg","type":"image\/jpeg"}],"author":"Noel Castro","twitter_card":"summary_large_image","twitter_creator":"@cubo_ideas","twitter_site":"@cubo_ideas","twitter_misc":{"Escrito por":"Noel Castro","Tiempo de lectura":"3 minutos"},"schema":{"@context":"https:\/\/schema.org","@graph":[{"@type":"Article","@id":"https:\/\/www.cubodeideas.com\/blog\/negocios\/balance-trabajo-vida-y-prevencion-del-burnout\/#article","isPartOf":{"@id":"https:\/\/www.cubodeideas.com\/blog\/negocios\/balance-trabajo-vida-y-prevencion-del-burnout\/"},"author":{"name":"Noel Castro","@id":"https:\/\/www.cubodeideas.com\/blog\/#\/schema\/person\/5614e43eb76109017cff51a2c7928211"},"headline":"Balance Trabajo-Vida y prevenci\u00f3n del Burnout","datePublished":"2024-02-12T04:34:14+00:00","mainEntityOfPage":{"@id":"https:\/\/www.cubodeideas.com\/blog\/negocios\/balance-trabajo-vida-y-prevencion-del-burnout\/"},"wordCount":553,"commentCount":0,"publisher":{"@id":"https:\/\/www.cubodeideas.com\/blog\/#organization"},"image":{"@id":"https:\/\/www.cubodeideas.com\/blog\/negocios\/balance-trabajo-vida-y-prevencion-del-burnout\/#primaryimage"},"thumbnailUrl":"https:\/\/www.cubodeideas.com\/blog\/wp-content\/uploads\/2024\/02\/wooden-figure-980784_1280.jpg","keywords":["Bienestar Laboral","Burnout Laboral","Equilibrio Trabajo-Vida","Gesti\u00f3n del Tiempo","Productividad Personal"],"articleSection":["Negocios"],"inLanguage":"es","potentialAction":[{"@type":"CommentAction","name":"Comment","target":["https:\/\/www.cubodeideas.com\/blog\/negocios\/balance-trabajo-vida-y-prevencion-del-burnout\/#respond"]}]},{"@type":"WebPage","@id":"https:\/\/www.cubodeideas.com\/blog\/negocios\/balance-trabajo-vida-y-prevencion-del-burnout\/","url":"https:\/\/www.cubodeideas.com\/blog\/negocios\/balance-trabajo-vida-y-prevencion-del-burnout\/","name":"Balance Trabajo-Vida y prevenci\u00f3n del Burnout -","isPartOf":{"@id":"https:\/\/www.cubodeideas.com\/blog\/#website"},"primaryImageOfPage":{"@id":"https:\/\/www.cubodeideas.com\/blog\/negocios\/balance-trabajo-vida-y-prevencion-del-burnout\/#primaryimage"},"image":{"@id":"https:\/\/www.cubodeideas.com\/blog\/negocios\/balance-trabajo-vida-y-prevencion-del-burnout\/#primaryimage"},"thumbnailUrl":"https:\/\/www.cubodeideas.com\/blog\/wp-content\/uploads\/2024\/02\/wooden-figure-980784_1280.jpg","datePublished":"2024-02-12T04:34:14+00:00","description":"Aprende a encontrar un equilibrio saludable entre trabajo y vida personal. Evita el burnout y mejora tu bienestar con nuestras estrategias.","breadcrumb":{"@id":"https:\/\/www.cubodeideas.com\/blog\/negocios\/balance-trabajo-vida-y-prevencion-del-burnout\/#breadcrumb"},"inLanguage":"es","potentialAction":[{"@type":"ReadAction","target":["https:\/\/www.cubodeideas.com\/blog\/negocios\/balance-trabajo-vida-y-prevencion-del-burnout\/"]}]},{"@type":"ImageObject","inLanguage":"es","@id":"https:\/\/www.cubodeideas.com\/blog\/negocios\/balance-trabajo-vida-y-prevencion-del-burnout\/#primaryimage","url":"https:\/\/www.cubodeideas.com\/blog\/wp-content\/uploads\/2024\/02\/wooden-figure-980784_1280.jpg","contentUrl":"https:\/\/www.cubodeideas.com\/blog\/wp-content\/uploads\/2024\/02\/wooden-figure-980784_1280.jpg","width":1280,"height":877,"caption":"Balance Trabajo-Vida y prevenci\u00f3n del Burnout"},{"@type":"BreadcrumbList","@id":"https:\/\/www.cubodeideas.com\/blog\/negocios\/balance-trabajo-vida-y-prevencion-del-burnout\/#breadcrumb","itemListElement":[{"@type":"ListItem","position":1,"name":"Portada","item":"https:\/\/www.cubodeideas.com\/blog\/"},{"@type":"ListItem","position":2,"name":"Balance Trabajo-Vida y prevenci\u00f3n del Burnout"}]},{"@type":"WebSite","@id":"https:\/\/www.cubodeideas.com\/blog\/#website","url":"https:\/\/www.cubodeideas.com\/blog\/","name":"Cubo de Ideas","description":"Cubo de Ideas, El Blog","publisher":{"@id":"https:\/\/www.cubodeideas.com\/blog\/#organization"},"potentialAction":[{"@type":"SearchAction","target":{"@type":"EntryPoint","urlTemplate":"https:\/\/www.cubodeideas.com\/blog\/?s={search_term_string}"},"query-input":{"@type":"PropertyValueSpecification","valueRequired":true,"valueName":"search_term_string"}}],"inLanguage":"es"},{"@type":"Organization","@id":"https:\/\/www.cubodeideas.com\/blog\/#organization","name":"Cubo de Ideas","url":"https:\/\/www.cubodeideas.com\/blog\/","logo":{"@type":"ImageObject","inLanguage":"es","@id":"https:\/\/www.cubodeideas.com\/blog\/#\/schema\/logo\/image\/","url":"https:\/\/www.cubodeideas.com\/blog\/wp-content\/uploads\/2021\/10\/android-icon-72x72-1.png","contentUrl":"https:\/\/www.cubodeideas.com\/blog\/wp-content\/uploads\/2021\/10\/android-icon-72x72-1.png","width":72,"height":72,"caption":"Cubo de Ideas"},"image":{"@id":"https:\/\/www.cubodeideas.com\/blog\/#\/schema\/logo\/image\/"},"sameAs":["https:\/\/www.facebook.com\/somoscubodeideas","https:\/\/x.com\/cubo_ideas","https:\/\/www.instagram.com\/cubodeideas"]},{"@type":"Person","@id":"https:\/\/www.cubodeideas.com\/blog\/#\/schema\/person\/5614e43eb76109017cff51a2c7928211","name":"Noel Castro","description":"LEM Noel Castro Monta\u00f1o es CEO de Cubo de Ideas, Director de Operaciones para Citosa Textiles. Asesor de nuevos mercados y estrategias digitales para el segmento Retail. Especialista en marketing para autoservicios y puntos de venta. Especialista en sistemas de gesti\u00f3n de la calidad con enfoque a la ISO 9001:2015","sameAs":["https:\/\/www.cubodeideas.com\/blog"],"url":"https:\/\/www.cubodeideas.com\/blog\/author\/admin\/"}]}},"jetpack_publicize_connections":[],"_links":{"self":[{"href":"https:\/\/www.cubodeideas.com\/blog\/wp-json\/wp\/v2\/posts\/1500","targetHints":{"allow":["GET"]}}],"collection":[{"href":"https:\/\/www.cubodeideas.com\/blog\/wp-json\/wp\/v2\/posts"}],"about":[{"href":"https:\/\/www.cubodeideas.com\/blog\/wp-json\/wp\/v2\/types\/post"}],"author":[{"embeddable":true,"href":"https:\/\/www.cubodeideas.com\/blog\/wp-json\/wp\/v2\/users\/1"}],"replies":[{"embeddable":true,"href":"https:\/\/www.cubodeideas.com\/blog\/wp-json\/wp\/v2\/comments?post=1500"}],"version-history":[{"count":1,"href":"https:\/\/www.cubodeideas.com\/blog\/wp-json\/wp\/v2\/posts\/1500\/revisions"}],"predecessor-version":[{"id":1502,"href":"https:\/\/www.cubodeideas.com\/blog\/wp-json\/wp\/v2\/posts\/1500\/revisions\/1502"}],"wp:featuredmedia":[{"embeddable":true,"href":"https:\/\/www.cubodeideas.com\/blog\/wp-json\/wp\/v2\/media\/1501"}],"wp:attachment":[{"href":"https:\/\/www.cubodeideas.com\/blog\/wp-json\/wp\/v2\/media?parent=1500"}],"wp:term":[{"taxonomy":"category","embeddable":true,"href":"https:\/\/www.cubodeideas.com\/blog\/wp-json\/wp\/v2\/categories?post=1500"},{"taxonomy":"post_tag","embeddable":true,"href":"https:\/\/www.cubodeideas.com\/blog\/wp-json\/wp\/v2\/tags?post=1500"}],"curies":[{"name":"wp","href":"https:\/\/api.w.org\/{rel}","templated":true}]}}