{"id":1477,"date":"2024-02-12T03:36:41","date_gmt":"2024-02-12T03:36:41","guid":{"rendered":"https:\/\/www.cubodeideas.com\/blog\/?p=1477"},"modified":"2024-02-12T03:36:41","modified_gmt":"2024-02-12T03:36:41","slug":"seguridad-de-la-informacion-y-proteccion-de-datos","status":"publish","type":"post","link":"https:\/\/www.cubodeideas.com\/blog\/negocios\/seguridad-de-la-informacion-y-proteccion-de-datos\/","title":{"rendered":"Seguridad de la informaci\u00f3n y protecci\u00f3n de datos"},"content":{"rendered":"<div class=\"flex flex-grow flex-col max-w-full\">\n<div class=\"min-h-[20px] text-message flex flex-col items-start gap-3 whitespace-pre-wrap break-words [.text-message+&amp;]:mt-5 overflow-x-auto\" data-message-author-role=\"assistant\" data-message-id=\"f921f48f-1ad9-4122-b880-44ac85c98da1\">\n<div class=\"markdown prose w-full break-words dark:prose-invert light\">\n<p>La seguridad de la informaci\u00f3n y la protecci\u00f3n de datos son aspectos cr\u00edticos en el entorno empresarial actual. Con el aumento de las amenazas cibern\u00e9ticas y las regulaciones de privacidad cada vez m\u00e1s estrictas, es fundamental que las empresas implementen medidas s\u00f3lidas para proteger la informaci\u00f3n confidencial y garantizar el cumplimiento normativo. En este art\u00edculo, exploraremos c\u00f3mo puedes garantizar la seguridad de la informaci\u00f3n y la protecci\u00f3n de datos en tu empresa.<\/p>\n<h3><strong>Importancia de la Seguridad de la Informaci\u00f3n<\/strong><\/h3>\n<p>La seguridad de la informaci\u00f3n es fundamental para proteger los activos m\u00e1s valiosos de tu empresa, como datos financieros, informaci\u00f3n de clientes y propiedad intelectual. Un incidente de seguridad puede tener consecuencias devastadoras, incluida la p\u00e9rdida de confianza de los clientes, multas regulatorias y da\u00f1os a la reputaci\u00f3n de la empresa. Por lo tanto, es crucial implementar medidas de seguridad robustas para mitigar el riesgo de brechas de seguridad y violaciones de datos.<\/p>\n<h2><strong>Estrategias para Proteger la Informaci\u00f3n Confidencial<\/strong><\/h2>\n<p>Para proteger la informaci\u00f3n confidencial de tu empresa, considera las siguientes estrategias:<\/p>\n<p><strong>1. Implementaci\u00f3n de Firewalls y Antivirus:<\/strong> Utiliza firewalls y software antivirus actualizados para proteger tu red y dispositivos contra amenazas cibern\u00e9ticas, como malware, virus y ransomware.<\/p>\n<p><strong>2. Encriptaci\u00f3n de Datos:<\/strong> La encriptaci\u00f3n de datos es una medida efectiva para proteger la confidencialidad de la informaci\u00f3n sensible. Utiliza herramientas de encriptaci\u00f3n para proteger los datos tanto en reposo como en tr\u00e1nsito.<\/p>\n<p><strong>3. Autenticaci\u00f3n de Dos Factores:<\/strong> Implementa la autenticaci\u00f3n de dos factores para agregar una capa adicional de seguridad a las cuentas de usuario. Esto requiere que los usuarios proporcionen dos formas de identificaci\u00f3n antes de acceder a sistemas o datos sensibles.<\/p>\n<h2><strong>Cumplimiento Normativo y Protecci\u00f3n de Datos<\/strong><\/h2>\n<p>Adem\u00e1s de proteger la informaci\u00f3n confidencial, las empresas tambi\u00e9n deben cumplir con las regulaciones de privacidad y protecci\u00f3n de datos, como el Reglamento General de Protecci\u00f3n de Datos (GDPR) en la Uni\u00f3n Europea y la Ley de Privacidad del Consumidor de California (CCPA) en los Estados Unidos. Para garantizar el cumplimiento normativo, considera las siguientes acciones:<\/p>\n<p><strong>1. Auditor\u00edas de Seguridad:<\/strong> Realiza auditor\u00edas peri\u00f3dicas de seguridad para evaluar el cumplimiento de las pol\u00edticas de seguridad y las regulaciones de protecci\u00f3n de datos.<\/p>\n<p><strong>2. Capacitaci\u00f3n del Personal:<\/strong> Capacita a tus empleados sobre las mejores pr\u00e1cticas de seguridad de la informaci\u00f3n y las regulaciones de protecci\u00f3n de datos relevantes. Esto ayuda a aumentar la conciencia y la responsabilidad en toda la organizaci\u00f3n.<\/p>\n<p><strong>3. Gesti\u00f3n de Incidentes:<\/strong> Desarrolla un plan de respuesta a incidentes para manejar de manera eficiente cualquier brecha de seguridad o violaci\u00f3n de datos que pueda ocurrir. Esto incluye la notificaci\u00f3n adecuada a las autoridades reguladoras y a los afectados por la brecha.<\/p>\n<p>En resumen, garantizar la seguridad de la informaci\u00f3n y la protecci\u00f3n de datos es esencial para proteger la reputaci\u00f3n y la viabilidad de tu empresa. Al implementar medidas de seguridad robustas y cumplir con las regulaciones de privacidad, puedes proteger eficazmente la informaci\u00f3n confidencial y mitigar el riesgo de incidentes de seguridad.<\/p>\n<\/div>\n<p>Imagen de <a href=\"https:\/\/pixabay.com\/es\/users\/pixies-1021586\/?utm_source=link-attribution&amp;utm_medium=referral&amp;utm_campaign=image&amp;utm_content=785742\">Daniel Agrelo<\/a> en <a href=\"https:\/\/pixabay.com\/es\/\/?utm_source=link-attribution&amp;utm_medium=referral&amp;utm_campaign=image&amp;utm_content=785742\">Pixabay<\/a><\/p>\n<\/div>\n<\/div>\n<div class=\"pvc_clear\"><\/div>\n<p id=\"pvc_stats_1477\" class=\"pvc_stats all  \" data-element-id=\"1477\" style=\"\"><i class=\"pvc-stats-icon medium\" aria-hidden=\"true\"><svg aria-hidden=\"true\" focusable=\"false\" data-prefix=\"far\" data-icon=\"chart-bar\" role=\"img\" xmlns=\"http:\/\/www.w3.org\/2000\/svg\" viewBox=\"0 0 512 512\" class=\"svg-inline--fa fa-chart-bar fa-w-16 fa-2x\"><path fill=\"currentColor\" d=\"M396.8 352h22.4c6.4 0 12.8-6.4 12.8-12.8V108.8c0-6.4-6.4-12.8-12.8-12.8h-22.4c-6.4 0-12.8 6.4-12.8 12.8v230.4c0 6.4 6.4 12.8 12.8 12.8zm-192 0h22.4c6.4 0 12.8-6.4 12.8-12.8V140.8c0-6.4-6.4-12.8-12.8-12.8h-22.4c-6.4 0-12.8 6.4-12.8 12.8v198.4c0 6.4 6.4 12.8 12.8 12.8zm96 0h22.4c6.4 0 12.8-6.4 12.8-12.8V204.8c0-6.4-6.4-12.8-12.8-12.8h-22.4c-6.4 0-12.8 6.4-12.8 12.8v134.4c0 6.4 6.4 12.8 12.8 12.8zM496 400H48V80c0-8.84-7.16-16-16-16H16C7.16 64 0 71.16 0 80v336c0 17.67 14.33 32 32 32h464c8.84 0 16-7.16 16-16v-16c0-8.84-7.16-16-16-16zm-387.2-48h22.4c6.4 0 12.8-6.4 12.8-12.8v-70.4c0-6.4-6.4-12.8-12.8-12.8h-22.4c-6.4 0-12.8 6.4-12.8 12.8v70.4c0 6.4 6.4 12.8 12.8 12.8z\" class=\"\"><\/path><\/svg><\/i> <img loading=\"lazy\" decoding=\"async\" width=\"16\" height=\"16\" alt=\"Loading\" src=\"https:\/\/www.cubodeideas.com\/blog\/wp-content\/plugins\/page-views-count\/ajax-loader-2x.gif\" border=0 \/><\/p>\n<div class=\"pvc_clear\"><\/div>\n","protected":false},"excerpt":{"rendered":"<p>La seguridad de la informaci\u00f3n y la protecci\u00f3n de datos son aspectos cr\u00edticos en el entorno empresarial actual. Con el aumento de las amenazas cibern\u00e9ticas y las regulaciones de privacidad cada vez m\u00e1s estrictas, es fundamental que las empresas implementen medidas s\u00f3lidas para proteger la informaci\u00f3n confidencial y garantizar el cumplimiento normativo. En este art\u00edculo, [&hellip;]<\/p>\n<div class=\"pvc_clear\"><\/div>\n<p id=\"pvc_stats_1477\" class=\"pvc_stats all  \" data-element-id=\"1477\" style=\"\"><i class=\"pvc-stats-icon medium\" aria-hidden=\"true\"><svg aria-hidden=\"true\" focusable=\"false\" data-prefix=\"far\" data-icon=\"chart-bar\" role=\"img\" xmlns=\"http:\/\/www.w3.org\/2000\/svg\" viewBox=\"0 0 512 512\" class=\"svg-inline--fa fa-chart-bar fa-w-16 fa-2x\"><path fill=\"currentColor\" d=\"M396.8 352h22.4c6.4 0 12.8-6.4 12.8-12.8V108.8c0-6.4-6.4-12.8-12.8-12.8h-22.4c-6.4 0-12.8 6.4-12.8 12.8v230.4c0 6.4 6.4 12.8 12.8 12.8zm-192 0h22.4c6.4 0 12.8-6.4 12.8-12.8V140.8c0-6.4-6.4-12.8-12.8-12.8h-22.4c-6.4 0-12.8 6.4-12.8 12.8v198.4c0 6.4 6.4 12.8 12.8 12.8zm96 0h22.4c6.4 0 12.8-6.4 12.8-12.8V204.8c0-6.4-6.4-12.8-12.8-12.8h-22.4c-6.4 0-12.8 6.4-12.8 12.8v134.4c0 6.4 6.4 12.8 12.8 12.8zM496 400H48V80c0-8.84-7.16-16-16-16H16C7.16 64 0 71.16 0 80v336c0 17.67 14.33 32 32 32h464c8.84 0 16-7.16 16-16v-16c0-8.84-7.16-16-16-16zm-387.2-48h22.4c6.4 0 12.8-6.4 12.8-12.8v-70.4c0-6.4-6.4-12.8-12.8-12.8h-22.4c-6.4 0-12.8 6.4-12.8 12.8v70.4c0 6.4 6.4 12.8 12.8 12.8z\" class=\"\"><\/path><\/svg><\/i> <img loading=\"lazy\" decoding=\"async\" width=\"16\" height=\"16\" alt=\"Loading\" src=\"https:\/\/www.cubodeideas.com\/blog\/wp-content\/plugins\/page-views-count\/ajax-loader-2x.gif\" border=0 \/><\/p>\n<div class=\"pvc_clear\"><\/div>\n","protected":false},"author":1,"featured_media":1478,"comment_status":"open","ping_status":"closed","sticky":false,"template":"","format":"standard","meta":{"footnotes":"","jetpack_publicize_message":"","jetpack_publicize_feature_enabled":true,"jetpack_social_post_already_shared":false,"jetpack_social_options":{"image_generator_settings":{"template":"highway","default_image_id":0,"font":"","enabled":false},"version":2}},"categories":[13],"tags":[159,551,549,550,548],"class_list":["post-1477","post","type-post","status-publish","format-standard","has-post-thumbnail","hentry","category-negocios","tag-cumplimiento-normativo","tag-privacidad-empresarial","tag-proteccion-de-datos","tag-seguridad-cibernetica","tag-seguridad-de-la-informacion"],"blocksy_meta":[],"yoast_head":"<!-- This site is optimized with the Yoast SEO plugin v27.0 - https:\/\/yoast.com\/product\/yoast-seo-wordpress\/ -->\n<title>Seguridad de la informaci\u00f3n y protecci\u00f3n de datos -<\/title>\n<meta name=\"description\" content=\"Aprende c\u00f3mo garantizar la seguridad de la informaci\u00f3n y cumplir con las regulaciones de protecci\u00f3n de datos en tu empresa. Consejos esenciales aqu\u00ed.\" \/>\n<meta name=\"robots\" content=\"index, follow, max-snippet:-1, max-image-preview:large, max-video-preview:-1\" \/>\n<link rel=\"canonical\" href=\"https:\/\/www.cubodeideas.com\/blog\/negocios\/seguridad-de-la-informacion-y-proteccion-de-datos\/\" \/>\n<meta property=\"og:locale\" content=\"es_ES\" \/>\n<meta property=\"og:type\" content=\"article\" \/>\n<meta property=\"og:title\" content=\"Seguridad de la informaci\u00f3n y protecci\u00f3n de datos -\" \/>\n<meta property=\"og:description\" content=\"Aprende c\u00f3mo garantizar la seguridad de la informaci\u00f3n y cumplir con las regulaciones de protecci\u00f3n de datos en tu empresa. Consejos esenciales aqu\u00ed.\" \/>\n<meta property=\"og:url\" content=\"https:\/\/www.cubodeideas.com\/blog\/negocios\/seguridad-de-la-informacion-y-proteccion-de-datos\/\" \/>\n<meta property=\"article:publisher\" content=\"https:\/\/www.facebook.com\/somoscubodeideas\" \/>\n<meta property=\"article:published_time\" content=\"2024-02-12T03:36:41+00:00\" \/>\n<meta property=\"og:image\" content=\"https:\/\/www.cubodeideas.com\/blog\/wp-content\/uploads\/2024\/02\/technology-785742_1280.jpg\" \/>\n\t<meta property=\"og:image:width\" content=\"1280\" \/>\n\t<meta property=\"og:image:height\" content=\"853\" \/>\n\t<meta property=\"og:image:type\" content=\"image\/jpeg\" \/>\n<meta name=\"author\" content=\"Noel Castro\" \/>\n<meta name=\"twitter:card\" content=\"summary_large_image\" \/>\n<meta name=\"twitter:creator\" content=\"@cubo_ideas\" \/>\n<meta name=\"twitter:site\" content=\"@cubo_ideas\" \/>\n<meta name=\"twitter:label1\" content=\"Escrito por\" \/>\n\t<meta name=\"twitter:data1\" content=\"Noel Castro\" \/>\n\t<meta name=\"twitter:label2\" content=\"Tiempo de lectura\" \/>\n\t<meta name=\"twitter:data2\" content=\"3 minutos\" \/>\n<script type=\"application\/ld+json\" class=\"yoast-schema-graph\">{\"@context\":\"https:\/\/schema.org\",\"@graph\":[{\"@type\":\"Article\",\"@id\":\"https:\/\/www.cubodeideas.com\/blog\/negocios\/seguridad-de-la-informacion-y-proteccion-de-datos\/#article\",\"isPartOf\":{\"@id\":\"https:\/\/www.cubodeideas.com\/blog\/negocios\/seguridad-de-la-informacion-y-proteccion-de-datos\/\"},\"author\":{\"name\":\"Noel Castro\",\"@id\":\"https:\/\/www.cubodeideas.com\/blog\/#\/schema\/person\/5614e43eb76109017cff51a2c7928211\"},\"headline\":\"Seguridad de la informaci\u00f3n y protecci\u00f3n de datos\",\"datePublished\":\"2024-02-12T03:36:41+00:00\",\"mainEntityOfPage\":{\"@id\":\"https:\/\/www.cubodeideas.com\/blog\/negocios\/seguridad-de-la-informacion-y-proteccion-de-datos\/\"},\"wordCount\":555,\"commentCount\":0,\"publisher\":{\"@id\":\"https:\/\/www.cubodeideas.com\/blog\/#organization\"},\"image\":{\"@id\":\"https:\/\/www.cubodeideas.com\/blog\/negocios\/seguridad-de-la-informacion-y-proteccion-de-datos\/#primaryimage\"},\"thumbnailUrl\":\"https:\/\/www.cubodeideas.com\/blog\/wp-content\/uploads\/2024\/02\/technology-785742_1280.jpg\",\"keywords\":[\"cumplimiento normativo\",\"Privacidad Empresarial\",\"Protecci\u00f3n de Datos\",\"Seguridad Cibern\u00e9tica\",\"Seguridad de la Informaci\u00f3n\"],\"articleSection\":[\"Negocios\"],\"inLanguage\":\"es\",\"potentialAction\":[{\"@type\":\"CommentAction\",\"name\":\"Comment\",\"target\":[\"https:\/\/www.cubodeideas.com\/blog\/negocios\/seguridad-de-la-informacion-y-proteccion-de-datos\/#respond\"]}]},{\"@type\":\"WebPage\",\"@id\":\"https:\/\/www.cubodeideas.com\/blog\/negocios\/seguridad-de-la-informacion-y-proteccion-de-datos\/\",\"url\":\"https:\/\/www.cubodeideas.com\/blog\/negocios\/seguridad-de-la-informacion-y-proteccion-de-datos\/\",\"name\":\"Seguridad de la informaci\u00f3n y protecci\u00f3n de datos -\",\"isPartOf\":{\"@id\":\"https:\/\/www.cubodeideas.com\/blog\/#website\"},\"primaryImageOfPage\":{\"@id\":\"https:\/\/www.cubodeideas.com\/blog\/negocios\/seguridad-de-la-informacion-y-proteccion-de-datos\/#primaryimage\"},\"image\":{\"@id\":\"https:\/\/www.cubodeideas.com\/blog\/negocios\/seguridad-de-la-informacion-y-proteccion-de-datos\/#primaryimage\"},\"thumbnailUrl\":\"https:\/\/www.cubodeideas.com\/blog\/wp-content\/uploads\/2024\/02\/technology-785742_1280.jpg\",\"datePublished\":\"2024-02-12T03:36:41+00:00\",\"description\":\"Aprende c\u00f3mo garantizar la seguridad de la informaci\u00f3n y cumplir con las regulaciones de protecci\u00f3n de datos en tu empresa. Consejos esenciales aqu\u00ed.\",\"breadcrumb\":{\"@id\":\"https:\/\/www.cubodeideas.com\/blog\/negocios\/seguridad-de-la-informacion-y-proteccion-de-datos\/#breadcrumb\"},\"inLanguage\":\"es\",\"potentialAction\":[{\"@type\":\"ReadAction\",\"target\":[\"https:\/\/www.cubodeideas.com\/blog\/negocios\/seguridad-de-la-informacion-y-proteccion-de-datos\/\"]}]},{\"@type\":\"ImageObject\",\"inLanguage\":\"es\",\"@id\":\"https:\/\/www.cubodeideas.com\/blog\/negocios\/seguridad-de-la-informacion-y-proteccion-de-datos\/#primaryimage\",\"url\":\"https:\/\/www.cubodeideas.com\/blog\/wp-content\/uploads\/2024\/02\/technology-785742_1280.jpg\",\"contentUrl\":\"https:\/\/www.cubodeideas.com\/blog\/wp-content\/uploads\/2024\/02\/technology-785742_1280.jpg\",\"width\":1280,\"height\":853,\"caption\":\"an\u00e1lisis de datos en PYMEs mexicanas\"},{\"@type\":\"BreadcrumbList\",\"@id\":\"https:\/\/www.cubodeideas.com\/blog\/negocios\/seguridad-de-la-informacion-y-proteccion-de-datos\/#breadcrumb\",\"itemListElement\":[{\"@type\":\"ListItem\",\"position\":1,\"name\":\"Portada\",\"item\":\"https:\/\/www.cubodeideas.com\/blog\/\"},{\"@type\":\"ListItem\",\"position\":2,\"name\":\"Seguridad de la informaci\u00f3n y protecci\u00f3n de datos\"}]},{\"@type\":\"WebSite\",\"@id\":\"https:\/\/www.cubodeideas.com\/blog\/#website\",\"url\":\"https:\/\/www.cubodeideas.com\/blog\/\",\"name\":\"Cubo de Ideas\",\"description\":\"Cubo de Ideas, El Blog\",\"publisher\":{\"@id\":\"https:\/\/www.cubodeideas.com\/blog\/#organization\"},\"potentialAction\":[{\"@type\":\"SearchAction\",\"target\":{\"@type\":\"EntryPoint\",\"urlTemplate\":\"https:\/\/www.cubodeideas.com\/blog\/?s={search_term_string}\"},\"query-input\":{\"@type\":\"PropertyValueSpecification\",\"valueRequired\":true,\"valueName\":\"search_term_string\"}}],\"inLanguage\":\"es\"},{\"@type\":\"Organization\",\"@id\":\"https:\/\/www.cubodeideas.com\/blog\/#organization\",\"name\":\"Cubo de Ideas\",\"url\":\"https:\/\/www.cubodeideas.com\/blog\/\",\"logo\":{\"@type\":\"ImageObject\",\"inLanguage\":\"es\",\"@id\":\"https:\/\/www.cubodeideas.com\/blog\/#\/schema\/logo\/image\/\",\"url\":\"https:\/\/www.cubodeideas.com\/blog\/wp-content\/uploads\/2021\/10\/android-icon-72x72-1.png\",\"contentUrl\":\"https:\/\/www.cubodeideas.com\/blog\/wp-content\/uploads\/2021\/10\/android-icon-72x72-1.png\",\"width\":72,\"height\":72,\"caption\":\"Cubo de Ideas\"},\"image\":{\"@id\":\"https:\/\/www.cubodeideas.com\/blog\/#\/schema\/logo\/image\/\"},\"sameAs\":[\"https:\/\/www.facebook.com\/somoscubodeideas\",\"https:\/\/x.com\/cubo_ideas\",\"https:\/\/www.instagram.com\/cubodeideas\"]},{\"@type\":\"Person\",\"@id\":\"https:\/\/www.cubodeideas.com\/blog\/#\/schema\/person\/5614e43eb76109017cff51a2c7928211\",\"name\":\"Noel Castro\",\"description\":\"LEM Noel Castro Monta\u00f1o es CEO de Cubo de Ideas, Director de Operaciones para Citosa Textiles. Asesor de nuevos mercados y estrategias digitales para el segmento Retail. Especialista en marketing para autoservicios y puntos de venta. Especialista en sistemas de gesti\u00f3n de la calidad con enfoque a la ISO 9001:2015\",\"sameAs\":[\"https:\/\/www.cubodeideas.com\/blog\"],\"url\":\"https:\/\/www.cubodeideas.com\/blog\/author\/admin\/\"}]}<\/script>\n<!-- \/ Yoast SEO plugin. -->","yoast_head_json":{"title":"Seguridad de la informaci\u00f3n y protecci\u00f3n de datos -","description":"Aprende c\u00f3mo garantizar la seguridad de la informaci\u00f3n y cumplir con las regulaciones de protecci\u00f3n de datos en tu empresa. Consejos esenciales aqu\u00ed.","robots":{"index":"index","follow":"follow","max-snippet":"max-snippet:-1","max-image-preview":"max-image-preview:large","max-video-preview":"max-video-preview:-1"},"canonical":"https:\/\/www.cubodeideas.com\/blog\/negocios\/seguridad-de-la-informacion-y-proteccion-de-datos\/","og_locale":"es_ES","og_type":"article","og_title":"Seguridad de la informaci\u00f3n y protecci\u00f3n de datos -","og_description":"Aprende c\u00f3mo garantizar la seguridad de la informaci\u00f3n y cumplir con las regulaciones de protecci\u00f3n de datos en tu empresa. Consejos esenciales aqu\u00ed.","og_url":"https:\/\/www.cubodeideas.com\/blog\/negocios\/seguridad-de-la-informacion-y-proteccion-de-datos\/","article_publisher":"https:\/\/www.facebook.com\/somoscubodeideas","article_published_time":"2024-02-12T03:36:41+00:00","og_image":[{"width":1280,"height":853,"url":"https:\/\/www.cubodeideas.com\/blog\/wp-content\/uploads\/2024\/02\/technology-785742_1280.jpg","type":"image\/jpeg"}],"author":"Noel Castro","twitter_card":"summary_large_image","twitter_creator":"@cubo_ideas","twitter_site":"@cubo_ideas","twitter_misc":{"Escrito por":"Noel Castro","Tiempo de lectura":"3 minutos"},"schema":{"@context":"https:\/\/schema.org","@graph":[{"@type":"Article","@id":"https:\/\/www.cubodeideas.com\/blog\/negocios\/seguridad-de-la-informacion-y-proteccion-de-datos\/#article","isPartOf":{"@id":"https:\/\/www.cubodeideas.com\/blog\/negocios\/seguridad-de-la-informacion-y-proteccion-de-datos\/"},"author":{"name":"Noel Castro","@id":"https:\/\/www.cubodeideas.com\/blog\/#\/schema\/person\/5614e43eb76109017cff51a2c7928211"},"headline":"Seguridad de la informaci\u00f3n y protecci\u00f3n de datos","datePublished":"2024-02-12T03:36:41+00:00","mainEntityOfPage":{"@id":"https:\/\/www.cubodeideas.com\/blog\/negocios\/seguridad-de-la-informacion-y-proteccion-de-datos\/"},"wordCount":555,"commentCount":0,"publisher":{"@id":"https:\/\/www.cubodeideas.com\/blog\/#organization"},"image":{"@id":"https:\/\/www.cubodeideas.com\/blog\/negocios\/seguridad-de-la-informacion-y-proteccion-de-datos\/#primaryimage"},"thumbnailUrl":"https:\/\/www.cubodeideas.com\/blog\/wp-content\/uploads\/2024\/02\/technology-785742_1280.jpg","keywords":["cumplimiento normativo","Privacidad Empresarial","Protecci\u00f3n de Datos","Seguridad Cibern\u00e9tica","Seguridad de la Informaci\u00f3n"],"articleSection":["Negocios"],"inLanguage":"es","potentialAction":[{"@type":"CommentAction","name":"Comment","target":["https:\/\/www.cubodeideas.com\/blog\/negocios\/seguridad-de-la-informacion-y-proteccion-de-datos\/#respond"]}]},{"@type":"WebPage","@id":"https:\/\/www.cubodeideas.com\/blog\/negocios\/seguridad-de-la-informacion-y-proteccion-de-datos\/","url":"https:\/\/www.cubodeideas.com\/blog\/negocios\/seguridad-de-la-informacion-y-proteccion-de-datos\/","name":"Seguridad de la informaci\u00f3n y protecci\u00f3n de datos -","isPartOf":{"@id":"https:\/\/www.cubodeideas.com\/blog\/#website"},"primaryImageOfPage":{"@id":"https:\/\/www.cubodeideas.com\/blog\/negocios\/seguridad-de-la-informacion-y-proteccion-de-datos\/#primaryimage"},"image":{"@id":"https:\/\/www.cubodeideas.com\/blog\/negocios\/seguridad-de-la-informacion-y-proteccion-de-datos\/#primaryimage"},"thumbnailUrl":"https:\/\/www.cubodeideas.com\/blog\/wp-content\/uploads\/2024\/02\/technology-785742_1280.jpg","datePublished":"2024-02-12T03:36:41+00:00","description":"Aprende c\u00f3mo garantizar la seguridad de la informaci\u00f3n y cumplir con las regulaciones de protecci\u00f3n de datos en tu empresa. Consejos esenciales aqu\u00ed.","breadcrumb":{"@id":"https:\/\/www.cubodeideas.com\/blog\/negocios\/seguridad-de-la-informacion-y-proteccion-de-datos\/#breadcrumb"},"inLanguage":"es","potentialAction":[{"@type":"ReadAction","target":["https:\/\/www.cubodeideas.com\/blog\/negocios\/seguridad-de-la-informacion-y-proteccion-de-datos\/"]}]},{"@type":"ImageObject","inLanguage":"es","@id":"https:\/\/www.cubodeideas.com\/blog\/negocios\/seguridad-de-la-informacion-y-proteccion-de-datos\/#primaryimage","url":"https:\/\/www.cubodeideas.com\/blog\/wp-content\/uploads\/2024\/02\/technology-785742_1280.jpg","contentUrl":"https:\/\/www.cubodeideas.com\/blog\/wp-content\/uploads\/2024\/02\/technology-785742_1280.jpg","width":1280,"height":853,"caption":"an\u00e1lisis de datos en PYMEs mexicanas"},{"@type":"BreadcrumbList","@id":"https:\/\/www.cubodeideas.com\/blog\/negocios\/seguridad-de-la-informacion-y-proteccion-de-datos\/#breadcrumb","itemListElement":[{"@type":"ListItem","position":1,"name":"Portada","item":"https:\/\/www.cubodeideas.com\/blog\/"},{"@type":"ListItem","position":2,"name":"Seguridad de la informaci\u00f3n y protecci\u00f3n de datos"}]},{"@type":"WebSite","@id":"https:\/\/www.cubodeideas.com\/blog\/#website","url":"https:\/\/www.cubodeideas.com\/blog\/","name":"Cubo de Ideas","description":"Cubo de Ideas, El Blog","publisher":{"@id":"https:\/\/www.cubodeideas.com\/blog\/#organization"},"potentialAction":[{"@type":"SearchAction","target":{"@type":"EntryPoint","urlTemplate":"https:\/\/www.cubodeideas.com\/blog\/?s={search_term_string}"},"query-input":{"@type":"PropertyValueSpecification","valueRequired":true,"valueName":"search_term_string"}}],"inLanguage":"es"},{"@type":"Organization","@id":"https:\/\/www.cubodeideas.com\/blog\/#organization","name":"Cubo de Ideas","url":"https:\/\/www.cubodeideas.com\/blog\/","logo":{"@type":"ImageObject","inLanguage":"es","@id":"https:\/\/www.cubodeideas.com\/blog\/#\/schema\/logo\/image\/","url":"https:\/\/www.cubodeideas.com\/blog\/wp-content\/uploads\/2021\/10\/android-icon-72x72-1.png","contentUrl":"https:\/\/www.cubodeideas.com\/blog\/wp-content\/uploads\/2021\/10\/android-icon-72x72-1.png","width":72,"height":72,"caption":"Cubo de Ideas"},"image":{"@id":"https:\/\/www.cubodeideas.com\/blog\/#\/schema\/logo\/image\/"},"sameAs":["https:\/\/www.facebook.com\/somoscubodeideas","https:\/\/x.com\/cubo_ideas","https:\/\/www.instagram.com\/cubodeideas"]},{"@type":"Person","@id":"https:\/\/www.cubodeideas.com\/blog\/#\/schema\/person\/5614e43eb76109017cff51a2c7928211","name":"Noel Castro","description":"LEM Noel Castro Monta\u00f1o es CEO de Cubo de Ideas, Director de Operaciones para Citosa Textiles. Asesor de nuevos mercados y estrategias digitales para el segmento Retail. Especialista en marketing para autoservicios y puntos de venta. Especialista en sistemas de gesti\u00f3n de la calidad con enfoque a la ISO 9001:2015","sameAs":["https:\/\/www.cubodeideas.com\/blog"],"url":"https:\/\/www.cubodeideas.com\/blog\/author\/admin\/"}]}},"jetpack_publicize_connections":[],"_links":{"self":[{"href":"https:\/\/www.cubodeideas.com\/blog\/wp-json\/wp\/v2\/posts\/1477","targetHints":{"allow":["GET"]}}],"collection":[{"href":"https:\/\/www.cubodeideas.com\/blog\/wp-json\/wp\/v2\/posts"}],"about":[{"href":"https:\/\/www.cubodeideas.com\/blog\/wp-json\/wp\/v2\/types\/post"}],"author":[{"embeddable":true,"href":"https:\/\/www.cubodeideas.com\/blog\/wp-json\/wp\/v2\/users\/1"}],"replies":[{"embeddable":true,"href":"https:\/\/www.cubodeideas.com\/blog\/wp-json\/wp\/v2\/comments?post=1477"}],"version-history":[{"count":1,"href":"https:\/\/www.cubodeideas.com\/blog\/wp-json\/wp\/v2\/posts\/1477\/revisions"}],"predecessor-version":[{"id":1479,"href":"https:\/\/www.cubodeideas.com\/blog\/wp-json\/wp\/v2\/posts\/1477\/revisions\/1479"}],"wp:featuredmedia":[{"embeddable":true,"href":"https:\/\/www.cubodeideas.com\/blog\/wp-json\/wp\/v2\/media\/1478"}],"wp:attachment":[{"href":"https:\/\/www.cubodeideas.com\/blog\/wp-json\/wp\/v2\/media?parent=1477"}],"wp:term":[{"taxonomy":"category","embeddable":true,"href":"https:\/\/www.cubodeideas.com\/blog\/wp-json\/wp\/v2\/categories?post=1477"},{"taxonomy":"post_tag","embeddable":true,"href":"https:\/\/www.cubodeideas.com\/blog\/wp-json\/wp\/v2\/tags?post=1477"}],"curies":[{"name":"wp","href":"https:\/\/api.w.org\/{rel}","templated":true}]}}