{"id":1441,"date":"2024-02-11T06:42:48","date_gmt":"2024-02-11T06:42:48","guid":{"rendered":"https:\/\/www.cubodeideas.com\/blog\/?p=1441"},"modified":"2024-02-11T06:42:48","modified_gmt":"2024-02-11T06:42:48","slug":"servicio-al-cliente-y-gestion-de-quejas","status":"publish","type":"post","link":"https:\/\/www.cubodeideas.com\/blog\/marketing\/servicio-al-cliente-y-gestion-de-quejas\/","title":{"rendered":"Servicio al cliente y gesti\u00f3n de quejas"},"content":{"rendered":"<p>El servicio al cliente ha evolucionado m\u00e1s all\u00e1 de una simple transacci\u00f3n. Se ha convertido en un elemento central de la experiencia del cliente, especialmente en la gesti\u00f3n de quejas. Para las peque\u00f1as y medianas empresas, manejar eficientemente las quejas no solo es crucial para retener clientes, sino tambi\u00e9n para construir una reputaci\u00f3n s\u00f3lida en el mercado.<\/p>\n<h2><strong>Comprendiendo la Importancia del Servicio al Cliente en la Fidelizaci\u00f3n<\/strong><\/h2>\n<p>El servicio al cliente no es solo un departamento m\u00e1s; es la voz de tu empresa y un puente cr\u00edtico entre tus productos o servicios y tus clientes. Cuando un cliente presenta una queja, no solo est\u00e1 se\u00f1alando un problema, sino que tambi\u00e9n te est\u00e1 brindando la oportunidad de mejorar y fortalecer la relaci\u00f3n. La forma en que gestionas estas quejas puede ser la diferencia entre un cliente leal y uno que se va con la competencia.<\/p>\n<p>La clave est\u00e1 en escuchar activamente. Los clientes quieren sentirse escuchados y comprendidos. Por lo tanto, es vital entrenar a tu equipo para que escuche activamente y empaticen con el cliente. Esto implica no solo atender la queja en s\u00ed, sino tambi\u00e9n reconocer las emociones del cliente y responder de manera que se sientan valorados y respetados.<\/p>\n<h2><strong>Implementando Tecnolog\u00eda para un Servicio al Cliente Efectivo<\/strong><\/h2>\n<p>En la era digital, la tecnolog\u00eda juega un papel fundamental en la gesti\u00f3n del servicio al cliente. Herramientas como los sistemas CRM (Customer Relationship Management) permiten registrar, seguir y gestionar las quejas de los clientes de manera eficiente. Estos sistemas pueden ayudar a identificar patrones en las quejas, lo que a su vez puede se\u00f1alar \u00e1reas de mejora en tus productos o servicios.<\/p>\n<p>Adem\u00e1s, las redes sociales y las plataformas de comunicaci\u00f3n en l\u00ednea se han convertido en canales importantes para la gesti\u00f3n de quejas. Los clientes esperan respuestas r\u00e1pidas y efectivas en estas plataformas. Por ello, es crucial tener una estrategia de medios sociales bien definida para manejar las quejas y consultas de manera oportuna y profesional.<\/p>\n<h2><strong>Estrategias Proactivas para Prevenir y Gestionar Quejas<\/strong><\/h2>\n<p>Una estrategia proactiva para la gesti\u00f3n de quejas implica no solo responder a los problemas a medida que surgen, sino tambi\u00e9n anticiparse y prevenirlos. Esto incluye realizar encuestas de satisfacci\u00f3n del cliente y feedback constante, lo que permite a las empresas identificar y abordar los problemas antes de que escalen a quejas formales.<\/p>\n<p>Adem\u00e1s, capacitar a tu equipo en habilidades de comunicaci\u00f3n efectiva y resoluci\u00f3n de problemas es esencial. Un equipo bien preparado no solo manejar\u00e1 las quejas de manera m\u00e1s eficiente, sino que tambi\u00e9n contribuir\u00e1 a mejorar la experiencia general del cliente.<\/p>\n<h2><strong>Transformando Quejas en Oportunidades de Crecimiento<\/strong><\/h2>\n<p>Cada queja es una oportunidad de oro para mejorar tu negocio. Analizar las quejas y aprender de ellas es crucial para el crecimiento y la innovaci\u00f3n. Esto implica no solo corregir el problema inmediato, sino tambi\u00e9n realizar ajustes en tus procesos y estrategias para evitar que el mismo problema se repita en el futuro.<\/p>\n<p>En conclusi\u00f3n, la gesti\u00f3n efectiva del servicio al cliente y de las quejas es un pilar fundamental para el \u00e9xito de las peque\u00f1as y medianas empresas. Al adoptar un enfoque proactivo, emp\u00e1tico y tecnol\u00f3gicamente capacitado, no solo resolver\u00e1s los problemas de manera m\u00e1s efectiva, sino que tambi\u00e9n transformar\u00e1s los desaf\u00edos en oportunidades para fortalecer la lealtad del cliente y mejorar tu negocio.<\/p>\n<p>&nbsp;<\/p>\n<p>Imagen de <a href=\"https:\/\/pixabay.com\/es\/users\/tumisu-148124\/?utm_source=link-attribution&amp;utm_medium=referral&amp;utm_campaign=image&amp;utm_content=4216601\">Tumisu<\/a> en <a href=\"https:\/\/pixabay.com\/es\/\/?utm_source=link-attribution&amp;utm_medium=referral&amp;utm_campaign=image&amp;utm_content=4216601\">Pixabay<\/a><\/p>\n<div class=\"pvc_clear\"><\/div>\n<p id=\"pvc_stats_1441\" class=\"pvc_stats all  \" data-element-id=\"1441\" style=\"\"><i class=\"pvc-stats-icon medium\" aria-hidden=\"true\"><svg aria-hidden=\"true\" focusable=\"false\" data-prefix=\"far\" data-icon=\"chart-bar\" role=\"img\" xmlns=\"http:\/\/www.w3.org\/2000\/svg\" viewBox=\"0 0 512 512\" class=\"svg-inline--fa fa-chart-bar fa-w-16 fa-2x\"><path fill=\"currentColor\" d=\"M396.8 352h22.4c6.4 0 12.8-6.4 12.8-12.8V108.8c0-6.4-6.4-12.8-12.8-12.8h-22.4c-6.4 0-12.8 6.4-12.8 12.8v230.4c0 6.4 6.4 12.8 12.8 12.8zm-192 0h22.4c6.4 0 12.8-6.4 12.8-12.8V140.8c0-6.4-6.4-12.8-12.8-12.8h-22.4c-6.4 0-12.8 6.4-12.8 12.8v198.4c0 6.4 6.4 12.8 12.8 12.8zm96 0h22.4c6.4 0 12.8-6.4 12.8-12.8V204.8c0-6.4-6.4-12.8-12.8-12.8h-22.4c-6.4 0-12.8 6.4-12.8 12.8v134.4c0 6.4 6.4 12.8 12.8 12.8zM496 400H48V80c0-8.84-7.16-16-16-16H16C7.16 64 0 71.16 0 80v336c0 17.67 14.33 32 32 32h464c8.84 0 16-7.16 16-16v-16c0-8.84-7.16-16-16-16zm-387.2-48h22.4c6.4 0 12.8-6.4 12.8-12.8v-70.4c0-6.4-6.4-12.8-12.8-12.8h-22.4c-6.4 0-12.8 6.4-12.8 12.8v70.4c0 6.4 6.4 12.8 12.8 12.8z\" class=\"\"><\/path><\/svg><\/i> <img loading=\"lazy\" decoding=\"async\" width=\"16\" height=\"16\" alt=\"Loading\" src=\"https:\/\/www.cubodeideas.com\/blog\/wp-content\/plugins\/page-views-count\/ajax-loader-2x.gif\" border=0 \/><\/p>\n<div class=\"pvc_clear\"><\/div>\n","protected":false},"excerpt":{"rendered":"<p>El servicio al cliente ha evolucionado m\u00e1s all\u00e1 de una simple transacci\u00f3n. Se ha convertido en un elemento central de la experiencia del cliente, especialmente en la gesti\u00f3n de quejas. Para las peque\u00f1as y medianas empresas, manejar eficientemente las quejas no solo es crucial para retener clientes, sino tambi\u00e9n para construir una reputaci\u00f3n s\u00f3lida en [&hellip;]<\/p>\n<div class=\"pvc_clear\"><\/div>\n<p id=\"pvc_stats_1441\" class=\"pvc_stats all  \" data-element-id=\"1441\" style=\"\"><i class=\"pvc-stats-icon medium\" aria-hidden=\"true\"><svg aria-hidden=\"true\" focusable=\"false\" data-prefix=\"far\" data-icon=\"chart-bar\" role=\"img\" xmlns=\"http:\/\/www.w3.org\/2000\/svg\" viewBox=\"0 0 512 512\" class=\"svg-inline--fa fa-chart-bar fa-w-16 fa-2x\"><path fill=\"currentColor\" d=\"M396.8 352h22.4c6.4 0 12.8-6.4 12.8-12.8V108.8c0-6.4-6.4-12.8-12.8-12.8h-22.4c-6.4 0-12.8 6.4-12.8 12.8v230.4c0 6.4 6.4 12.8 12.8 12.8zm-192 0h22.4c6.4 0 12.8-6.4 12.8-12.8V140.8c0-6.4-6.4-12.8-12.8-12.8h-22.4c-6.4 0-12.8 6.4-12.8 12.8v198.4c0 6.4 6.4 12.8 12.8 12.8zm96 0h22.4c6.4 0 12.8-6.4 12.8-12.8V204.8c0-6.4-6.4-12.8-12.8-12.8h-22.4c-6.4 0-12.8 6.4-12.8 12.8v134.4c0 6.4 6.4 12.8 12.8 12.8zM496 400H48V80c0-8.84-7.16-16-16-16H16C7.16 64 0 71.16 0 80v336c0 17.67 14.33 32 32 32h464c8.84 0 16-7.16 16-16v-16c0-8.84-7.16-16-16-16zm-387.2-48h22.4c6.4 0 12.8-6.4 12.8-12.8v-70.4c0-6.4-6.4-12.8-12.8-12.8h-22.4c-6.4 0-12.8 6.4-12.8 12.8v70.4c0 6.4 6.4 12.8 12.8 12.8z\" class=\"\"><\/path><\/svg><\/i> <img loading=\"lazy\" decoding=\"async\" width=\"16\" height=\"16\" alt=\"Loading\" src=\"https:\/\/www.cubodeideas.com\/blog\/wp-content\/plugins\/page-views-count\/ajax-loader-2x.gif\" border=0 \/><\/p>\n<div class=\"pvc_clear\"><\/div>\n","protected":false},"author":1,"featured_media":1442,"comment_status":"open","ping_status":"closed","sticky":false,"template":"","format":"standard","meta":{"footnotes":"","jetpack_publicize_message":"","jetpack_publicize_feature_enabled":true,"jetpack_social_post_already_shared":false,"jetpack_social_options":{"image_generator_settings":{"template":"highway","default_image_id":0,"font":"","enabled":false},"version":2}},"categories":[5,13],"tags":[123,220,522,45,521],"class_list":["post-1441","post","type-post","status-publish","format-standard","has-post-thumbnail","hentry","category-marketing","category-negocios","tag-estrategias-empresariales","tag-fidelizacion-de-clientes","tag-gestion-de-quejas","tag-pymes","tag-servicio-al-cliente"],"blocksy_meta":[],"yoast_head":"<!-- This site is optimized with the Yoast SEO plugin v27.0 - https:\/\/yoast.com\/product\/yoast-seo-wordpress\/ -->\n<title>Servicio al cliente y gesti\u00f3n de quejas -<\/title>\n<meta name=\"description\" content=\"Descubre estrategias clave para optimizar la gesti\u00f3n de servicio al cliente y manejo de quejas en tu PYME. Mejora la fidelizaci\u00f3n y reputaci\u00f3n empresarial.\" \/>\n<meta name=\"robots\" content=\"index, follow, max-snippet:-1, max-image-preview:large, max-video-preview:-1\" \/>\n<link rel=\"canonical\" href=\"https:\/\/www.cubodeideas.com\/blog\/marketing\/servicio-al-cliente-y-gestion-de-quejas\/\" \/>\n<meta property=\"og:locale\" content=\"es_ES\" \/>\n<meta property=\"og:type\" content=\"article\" \/>\n<meta property=\"og:title\" content=\"Servicio al cliente y gesti\u00f3n de quejas -\" \/>\n<meta property=\"og:description\" content=\"Descubre estrategias clave para optimizar la gesti\u00f3n de servicio al cliente y manejo de quejas en tu PYME. Mejora la fidelizaci\u00f3n y reputaci\u00f3n empresarial.\" \/>\n<meta property=\"og:url\" content=\"https:\/\/www.cubodeideas.com\/blog\/marketing\/servicio-al-cliente-y-gestion-de-quejas\/\" \/>\n<meta property=\"article:publisher\" content=\"https:\/\/www.facebook.com\/somoscubodeideas\" \/>\n<meta property=\"article:published_time\" content=\"2024-02-11T06:42:48+00:00\" \/>\n<meta property=\"og:image\" content=\"https:\/\/www.cubodeideas.com\/blog\/wp-content\/uploads\/2024\/02\/webinar-4216601_1280.jpg\" \/>\n\t<meta property=\"og:image:width\" content=\"1280\" \/>\n\t<meta property=\"og:image:height\" content=\"853\" \/>\n\t<meta property=\"og:image:type\" content=\"image\/jpeg\" \/>\n<meta name=\"author\" content=\"Noel Castro\" \/>\n<meta name=\"twitter:card\" content=\"summary_large_image\" \/>\n<meta name=\"twitter:creator\" content=\"@cubo_ideas\" \/>\n<meta name=\"twitter:site\" content=\"@cubo_ideas\" \/>\n<meta name=\"twitter:label1\" content=\"Escrito por\" \/>\n\t<meta name=\"twitter:data1\" content=\"Noel Castro\" \/>\n\t<meta name=\"twitter:label2\" content=\"Tiempo de lectura\" \/>\n\t<meta name=\"twitter:data2\" content=\"3 minutos\" \/>\n<script type=\"application\/ld+json\" class=\"yoast-schema-graph\">{\"@context\":\"https:\/\/schema.org\",\"@graph\":[{\"@type\":\"Article\",\"@id\":\"https:\/\/www.cubodeideas.com\/blog\/marketing\/servicio-al-cliente-y-gestion-de-quejas\/#article\",\"isPartOf\":{\"@id\":\"https:\/\/www.cubodeideas.com\/blog\/marketing\/servicio-al-cliente-y-gestion-de-quejas\/\"},\"author\":{\"name\":\"Noel Castro\",\"@id\":\"https:\/\/www.cubodeideas.com\/blog\/#\/schema\/person\/5614e43eb76109017cff51a2c7928211\"},\"headline\":\"Servicio al cliente y gesti\u00f3n de quejas\",\"datePublished\":\"2024-02-11T06:42:48+00:00\",\"mainEntityOfPage\":{\"@id\":\"https:\/\/www.cubodeideas.com\/blog\/marketing\/servicio-al-cliente-y-gestion-de-quejas\/\"},\"wordCount\":606,\"commentCount\":0,\"publisher\":{\"@id\":\"https:\/\/www.cubodeideas.com\/blog\/#organization\"},\"image\":{\"@id\":\"https:\/\/www.cubodeideas.com\/blog\/marketing\/servicio-al-cliente-y-gestion-de-quejas\/#primaryimage\"},\"thumbnailUrl\":\"https:\/\/www.cubodeideas.com\/blog\/wp-content\/uploads\/2024\/02\/webinar-4216601_1280.jpg\",\"keywords\":[\"Estrategias empresariales\",\"fidelizaci\u00f3n de clientes\",\"Gesti\u00f3n de Quejas\",\"PyMES\",\"Servicio al Cliente\"],\"articleSection\":[\"Marketing\",\"Negocios\"],\"inLanguage\":\"es\",\"potentialAction\":[{\"@type\":\"CommentAction\",\"name\":\"Comment\",\"target\":[\"https:\/\/www.cubodeideas.com\/blog\/marketing\/servicio-al-cliente-y-gestion-de-quejas\/#respond\"]}]},{\"@type\":\"WebPage\",\"@id\":\"https:\/\/www.cubodeideas.com\/blog\/marketing\/servicio-al-cliente-y-gestion-de-quejas\/\",\"url\":\"https:\/\/www.cubodeideas.com\/blog\/marketing\/servicio-al-cliente-y-gestion-de-quejas\/\",\"name\":\"Servicio al cliente y gesti\u00f3n de quejas -\",\"isPartOf\":{\"@id\":\"https:\/\/www.cubodeideas.com\/blog\/#website\"},\"primaryImageOfPage\":{\"@id\":\"https:\/\/www.cubodeideas.com\/blog\/marketing\/servicio-al-cliente-y-gestion-de-quejas\/#primaryimage\"},\"image\":{\"@id\":\"https:\/\/www.cubodeideas.com\/blog\/marketing\/servicio-al-cliente-y-gestion-de-quejas\/#primaryimage\"},\"thumbnailUrl\":\"https:\/\/www.cubodeideas.com\/blog\/wp-content\/uploads\/2024\/02\/webinar-4216601_1280.jpg\",\"datePublished\":\"2024-02-11T06:42:48+00:00\",\"description\":\"Descubre estrategias clave para optimizar la gesti\u00f3n de servicio al cliente y manejo de quejas en tu PYME. Mejora la fidelizaci\u00f3n y reputaci\u00f3n empresarial.\",\"breadcrumb\":{\"@id\":\"https:\/\/www.cubodeideas.com\/blog\/marketing\/servicio-al-cliente-y-gestion-de-quejas\/#breadcrumb\"},\"inLanguage\":\"es\",\"potentialAction\":[{\"@type\":\"ReadAction\",\"target\":[\"https:\/\/www.cubodeideas.com\/blog\/marketing\/servicio-al-cliente-y-gestion-de-quejas\/\"]}]},{\"@type\":\"ImageObject\",\"inLanguage\":\"es\",\"@id\":\"https:\/\/www.cubodeideas.com\/blog\/marketing\/servicio-al-cliente-y-gestion-de-quejas\/#primaryimage\",\"url\":\"https:\/\/www.cubodeideas.com\/blog\/wp-content\/uploads\/2024\/02\/webinar-4216601_1280.jpg\",\"contentUrl\":\"https:\/\/www.cubodeideas.com\/blog\/wp-content\/uploads\/2024\/02\/webinar-4216601_1280.jpg\",\"width\":1280,\"height\":853,\"caption\":\"cliente ideal rentable en pymes\"},{\"@type\":\"BreadcrumbList\",\"@id\":\"https:\/\/www.cubodeideas.com\/blog\/marketing\/servicio-al-cliente-y-gestion-de-quejas\/#breadcrumb\",\"itemListElement\":[{\"@type\":\"ListItem\",\"position\":1,\"name\":\"Portada\",\"item\":\"https:\/\/www.cubodeideas.com\/blog\/\"},{\"@type\":\"ListItem\",\"position\":2,\"name\":\"Servicio al cliente y gesti\u00f3n de quejas\"}]},{\"@type\":\"WebSite\",\"@id\":\"https:\/\/www.cubodeideas.com\/blog\/#website\",\"url\":\"https:\/\/www.cubodeideas.com\/blog\/\",\"name\":\"Cubo de Ideas\",\"description\":\"Cubo de Ideas, El Blog\",\"publisher\":{\"@id\":\"https:\/\/www.cubodeideas.com\/blog\/#organization\"},\"potentialAction\":[{\"@type\":\"SearchAction\",\"target\":{\"@type\":\"EntryPoint\",\"urlTemplate\":\"https:\/\/www.cubodeideas.com\/blog\/?s={search_term_string}\"},\"query-input\":{\"@type\":\"PropertyValueSpecification\",\"valueRequired\":true,\"valueName\":\"search_term_string\"}}],\"inLanguage\":\"es\"},{\"@type\":\"Organization\",\"@id\":\"https:\/\/www.cubodeideas.com\/blog\/#organization\",\"name\":\"Cubo de Ideas\",\"url\":\"https:\/\/www.cubodeideas.com\/blog\/\",\"logo\":{\"@type\":\"ImageObject\",\"inLanguage\":\"es\",\"@id\":\"https:\/\/www.cubodeideas.com\/blog\/#\/schema\/logo\/image\/\",\"url\":\"https:\/\/www.cubodeideas.com\/blog\/wp-content\/uploads\/2021\/10\/android-icon-72x72-1.png\",\"contentUrl\":\"https:\/\/www.cubodeideas.com\/blog\/wp-content\/uploads\/2021\/10\/android-icon-72x72-1.png\",\"width\":72,\"height\":72,\"caption\":\"Cubo de Ideas\"},\"image\":{\"@id\":\"https:\/\/www.cubodeideas.com\/blog\/#\/schema\/logo\/image\/\"},\"sameAs\":[\"https:\/\/www.facebook.com\/somoscubodeideas\",\"https:\/\/x.com\/cubo_ideas\",\"https:\/\/www.instagram.com\/cubodeideas\"]},{\"@type\":\"Person\",\"@id\":\"https:\/\/www.cubodeideas.com\/blog\/#\/schema\/person\/5614e43eb76109017cff51a2c7928211\",\"name\":\"Noel Castro\",\"description\":\"LEM Noel Castro Monta\u00f1o es CEO de Cubo de Ideas, Director de Operaciones para Citosa Textiles. Asesor de nuevos mercados y estrategias digitales para el segmento Retail. Especialista en marketing para autoservicios y puntos de venta. Especialista en sistemas de gesti\u00f3n de la calidad con enfoque a la ISO 9001:2015\",\"sameAs\":[\"https:\/\/www.cubodeideas.com\/blog\"],\"url\":\"https:\/\/www.cubodeideas.com\/blog\/author\/admin\/\"}]}<\/script>\n<!-- \/ Yoast SEO plugin. -->","yoast_head_json":{"title":"Servicio al cliente y gesti\u00f3n de quejas -","description":"Descubre estrategias clave para optimizar la gesti\u00f3n de servicio al cliente y manejo de quejas en tu PYME. Mejora la fidelizaci\u00f3n y reputaci\u00f3n empresarial.","robots":{"index":"index","follow":"follow","max-snippet":"max-snippet:-1","max-image-preview":"max-image-preview:large","max-video-preview":"max-video-preview:-1"},"canonical":"https:\/\/www.cubodeideas.com\/blog\/marketing\/servicio-al-cliente-y-gestion-de-quejas\/","og_locale":"es_ES","og_type":"article","og_title":"Servicio al cliente y gesti\u00f3n de quejas -","og_description":"Descubre estrategias clave para optimizar la gesti\u00f3n de servicio al cliente y manejo de quejas en tu PYME. Mejora la fidelizaci\u00f3n y reputaci\u00f3n empresarial.","og_url":"https:\/\/www.cubodeideas.com\/blog\/marketing\/servicio-al-cliente-y-gestion-de-quejas\/","article_publisher":"https:\/\/www.facebook.com\/somoscubodeideas","article_published_time":"2024-02-11T06:42:48+00:00","og_image":[{"width":1280,"height":853,"url":"https:\/\/www.cubodeideas.com\/blog\/wp-content\/uploads\/2024\/02\/webinar-4216601_1280.jpg","type":"image\/jpeg"}],"author":"Noel Castro","twitter_card":"summary_large_image","twitter_creator":"@cubo_ideas","twitter_site":"@cubo_ideas","twitter_misc":{"Escrito por":"Noel Castro","Tiempo de lectura":"3 minutos"},"schema":{"@context":"https:\/\/schema.org","@graph":[{"@type":"Article","@id":"https:\/\/www.cubodeideas.com\/blog\/marketing\/servicio-al-cliente-y-gestion-de-quejas\/#article","isPartOf":{"@id":"https:\/\/www.cubodeideas.com\/blog\/marketing\/servicio-al-cliente-y-gestion-de-quejas\/"},"author":{"name":"Noel Castro","@id":"https:\/\/www.cubodeideas.com\/blog\/#\/schema\/person\/5614e43eb76109017cff51a2c7928211"},"headline":"Servicio al cliente y gesti\u00f3n de quejas","datePublished":"2024-02-11T06:42:48+00:00","mainEntityOfPage":{"@id":"https:\/\/www.cubodeideas.com\/blog\/marketing\/servicio-al-cliente-y-gestion-de-quejas\/"},"wordCount":606,"commentCount":0,"publisher":{"@id":"https:\/\/www.cubodeideas.com\/blog\/#organization"},"image":{"@id":"https:\/\/www.cubodeideas.com\/blog\/marketing\/servicio-al-cliente-y-gestion-de-quejas\/#primaryimage"},"thumbnailUrl":"https:\/\/www.cubodeideas.com\/blog\/wp-content\/uploads\/2024\/02\/webinar-4216601_1280.jpg","keywords":["Estrategias empresariales","fidelizaci\u00f3n de clientes","Gesti\u00f3n de Quejas","PyMES","Servicio al Cliente"],"articleSection":["Marketing","Negocios"],"inLanguage":"es","potentialAction":[{"@type":"CommentAction","name":"Comment","target":["https:\/\/www.cubodeideas.com\/blog\/marketing\/servicio-al-cliente-y-gestion-de-quejas\/#respond"]}]},{"@type":"WebPage","@id":"https:\/\/www.cubodeideas.com\/blog\/marketing\/servicio-al-cliente-y-gestion-de-quejas\/","url":"https:\/\/www.cubodeideas.com\/blog\/marketing\/servicio-al-cliente-y-gestion-de-quejas\/","name":"Servicio al cliente y gesti\u00f3n de quejas -","isPartOf":{"@id":"https:\/\/www.cubodeideas.com\/blog\/#website"},"primaryImageOfPage":{"@id":"https:\/\/www.cubodeideas.com\/blog\/marketing\/servicio-al-cliente-y-gestion-de-quejas\/#primaryimage"},"image":{"@id":"https:\/\/www.cubodeideas.com\/blog\/marketing\/servicio-al-cliente-y-gestion-de-quejas\/#primaryimage"},"thumbnailUrl":"https:\/\/www.cubodeideas.com\/blog\/wp-content\/uploads\/2024\/02\/webinar-4216601_1280.jpg","datePublished":"2024-02-11T06:42:48+00:00","description":"Descubre estrategias clave para optimizar la gesti\u00f3n de servicio al cliente y manejo de quejas en tu PYME. Mejora la fidelizaci\u00f3n y reputaci\u00f3n empresarial.","breadcrumb":{"@id":"https:\/\/www.cubodeideas.com\/blog\/marketing\/servicio-al-cliente-y-gestion-de-quejas\/#breadcrumb"},"inLanguage":"es","potentialAction":[{"@type":"ReadAction","target":["https:\/\/www.cubodeideas.com\/blog\/marketing\/servicio-al-cliente-y-gestion-de-quejas\/"]}]},{"@type":"ImageObject","inLanguage":"es","@id":"https:\/\/www.cubodeideas.com\/blog\/marketing\/servicio-al-cliente-y-gestion-de-quejas\/#primaryimage","url":"https:\/\/www.cubodeideas.com\/blog\/wp-content\/uploads\/2024\/02\/webinar-4216601_1280.jpg","contentUrl":"https:\/\/www.cubodeideas.com\/blog\/wp-content\/uploads\/2024\/02\/webinar-4216601_1280.jpg","width":1280,"height":853,"caption":"cliente ideal rentable en pymes"},{"@type":"BreadcrumbList","@id":"https:\/\/www.cubodeideas.com\/blog\/marketing\/servicio-al-cliente-y-gestion-de-quejas\/#breadcrumb","itemListElement":[{"@type":"ListItem","position":1,"name":"Portada","item":"https:\/\/www.cubodeideas.com\/blog\/"},{"@type":"ListItem","position":2,"name":"Servicio al cliente y gesti\u00f3n de quejas"}]},{"@type":"WebSite","@id":"https:\/\/www.cubodeideas.com\/blog\/#website","url":"https:\/\/www.cubodeideas.com\/blog\/","name":"Cubo de Ideas","description":"Cubo de Ideas, El Blog","publisher":{"@id":"https:\/\/www.cubodeideas.com\/blog\/#organization"},"potentialAction":[{"@type":"SearchAction","target":{"@type":"EntryPoint","urlTemplate":"https:\/\/www.cubodeideas.com\/blog\/?s={search_term_string}"},"query-input":{"@type":"PropertyValueSpecification","valueRequired":true,"valueName":"search_term_string"}}],"inLanguage":"es"},{"@type":"Organization","@id":"https:\/\/www.cubodeideas.com\/blog\/#organization","name":"Cubo de Ideas","url":"https:\/\/www.cubodeideas.com\/blog\/","logo":{"@type":"ImageObject","inLanguage":"es","@id":"https:\/\/www.cubodeideas.com\/blog\/#\/schema\/logo\/image\/","url":"https:\/\/www.cubodeideas.com\/blog\/wp-content\/uploads\/2021\/10\/android-icon-72x72-1.png","contentUrl":"https:\/\/www.cubodeideas.com\/blog\/wp-content\/uploads\/2021\/10\/android-icon-72x72-1.png","width":72,"height":72,"caption":"Cubo de Ideas"},"image":{"@id":"https:\/\/www.cubodeideas.com\/blog\/#\/schema\/logo\/image\/"},"sameAs":["https:\/\/www.facebook.com\/somoscubodeideas","https:\/\/x.com\/cubo_ideas","https:\/\/www.instagram.com\/cubodeideas"]},{"@type":"Person","@id":"https:\/\/www.cubodeideas.com\/blog\/#\/schema\/person\/5614e43eb76109017cff51a2c7928211","name":"Noel Castro","description":"LEM Noel Castro Monta\u00f1o es CEO de Cubo de Ideas, Director de Operaciones para Citosa Textiles. Asesor de nuevos mercados y estrategias digitales para el segmento Retail. Especialista en marketing para autoservicios y puntos de venta. Especialista en sistemas de gesti\u00f3n de la calidad con enfoque a la ISO 9001:2015","sameAs":["https:\/\/www.cubodeideas.com\/blog"],"url":"https:\/\/www.cubodeideas.com\/blog\/author\/admin\/"}]}},"jetpack_publicize_connections":[],"_links":{"self":[{"href":"https:\/\/www.cubodeideas.com\/blog\/wp-json\/wp\/v2\/posts\/1441","targetHints":{"allow":["GET"]}}],"collection":[{"href":"https:\/\/www.cubodeideas.com\/blog\/wp-json\/wp\/v2\/posts"}],"about":[{"href":"https:\/\/www.cubodeideas.com\/blog\/wp-json\/wp\/v2\/types\/post"}],"author":[{"embeddable":true,"href":"https:\/\/www.cubodeideas.com\/blog\/wp-json\/wp\/v2\/users\/1"}],"replies":[{"embeddable":true,"href":"https:\/\/www.cubodeideas.com\/blog\/wp-json\/wp\/v2\/comments?post=1441"}],"version-history":[{"count":1,"href":"https:\/\/www.cubodeideas.com\/blog\/wp-json\/wp\/v2\/posts\/1441\/revisions"}],"predecessor-version":[{"id":1443,"href":"https:\/\/www.cubodeideas.com\/blog\/wp-json\/wp\/v2\/posts\/1441\/revisions\/1443"}],"wp:featuredmedia":[{"embeddable":true,"href":"https:\/\/www.cubodeideas.com\/blog\/wp-json\/wp\/v2\/media\/1442"}],"wp:attachment":[{"href":"https:\/\/www.cubodeideas.com\/blog\/wp-json\/wp\/v2\/media?parent=1441"}],"wp:term":[{"taxonomy":"category","embeddable":true,"href":"https:\/\/www.cubodeideas.com\/blog\/wp-json\/wp\/v2\/categories?post=1441"},{"taxonomy":"post_tag","embeddable":true,"href":"https:\/\/www.cubodeideas.com\/blog\/wp-json\/wp\/v2\/tags?post=1441"}],"curies":[{"name":"wp","href":"https:\/\/api.w.org\/{rel}","templated":true}]}}