{"id":1426,"date":"2024-02-04T06:15:54","date_gmt":"2024-02-04T06:15:54","guid":{"rendered":"https:\/\/www.cubodeideas.com\/blog\/?p=1426"},"modified":"2024-02-04T06:15:54","modified_gmt":"2024-02-04T06:15:54","slug":"consolidacion-del-cambio-y-sostenibilidad-en-pymes","status":"publish","type":"post","link":"https:\/\/www.cubodeideas.com\/blog\/negocios\/consolidacion-del-cambio-y-sostenibilidad-en-pymes\/","title":{"rendered":"Consolidaci\u00f3n del cambio y sostenibilidad en Pymes"},"content":{"rendered":"<div class=\"flex flex-grow flex-col max-w-full\">\n<div class=\"min-h-[20px] text-message flex flex-col items-start gap-3 whitespace-pre-wrap break-words [.text-message+&amp;]:mt-5 overflow-x-auto\" data-message-author-role=\"assistant\" data-message-id=\"bf072cb6-268d-4cda-96fc-7c7ba27da78d\">\n<div class=\"markdown prose w-full break-words dark:prose-invert light\">\n<p>La consolidaci\u00f3n del cambio y la sostenibilidad son aspectos cruciales para el \u00e9xito a largo plazo de las peque\u00f1as y medianas empresas (pymes). Estos procesos no solo implican la implementaci\u00f3n efectiva de cambios, sino tambi\u00e9n asegurar que estos cambios sean duraderos y sigan aportando valor a la empresa en el futuro. En este art\u00edculo, exploramos c\u00f3mo los l\u00edderes de pymes pueden consolidar los cambios realizados y garantizar su sostenibilidad.<\/p>\n<h2>Estrategias para Consolidar el Cambio en Pymes<\/h2>\n<p>La consolidaci\u00f3n del cambio es un paso esencial despu\u00e9s de la implementaci\u00f3n inicial. Se trata de asegurar que los cambios se integren plenamente en la operativa de la empresa y se mantengan a lo largo del tiempo.<\/p>\n<h3>Reforzando los Cambios a Nivel Organizacional<\/h3>\n<h4>Creaci\u00f3n de Sistemas de Soporte<\/h4>\n<p>Para que los cambios sean duraderos, es esencial establecer sistemas de soporte adecuados. Esto incluye la integraci\u00f3n de los cambios en los procesos existentes, la actualizaci\u00f3n de pol\u00edticas y procedimientos, y la garant\u00eda de que todos los empleados tengan los recursos necesarios para adaptarse a las nuevas formas de trabajar.<\/p>\n<h4>Comunicaci\u00f3n Continua y Retroalimentaci\u00f3n<\/h4>\n<p>Una comunicaci\u00f3n efectiva y constante es clave para reforzar el cambio. Los l\u00edderes deben mantener informados a los empleados sobre el progreso del cambio y estar abiertos a recibir y actuar seg\u00fan la retroalimentaci\u00f3n. Esto ayuda a mantener el impulso y asegura que los empleados se sientan involucrados y comprometidos con el proceso.<\/p>\n<h3>Capacitaci\u00f3n y Desarrollo Continuo<\/h3>\n<h4>Programas de Capacitaci\u00f3n Alineados con el Cambio<\/h4>\n<p>La capacitaci\u00f3n y el desarrollo continuo son fundamentales para la consolidaci\u00f3n del cambio. Los programas de capacitaci\u00f3n deben estar alineados con las nuevas iniciativas y cambios para garantizar que todos los empleados tengan las habilidades y conocimientos necesarios para trabajar eficazmente en el nuevo entorno.<\/p>\n<h4>Fomento del Aprendizaje Continuo<\/h4>\n<p>Promover una cultura de aprendizaje continuo y adaptabilidad ayuda a los empleados a permanecer flexibles y abiertos a cambios futuros. Esto no solo beneficia la consolidaci\u00f3n actual, sino que tambi\u00e9n prepara a la empresa para futuras transformaciones.<\/p>\n<h2>Asegurando la Sostenibilidad del Cambio en Pymes<\/h2>\n<p>Una vez consolidados, los cambios deben ser sostenibles a largo plazo para aportar valor continuo a la empresa.<\/p>\n<h3>Evaluaci\u00f3n y Ajuste Continuo<\/h3>\n<h4>Monitoreo del Impacto y Efectividad<\/h4>\n<p>La evaluaci\u00f3n continua del impacto y la efectividad de los cambios es vital. Los l\u00edderes deben monitorear regularmente el rendimiento y estar listos para hacer ajustes si los cambios no est\u00e1n dando los resultados esperados o si surgen nuevos desaf\u00edos.<\/p>\n<h4>Adaptaci\u00f3n a Entornos Cambiantes<\/h4>\n<p>El entorno empresarial est\u00e1 en constante evoluci\u00f3n, por lo que es crucial que las pymes se mantengan adaptables. Los l\u00edderes deben estar preparados para ajustar o modificar los cambios realizados en respuesta a nuevas tendencias, tecnolog\u00edas o cambios en el mercado.<\/p>\n<h3>Integraci\u00f3n del Cambio en la Cultura Organizacional<\/h3>\n<h4>Fomento de Valores y Comportamientos Alineados<\/h4>\n<p>Para que el cambio sea sostenible, debe estar integrado en la cultura organizacional. Esto implica fomentar valores y comportamientos que respalden los cambios, como la innovaci\u00f3n, la colaboraci\u00f3n y la agilidad.<\/p>\n<h4>Reconocimiento y Celebraci\u00f3n del \u00c9xito<\/h4>\n<p>Reconocer y celebrar los \u00e9xitos relacionados con el cambio es una forma poderosa de reforzar la importancia y el valor de estas iniciativas. Celebrar los logros ayuda a mantener el entusiasmo y el compromiso con el cambio a largo plazo.<\/p>\n<h2>Conclusi\u00f3n<\/h2>\n<p>La consolidaci\u00f3n y sostenibilidad del cambio son procesos continuos que requieren un enfoque estrat\u00e9gico y proactivo. Para los l\u00edderes de pymes, esto significa no solo implementar cambios efectivamente, sino tambi\u00e9n asegurar que estos cambios sean reforzados, sostenibles y adaptativos. Con las estrategias adecuadas, la gesti\u00f3n del cambio puede convertirse en una parte integral del crecimiento y \u00e9xito continuo de una empresa.<\/p>\n<\/div>\n<\/div>\n<\/div>\n<div class=\"mt-1 flex justify-start gap-3 empty:hidden\">\n<div class=\"text-gray-400 flex self-end lg:self-center justify-center lg:justify-start mt-0 -ml-1 visible\"><\/div>\n<\/div>\n<div class=\"flex\"><\/div>\n<p>&nbsp;<\/p>\n<p>Imagen de <a href=\"https:\/\/pixabay.com\/es\/users\/harinathr-1906917\/?utm_source=link-attribution&amp;utm_medium=referral&amp;utm_campaign=image&amp;utm_content=1516644\">Harinath R<\/a> en <a href=\"https:\/\/pixabay.com\/es\/\/?utm_source=link-attribution&amp;utm_medium=referral&amp;utm_campaign=image&amp;utm_content=1516644\">Pixabay<\/a><\/p>\n<div class=\"pvc_clear\"><\/div>\n<p id=\"pvc_stats_1426\" class=\"pvc_stats all  \" data-element-id=\"1426\" style=\"\"><i class=\"pvc-stats-icon medium\" aria-hidden=\"true\"><svg aria-hidden=\"true\" focusable=\"false\" data-prefix=\"far\" data-icon=\"chart-bar\" role=\"img\" xmlns=\"http:\/\/www.w3.org\/2000\/svg\" viewBox=\"0 0 512 512\" class=\"svg-inline--fa fa-chart-bar fa-w-16 fa-2x\"><path fill=\"currentColor\" d=\"M396.8 352h22.4c6.4 0 12.8-6.4 12.8-12.8V108.8c0-6.4-6.4-12.8-12.8-12.8h-22.4c-6.4 0-12.8 6.4-12.8 12.8v230.4c0 6.4 6.4 12.8 12.8 12.8zm-192 0h22.4c6.4 0 12.8-6.4 12.8-12.8V140.8c0-6.4-6.4-12.8-12.8-12.8h-22.4c-6.4 0-12.8 6.4-12.8 12.8v198.4c0 6.4 6.4 12.8 12.8 12.8zm96 0h22.4c6.4 0 12.8-6.4 12.8-12.8V204.8c0-6.4-6.4-12.8-12.8-12.8h-22.4c-6.4 0-12.8 6.4-12.8 12.8v134.4c0 6.4 6.4 12.8 12.8 12.8zM496 400H48V80c0-8.84-7.16-16-16-16H16C7.16 64 0 71.16 0 80v336c0 17.67 14.33 32 32 32h464c8.84 0 16-7.16 16-16v-16c0-8.84-7.16-16-16-16zm-387.2-48h22.4c6.4 0 12.8-6.4 12.8-12.8v-70.4c0-6.4-6.4-12.8-12.8-12.8h-22.4c-6.4 0-12.8 6.4-12.8 12.8v70.4c0 6.4 6.4 12.8 12.8 12.8z\" class=\"\"><\/path><\/svg><\/i> <img loading=\"lazy\" decoding=\"async\" width=\"16\" height=\"16\" alt=\"Loading\" src=\"https:\/\/www.cubodeideas.com\/blog\/wp-content\/plugins\/page-views-count\/ajax-loader-2x.gif\" border=0 \/><\/p>\n<div class=\"pvc_clear\"><\/div>\n","protected":false},"excerpt":{"rendered":"<p>La consolidaci\u00f3n del cambio y la sostenibilidad son aspectos cruciales para el \u00e9xito a largo plazo de las peque\u00f1as y medianas empresas (pymes). Estos procesos no solo implican la implementaci\u00f3n efectiva de cambios, sino tambi\u00e9n asegurar que estos cambios sean duraderos y sigan aportando valor a la empresa en el futuro. En este art\u00edculo, exploramos [&hellip;]<\/p>\n<div class=\"pvc_clear\"><\/div>\n<p id=\"pvc_stats_1426\" class=\"pvc_stats all  \" data-element-id=\"1426\" style=\"\"><i class=\"pvc-stats-icon medium\" aria-hidden=\"true\"><svg aria-hidden=\"true\" focusable=\"false\" data-prefix=\"far\" data-icon=\"chart-bar\" role=\"img\" xmlns=\"http:\/\/www.w3.org\/2000\/svg\" viewBox=\"0 0 512 512\" class=\"svg-inline--fa fa-chart-bar fa-w-16 fa-2x\"><path fill=\"currentColor\" d=\"M396.8 352h22.4c6.4 0 12.8-6.4 12.8-12.8V108.8c0-6.4-6.4-12.8-12.8-12.8h-22.4c-6.4 0-12.8 6.4-12.8 12.8v230.4c0 6.4 6.4 12.8 12.8 12.8zm-192 0h22.4c6.4 0 12.8-6.4 12.8-12.8V140.8c0-6.4-6.4-12.8-12.8-12.8h-22.4c-6.4 0-12.8 6.4-12.8 12.8v198.4c0 6.4 6.4 12.8 12.8 12.8zm96 0h22.4c6.4 0 12.8-6.4 12.8-12.8V204.8c0-6.4-6.4-12.8-12.8-12.8h-22.4c-6.4 0-12.8 6.4-12.8 12.8v134.4c0 6.4 6.4 12.8 12.8 12.8zM496 400H48V80c0-8.84-7.16-16-16-16H16C7.16 64 0 71.16 0 80v336c0 17.67 14.33 32 32 32h464c8.84 0 16-7.16 16-16v-16c0-8.84-7.16-16-16-16zm-387.2-48h22.4c6.4 0 12.8-6.4 12.8-12.8v-70.4c0-6.4-6.4-12.8-12.8-12.8h-22.4c-6.4 0-12.8 6.4-12.8 12.8v70.4c0 6.4 6.4 12.8 12.8 12.8z\" class=\"\"><\/path><\/svg><\/i> <img loading=\"lazy\" decoding=\"async\" width=\"16\" height=\"16\" alt=\"Loading\" src=\"https:\/\/www.cubodeideas.com\/blog\/wp-content\/plugins\/page-views-count\/ajax-loader-2x.gif\" border=0 \/><\/p>\n<div class=\"pvc_clear\"><\/div>\n","protected":false},"author":1,"featured_media":1427,"comment_status":"open","ping_status":"closed","sticky":false,"template":"","format":"standard","meta":{"footnotes":"","jetpack_publicize_message":"","jetpack_publicize_feature_enabled":true,"jetpack_social_post_already_shared":false,"jetpack_social_options":{"image_generator_settings":{"template":"highway","default_image_id":0,"font":"","enabled":false},"version":2}},"categories":[13],"tags":[510,491,95,263,511],"class_list":["post-1426","post","type-post","status-publish","format-standard","has-post-thumbnail","hentry","category-negocios","tag-consolidacion-de-cambios","tag-desarrollo-organizacional","tag-gestion-del-cambio","tag-liderazgo-empresarial","tag-sostenibilidad-en-pymes"],"blocksy_meta":[],"yoast_head":"<!-- This site is optimized with the Yoast SEO plugin v27.0 - https:\/\/yoast.com\/product\/yoast-seo-wordpress\/ -->\n<title>Consolidaci\u00f3n del cambio y sostenibilidad en Pymes -<\/title>\n<meta name=\"description\" content=\"Explora estrategias efectivas para consolidar y sostener cambios en pymes, asegurando un impacto duradero y positivo en tu negocio.\" \/>\n<meta name=\"robots\" content=\"index, follow, max-snippet:-1, max-image-preview:large, max-video-preview:-1\" \/>\n<link rel=\"canonical\" href=\"https:\/\/www.cubodeideas.com\/blog\/negocios\/consolidacion-del-cambio-y-sostenibilidad-en-pymes\/\" \/>\n<meta property=\"og:locale\" content=\"es_ES\" \/>\n<meta property=\"og:type\" content=\"article\" \/>\n<meta property=\"og:title\" content=\"Consolidaci\u00f3n del cambio y sostenibilidad en Pymes -\" \/>\n<meta property=\"og:description\" content=\"Explora estrategias efectivas para consolidar y sostener cambios en pymes, asegurando un impacto duradero y positivo en tu negocio.\" \/>\n<meta property=\"og:url\" content=\"https:\/\/www.cubodeideas.com\/blog\/negocios\/consolidacion-del-cambio-y-sostenibilidad-en-pymes\/\" \/>\n<meta property=\"article:publisher\" content=\"https:\/\/www.facebook.com\/somoscubodeideas\" \/>\n<meta property=\"article:published_time\" content=\"2024-02-04T06:15:54+00:00\" \/>\n<meta property=\"og:image\" content=\"https:\/\/www.cubodeideas.com\/blog\/wp-content\/uploads\/2024\/02\/evaluation-1516644_1280.jpg\" \/>\n\t<meta property=\"og:image:width\" content=\"1280\" \/>\n\t<meta property=\"og:image:height\" content=\"853\" \/>\n\t<meta property=\"og:image:type\" content=\"image\/jpeg\" \/>\n<meta name=\"author\" content=\"Noel Castro\" \/>\n<meta name=\"twitter:card\" content=\"summary_large_image\" \/>\n<meta name=\"twitter:creator\" content=\"@cubo_ideas\" \/>\n<meta name=\"twitter:site\" content=\"@cubo_ideas\" \/>\n<meta name=\"twitter:label1\" content=\"Escrito por\" \/>\n\t<meta name=\"twitter:data1\" content=\"Noel Castro\" \/>\n\t<meta name=\"twitter:label2\" content=\"Tiempo de lectura\" \/>\n\t<meta name=\"twitter:data2\" content=\"3 minutos\" \/>\n<script type=\"application\/ld+json\" class=\"yoast-schema-graph\">{\"@context\":\"https:\/\/schema.org\",\"@graph\":[{\"@type\":\"Article\",\"@id\":\"https:\/\/www.cubodeideas.com\/blog\/negocios\/consolidacion-del-cambio-y-sostenibilidad-en-pymes\/#article\",\"isPartOf\":{\"@id\":\"https:\/\/www.cubodeideas.com\/blog\/negocios\/consolidacion-del-cambio-y-sostenibilidad-en-pymes\/\"},\"author\":{\"name\":\"Noel Castro\",\"@id\":\"https:\/\/www.cubodeideas.com\/blog\/#\/schema\/person\/5614e43eb76109017cff51a2c7928211\"},\"headline\":\"Consolidaci\u00f3n del cambio y sostenibilidad en Pymes\",\"datePublished\":\"2024-02-04T06:15:54+00:00\",\"mainEntityOfPage\":{\"@id\":\"https:\/\/www.cubodeideas.com\/blog\/negocios\/consolidacion-del-cambio-y-sostenibilidad-en-pymes\/\"},\"wordCount\":660,\"commentCount\":0,\"publisher\":{\"@id\":\"https:\/\/www.cubodeideas.com\/blog\/#organization\"},\"image\":{\"@id\":\"https:\/\/www.cubodeideas.com\/blog\/negocios\/consolidacion-del-cambio-y-sostenibilidad-en-pymes\/#primaryimage\"},\"thumbnailUrl\":\"https:\/\/www.cubodeideas.com\/blog\/wp-content\/uploads\/2024\/02\/evaluation-1516644_1280.jpg\",\"keywords\":[\"Consolidaci\u00f3n de Cambios\",\"Desarrollo Organizacional\",\"gesti\u00f3n del cambio\",\"Liderazgo Empresarial\",\"Sostenibilidad en Pymes\"],\"articleSection\":[\"Negocios\"],\"inLanguage\":\"es\",\"potentialAction\":[{\"@type\":\"CommentAction\",\"name\":\"Comment\",\"target\":[\"https:\/\/www.cubodeideas.com\/blog\/negocios\/consolidacion-del-cambio-y-sostenibilidad-en-pymes\/#respond\"]}]},{\"@type\":\"WebPage\",\"@id\":\"https:\/\/www.cubodeideas.com\/blog\/negocios\/consolidacion-del-cambio-y-sostenibilidad-en-pymes\/\",\"url\":\"https:\/\/www.cubodeideas.com\/blog\/negocios\/consolidacion-del-cambio-y-sostenibilidad-en-pymes\/\",\"name\":\"Consolidaci\u00f3n del cambio y sostenibilidad en Pymes -\",\"isPartOf\":{\"@id\":\"https:\/\/www.cubodeideas.com\/blog\/#website\"},\"primaryImageOfPage\":{\"@id\":\"https:\/\/www.cubodeideas.com\/blog\/negocios\/consolidacion-del-cambio-y-sostenibilidad-en-pymes\/#primaryimage\"},\"image\":{\"@id\":\"https:\/\/www.cubodeideas.com\/blog\/negocios\/consolidacion-del-cambio-y-sostenibilidad-en-pymes\/#primaryimage\"},\"thumbnailUrl\":\"https:\/\/www.cubodeideas.com\/blog\/wp-content\/uploads\/2024\/02\/evaluation-1516644_1280.jpg\",\"datePublished\":\"2024-02-04T06:15:54+00:00\",\"description\":\"Explora estrategias efectivas para consolidar y sostener cambios en pymes, asegurando un impacto duradero y positivo en tu negocio.\",\"breadcrumb\":{\"@id\":\"https:\/\/www.cubodeideas.com\/blog\/negocios\/consolidacion-del-cambio-y-sostenibilidad-en-pymes\/#breadcrumb\"},\"inLanguage\":\"es\",\"potentialAction\":[{\"@type\":\"ReadAction\",\"target\":[\"https:\/\/www.cubodeideas.com\/blog\/negocios\/consolidacion-del-cambio-y-sostenibilidad-en-pymes\/\"]}]},{\"@type\":\"ImageObject\",\"inLanguage\":\"es\",\"@id\":\"https:\/\/www.cubodeideas.com\/blog\/negocios\/consolidacion-del-cambio-y-sostenibilidad-en-pymes\/#primaryimage\",\"url\":\"https:\/\/www.cubodeideas.com\/blog\/wp-content\/uploads\/2024\/02\/evaluation-1516644_1280.jpg\",\"contentUrl\":\"https:\/\/www.cubodeideas.com\/blog\/wp-content\/uploads\/2024\/02\/evaluation-1516644_1280.jpg\",\"width\":1280,\"height\":853,\"caption\":\"sostenibilidad pyme\"},{\"@type\":\"BreadcrumbList\",\"@id\":\"https:\/\/www.cubodeideas.com\/blog\/negocios\/consolidacion-del-cambio-y-sostenibilidad-en-pymes\/#breadcrumb\",\"itemListElement\":[{\"@type\":\"ListItem\",\"position\":1,\"name\":\"Portada\",\"item\":\"https:\/\/www.cubodeideas.com\/blog\/\"},{\"@type\":\"ListItem\",\"position\":2,\"name\":\"Consolidaci\u00f3n del cambio y sostenibilidad en Pymes\"}]},{\"@type\":\"WebSite\",\"@id\":\"https:\/\/www.cubodeideas.com\/blog\/#website\",\"url\":\"https:\/\/www.cubodeideas.com\/blog\/\",\"name\":\"Cubo de Ideas\",\"description\":\"Cubo de Ideas, El Blog\",\"publisher\":{\"@id\":\"https:\/\/www.cubodeideas.com\/blog\/#organization\"},\"potentialAction\":[{\"@type\":\"SearchAction\",\"target\":{\"@type\":\"EntryPoint\",\"urlTemplate\":\"https:\/\/www.cubodeideas.com\/blog\/?s={search_term_string}\"},\"query-input\":{\"@type\":\"PropertyValueSpecification\",\"valueRequired\":true,\"valueName\":\"search_term_string\"}}],\"inLanguage\":\"es\"},{\"@type\":\"Organization\",\"@id\":\"https:\/\/www.cubodeideas.com\/blog\/#organization\",\"name\":\"Cubo de Ideas\",\"url\":\"https:\/\/www.cubodeideas.com\/blog\/\",\"logo\":{\"@type\":\"ImageObject\",\"inLanguage\":\"es\",\"@id\":\"https:\/\/www.cubodeideas.com\/blog\/#\/schema\/logo\/image\/\",\"url\":\"https:\/\/www.cubodeideas.com\/blog\/wp-content\/uploads\/2021\/10\/android-icon-72x72-1.png\",\"contentUrl\":\"https:\/\/www.cubodeideas.com\/blog\/wp-content\/uploads\/2021\/10\/android-icon-72x72-1.png\",\"width\":72,\"height\":72,\"caption\":\"Cubo de Ideas\"},\"image\":{\"@id\":\"https:\/\/www.cubodeideas.com\/blog\/#\/schema\/logo\/image\/\"},\"sameAs\":[\"https:\/\/www.facebook.com\/somoscubodeideas\",\"https:\/\/x.com\/cubo_ideas\",\"https:\/\/www.instagram.com\/cubodeideas\"]},{\"@type\":\"Person\",\"@id\":\"https:\/\/www.cubodeideas.com\/blog\/#\/schema\/person\/5614e43eb76109017cff51a2c7928211\",\"name\":\"Noel Castro\",\"description\":\"LEM Noel Castro Monta\u00f1o es CEO de Cubo de Ideas, Director de Operaciones para Citosa Textiles. Asesor de nuevos mercados y estrategias digitales para el segmento Retail. Especialista en marketing para autoservicios y puntos de venta. Especialista en sistemas de gesti\u00f3n de la calidad con enfoque a la ISO 9001:2015\",\"sameAs\":[\"https:\/\/www.cubodeideas.com\/blog\"],\"url\":\"https:\/\/www.cubodeideas.com\/blog\/author\/admin\/\"}]}<\/script>\n<!-- \/ Yoast SEO plugin. -->","yoast_head_json":{"title":"Consolidaci\u00f3n del cambio y sostenibilidad en Pymes -","description":"Explora estrategias efectivas para consolidar y sostener cambios en pymes, asegurando un impacto duradero y positivo en tu negocio.","robots":{"index":"index","follow":"follow","max-snippet":"max-snippet:-1","max-image-preview":"max-image-preview:large","max-video-preview":"max-video-preview:-1"},"canonical":"https:\/\/www.cubodeideas.com\/blog\/negocios\/consolidacion-del-cambio-y-sostenibilidad-en-pymes\/","og_locale":"es_ES","og_type":"article","og_title":"Consolidaci\u00f3n del cambio y sostenibilidad en Pymes -","og_description":"Explora estrategias efectivas para consolidar y sostener cambios en pymes, asegurando un impacto duradero y positivo en tu negocio.","og_url":"https:\/\/www.cubodeideas.com\/blog\/negocios\/consolidacion-del-cambio-y-sostenibilidad-en-pymes\/","article_publisher":"https:\/\/www.facebook.com\/somoscubodeideas","article_published_time":"2024-02-04T06:15:54+00:00","og_image":[{"width":1280,"height":853,"url":"https:\/\/www.cubodeideas.com\/blog\/wp-content\/uploads\/2024\/02\/evaluation-1516644_1280.jpg","type":"image\/jpeg"}],"author":"Noel Castro","twitter_card":"summary_large_image","twitter_creator":"@cubo_ideas","twitter_site":"@cubo_ideas","twitter_misc":{"Escrito por":"Noel Castro","Tiempo de lectura":"3 minutos"},"schema":{"@context":"https:\/\/schema.org","@graph":[{"@type":"Article","@id":"https:\/\/www.cubodeideas.com\/blog\/negocios\/consolidacion-del-cambio-y-sostenibilidad-en-pymes\/#article","isPartOf":{"@id":"https:\/\/www.cubodeideas.com\/blog\/negocios\/consolidacion-del-cambio-y-sostenibilidad-en-pymes\/"},"author":{"name":"Noel Castro","@id":"https:\/\/www.cubodeideas.com\/blog\/#\/schema\/person\/5614e43eb76109017cff51a2c7928211"},"headline":"Consolidaci\u00f3n del cambio y sostenibilidad en Pymes","datePublished":"2024-02-04T06:15:54+00:00","mainEntityOfPage":{"@id":"https:\/\/www.cubodeideas.com\/blog\/negocios\/consolidacion-del-cambio-y-sostenibilidad-en-pymes\/"},"wordCount":660,"commentCount":0,"publisher":{"@id":"https:\/\/www.cubodeideas.com\/blog\/#organization"},"image":{"@id":"https:\/\/www.cubodeideas.com\/blog\/negocios\/consolidacion-del-cambio-y-sostenibilidad-en-pymes\/#primaryimage"},"thumbnailUrl":"https:\/\/www.cubodeideas.com\/blog\/wp-content\/uploads\/2024\/02\/evaluation-1516644_1280.jpg","keywords":["Consolidaci\u00f3n de Cambios","Desarrollo Organizacional","gesti\u00f3n del cambio","Liderazgo Empresarial","Sostenibilidad en Pymes"],"articleSection":["Negocios"],"inLanguage":"es","potentialAction":[{"@type":"CommentAction","name":"Comment","target":["https:\/\/www.cubodeideas.com\/blog\/negocios\/consolidacion-del-cambio-y-sostenibilidad-en-pymes\/#respond"]}]},{"@type":"WebPage","@id":"https:\/\/www.cubodeideas.com\/blog\/negocios\/consolidacion-del-cambio-y-sostenibilidad-en-pymes\/","url":"https:\/\/www.cubodeideas.com\/blog\/negocios\/consolidacion-del-cambio-y-sostenibilidad-en-pymes\/","name":"Consolidaci\u00f3n del cambio y sostenibilidad en Pymes -","isPartOf":{"@id":"https:\/\/www.cubodeideas.com\/blog\/#website"},"primaryImageOfPage":{"@id":"https:\/\/www.cubodeideas.com\/blog\/negocios\/consolidacion-del-cambio-y-sostenibilidad-en-pymes\/#primaryimage"},"image":{"@id":"https:\/\/www.cubodeideas.com\/blog\/negocios\/consolidacion-del-cambio-y-sostenibilidad-en-pymes\/#primaryimage"},"thumbnailUrl":"https:\/\/www.cubodeideas.com\/blog\/wp-content\/uploads\/2024\/02\/evaluation-1516644_1280.jpg","datePublished":"2024-02-04T06:15:54+00:00","description":"Explora estrategias efectivas para consolidar y sostener cambios en pymes, asegurando un impacto duradero y positivo en tu negocio.","breadcrumb":{"@id":"https:\/\/www.cubodeideas.com\/blog\/negocios\/consolidacion-del-cambio-y-sostenibilidad-en-pymes\/#breadcrumb"},"inLanguage":"es","potentialAction":[{"@type":"ReadAction","target":["https:\/\/www.cubodeideas.com\/blog\/negocios\/consolidacion-del-cambio-y-sostenibilidad-en-pymes\/"]}]},{"@type":"ImageObject","inLanguage":"es","@id":"https:\/\/www.cubodeideas.com\/blog\/negocios\/consolidacion-del-cambio-y-sostenibilidad-en-pymes\/#primaryimage","url":"https:\/\/www.cubodeideas.com\/blog\/wp-content\/uploads\/2024\/02\/evaluation-1516644_1280.jpg","contentUrl":"https:\/\/www.cubodeideas.com\/blog\/wp-content\/uploads\/2024\/02\/evaluation-1516644_1280.jpg","width":1280,"height":853,"caption":"sostenibilidad pyme"},{"@type":"BreadcrumbList","@id":"https:\/\/www.cubodeideas.com\/blog\/negocios\/consolidacion-del-cambio-y-sostenibilidad-en-pymes\/#breadcrumb","itemListElement":[{"@type":"ListItem","position":1,"name":"Portada","item":"https:\/\/www.cubodeideas.com\/blog\/"},{"@type":"ListItem","position":2,"name":"Consolidaci\u00f3n del cambio y sostenibilidad en Pymes"}]},{"@type":"WebSite","@id":"https:\/\/www.cubodeideas.com\/blog\/#website","url":"https:\/\/www.cubodeideas.com\/blog\/","name":"Cubo de Ideas","description":"Cubo de Ideas, El Blog","publisher":{"@id":"https:\/\/www.cubodeideas.com\/blog\/#organization"},"potentialAction":[{"@type":"SearchAction","target":{"@type":"EntryPoint","urlTemplate":"https:\/\/www.cubodeideas.com\/blog\/?s={search_term_string}"},"query-input":{"@type":"PropertyValueSpecification","valueRequired":true,"valueName":"search_term_string"}}],"inLanguage":"es"},{"@type":"Organization","@id":"https:\/\/www.cubodeideas.com\/blog\/#organization","name":"Cubo de Ideas","url":"https:\/\/www.cubodeideas.com\/blog\/","logo":{"@type":"ImageObject","inLanguage":"es","@id":"https:\/\/www.cubodeideas.com\/blog\/#\/schema\/logo\/image\/","url":"https:\/\/www.cubodeideas.com\/blog\/wp-content\/uploads\/2021\/10\/android-icon-72x72-1.png","contentUrl":"https:\/\/www.cubodeideas.com\/blog\/wp-content\/uploads\/2021\/10\/android-icon-72x72-1.png","width":72,"height":72,"caption":"Cubo de Ideas"},"image":{"@id":"https:\/\/www.cubodeideas.com\/blog\/#\/schema\/logo\/image\/"},"sameAs":["https:\/\/www.facebook.com\/somoscubodeideas","https:\/\/x.com\/cubo_ideas","https:\/\/www.instagram.com\/cubodeideas"]},{"@type":"Person","@id":"https:\/\/www.cubodeideas.com\/blog\/#\/schema\/person\/5614e43eb76109017cff51a2c7928211","name":"Noel Castro","description":"LEM Noel Castro Monta\u00f1o es CEO de Cubo de Ideas, Director de Operaciones para Citosa Textiles. Asesor de nuevos mercados y estrategias digitales para el segmento Retail. Especialista en marketing para autoservicios y puntos de venta. Especialista en sistemas de gesti\u00f3n de la calidad con enfoque a la ISO 9001:2015","sameAs":["https:\/\/www.cubodeideas.com\/blog"],"url":"https:\/\/www.cubodeideas.com\/blog\/author\/admin\/"}]}},"jetpack_publicize_connections":[],"_links":{"self":[{"href":"https:\/\/www.cubodeideas.com\/blog\/wp-json\/wp\/v2\/posts\/1426","targetHints":{"allow":["GET"]}}],"collection":[{"href":"https:\/\/www.cubodeideas.com\/blog\/wp-json\/wp\/v2\/posts"}],"about":[{"href":"https:\/\/www.cubodeideas.com\/blog\/wp-json\/wp\/v2\/types\/post"}],"author":[{"embeddable":true,"href":"https:\/\/www.cubodeideas.com\/blog\/wp-json\/wp\/v2\/users\/1"}],"replies":[{"embeddable":true,"href":"https:\/\/www.cubodeideas.com\/blog\/wp-json\/wp\/v2\/comments?post=1426"}],"version-history":[{"count":1,"href":"https:\/\/www.cubodeideas.com\/blog\/wp-json\/wp\/v2\/posts\/1426\/revisions"}],"predecessor-version":[{"id":1428,"href":"https:\/\/www.cubodeideas.com\/blog\/wp-json\/wp\/v2\/posts\/1426\/revisions\/1428"}],"wp:featuredmedia":[{"embeddable":true,"href":"https:\/\/www.cubodeideas.com\/blog\/wp-json\/wp\/v2\/media\/1427"}],"wp:attachment":[{"href":"https:\/\/www.cubodeideas.com\/blog\/wp-json\/wp\/v2\/media?parent=1426"}],"wp:term":[{"taxonomy":"category","embeddable":true,"href":"https:\/\/www.cubodeideas.com\/blog\/wp-json\/wp\/v2\/categories?post=1426"},{"taxonomy":"post_tag","embeddable":true,"href":"https:\/\/www.cubodeideas.com\/blog\/wp-json\/wp\/v2\/tags?post=1426"}],"curies":[{"name":"wp","href":"https:\/\/api.w.org\/{rel}","templated":true}]}}