{"id":1423,"date":"2024-02-04T06:12:22","date_gmt":"2024-02-04T06:12:22","guid":{"rendered":"https:\/\/www.cubodeideas.com\/blog\/?p=1423"},"modified":"2024-02-04T06:12:22","modified_gmt":"2024-02-04T06:12:22","slug":"monitoreo-y-evaluacion-del-cambio","status":"publish","type":"post","link":"https:\/\/www.cubodeideas.com\/blog\/negocios\/monitoreo-y-evaluacion-del-cambio\/","title":{"rendered":"Monitoreo y evaluaci\u00f3n del cambio"},"content":{"rendered":"<p>La gesti\u00f3n exitosa del cambio en las peque\u00f1as y medianas empresas (pymes) no termina con la implementaci\u00f3n de nuevas estrategias o procesos; requiere un monitoreo y evaluaci\u00f3n continuos para asegurar la efectividad y el ajuste de las iniciativas de cambio. Este art\u00edculo proporciona una gu\u00eda detallada sobre c\u00f3mo los l\u00edderes de pymes pueden efectivamente monitorear y evaluar los esfuerzos de cambio, garantizando que estos aporten al crecimiento y \u00e9xito sostenible de la empresa.<\/p>\n<h2>La Importancia del Monitoreo y Evaluaci\u00f3n en la Gesti\u00f3n del Cambio<\/h2>\n<p>Para asegurar que los cambios implementados sean efectivos y alineados con los objetivos estrat\u00e9gicos de la empresa, es crucial realizar un seguimiento continuo y una evaluaci\u00f3n detallada.<\/p>\n<h3>Estableciendo M\u00e9tricas y KPIs para el Cambio<\/h3>\n<h4>Definici\u00f3n de Indicadores Clave de Rendimiento (KPIs)<\/h4>\n<p>El primer paso en el monitoreo efectivo es establecer indicadores clave de rendimiento que est\u00e9n directamente relacionados con los objetivos del cambio. Estos KPIs deben ser medibles, relevantes y alineados con las metas a largo plazo de la empresa.<\/p>\n<h4>Utilizaci\u00f3n de M\u00e9tricas para Medir el Progreso<\/h4>\n<p>Las m\u00e9tricas seleccionadas deben utilizarse para medir continuamente el progreso del cambio. Esto incluye el seguimiento del rendimiento antes, durante y despu\u00e9s de la implementaci\u00f3n del cambio para evaluar su impacto y eficacia.<\/p>\n<h3>Evaluaci\u00f3n Continua del Impacto del Cambio<\/h3>\n<h4>An\u00e1lisis Regular del Rendimiento<\/h4>\n<p>Realizar an\u00e1lisis regulares del rendimiento y del impacto del cambio es fundamental. Esto ayuda a identificar r\u00e1pidamente \u00e1reas que requieren ajustes o mejoras adicionales, asegurando que el cambio se mantenga en el camino correcto.<\/p>\n<h4>Retroalimentaci\u00f3n de los Empleados y Stakeholders<\/h4>\n<p>Obtener retroalimentaci\u00f3n de los empleados y otros stakeholders es una parte valiosa del proceso de evaluaci\u00f3n. Sus percepciones y experiencias pueden proporcionar insights cr\u00edticos sobre la efectividad del cambio y \u00e1reas que pueden haber sido pasadas por alto.<\/p>\n<h2>T\u00e9cnicas para Monitorear y Evaluar el Cambio<\/h2>\n<h3>Uso de Herramientas y Sistemas de Monitoreo<\/h3>\n<h4>Adopci\u00f3n de Tecnolog\u00eda para el Seguimiento del Cambio<\/h4>\n<p>La tecnolog\u00eda puede ser una aliada poderosa en el monitoreo del cambio. Herramientas como software de gesti\u00f3n de proyectos, sistemas de an\u00e1lisis de datos y plataformas de feedback pueden proporcionar una visi\u00f3n clara del progreso y la eficacia del cambio.<\/p>\n<h4>Integraci\u00f3n de Sistemas de Monitoreo en la Operativa Diaria<\/h4>\n<p>Integrar sistemas de monitoreo en la operativa diaria asegura que la evaluaci\u00f3n del cambio se convierta en una parte rutinaria del negocio. Esto facilita la recopilaci\u00f3n continua de datos y permite realizar ajustes en tiempo real.<\/p>\n<h3>Fomentando una Cultura de Evaluaci\u00f3n y Mejora Continua<\/h3>\n<h4>Creaci\u00f3n de una Mentalidad Abierta al Cambio<\/h4>\n<p>Para que el monitoreo y la evaluaci\u00f3n sean efectivos, es esencial fomentar una cultura organizacional que valore la mejora continua y est\u00e9 abierta al cambio. Los l\u00edderes deben promover esta mentalidad, demostrando su compromiso con el aprendizaje y la adaptaci\u00f3n constantes.<\/p>\n<h4>Celebraci\u00f3n de \u00c9xitos y Aprendizaje de los Desaf\u00edos<\/h4>\n<p>Celebrar los \u00e9xitos y aprender de los desaf\u00edos son aspectos cr\u00edticos de la evaluaci\u00f3n del cambio. Reconocer los logros fomenta la motivaci\u00f3n y el compromiso del equipo, mientras que analizar y aprender de los obst\u00e1culos ayuda a mejorar las futuras iniciativas de cambio.<\/p>\n<h2>Conclusi\u00f3n<\/h2>\n<p>El monitoreo y la evaluaci\u00f3n efectivos son componentes esenciales en la gesti\u00f3n del cambio, especialmente en las pymes donde los recursos pueden ser limitados y los m\u00e1rgenes de error peque\u00f1os. Al adoptar un enfoque estrat\u00e9gico y met\u00f3dico para el seguimiento del cambio, los l\u00edderes de pymes pueden garantizar que sus esfuerzos de transformaci\u00f3n no solo sean efectivos, sino que tambi\u00e9n contribuyan al crecimiento y \u00e9xito a largo plazo de su empresa.<\/p>\n<p>&nbsp;<\/p>\n<p>Imagen de <a href=\"https:\/\/pixabay.com\/es\/users\/wokandapix-614097\/?utm_source=link-attribution&amp;utm_medium=referral&amp;utm_campaign=image&amp;utm_content=2372181\">WOKANDAPIX<\/a> en <a href=\"https:\/\/pixabay.com\/es\/\/?utm_source=link-attribution&amp;utm_medium=referral&amp;utm_campaign=image&amp;utm_content=2372181\">Pixabay<\/a><\/p>\n<div class=\"pvc_clear\"><\/div>\n<p id=\"pvc_stats_1423\" class=\"pvc_stats all  \" data-element-id=\"1423\" style=\"\"><i class=\"pvc-stats-icon medium\" aria-hidden=\"true\"><svg aria-hidden=\"true\" focusable=\"false\" data-prefix=\"far\" data-icon=\"chart-bar\" role=\"img\" xmlns=\"http:\/\/www.w3.org\/2000\/svg\" viewBox=\"0 0 512 512\" class=\"svg-inline--fa fa-chart-bar fa-w-16 fa-2x\"><path fill=\"currentColor\" d=\"M396.8 352h22.4c6.4 0 12.8-6.4 12.8-12.8V108.8c0-6.4-6.4-12.8-12.8-12.8h-22.4c-6.4 0-12.8 6.4-12.8 12.8v230.4c0 6.4 6.4 12.8 12.8 12.8zm-192 0h22.4c6.4 0 12.8-6.4 12.8-12.8V140.8c0-6.4-6.4-12.8-12.8-12.8h-22.4c-6.4 0-12.8 6.4-12.8 12.8v198.4c0 6.4 6.4 12.8 12.8 12.8zm96 0h22.4c6.4 0 12.8-6.4 12.8-12.8V204.8c0-6.4-6.4-12.8-12.8-12.8h-22.4c-6.4 0-12.8 6.4-12.8 12.8v134.4c0 6.4 6.4 12.8 12.8 12.8zM496 400H48V80c0-8.84-7.16-16-16-16H16C7.16 64 0 71.16 0 80v336c0 17.67 14.33 32 32 32h464c8.84 0 16-7.16 16-16v-16c0-8.84-7.16-16-16-16zm-387.2-48h22.4c6.4 0 12.8-6.4 12.8-12.8v-70.4c0-6.4-6.4-12.8-12.8-12.8h-22.4c-6.4 0-12.8 6.4-12.8 12.8v70.4c0 6.4 6.4 12.8 12.8 12.8z\" class=\"\"><\/path><\/svg><\/i> <img loading=\"lazy\" decoding=\"async\" width=\"16\" height=\"16\" alt=\"Loading\" src=\"https:\/\/www.cubodeideas.com\/blog\/wp-content\/plugins\/page-views-count\/ajax-loader-2x.gif\" border=0 \/><\/p>\n<div class=\"pvc_clear\"><\/div>\n","protected":false},"excerpt":{"rendered":"<p>La gesti\u00f3n exitosa del cambio en las peque\u00f1as y medianas empresas (pymes) no termina con la implementaci\u00f3n de nuevas estrategias o procesos; requiere un monitoreo y evaluaci\u00f3n continuos para asegurar la efectividad y el ajuste de las iniciativas de cambio. Este art\u00edculo proporciona una gu\u00eda detallada sobre c\u00f3mo los l\u00edderes de pymes pueden efectivamente monitorear [&hellip;]<\/p>\n<div class=\"pvc_clear\"><\/div>\n<p id=\"pvc_stats_1423\" class=\"pvc_stats all  \" data-element-id=\"1423\" style=\"\"><i class=\"pvc-stats-icon medium\" aria-hidden=\"true\"><svg aria-hidden=\"true\" focusable=\"false\" data-prefix=\"far\" data-icon=\"chart-bar\" role=\"img\" xmlns=\"http:\/\/www.w3.org\/2000\/svg\" viewBox=\"0 0 512 512\" class=\"svg-inline--fa fa-chart-bar fa-w-16 fa-2x\"><path fill=\"currentColor\" d=\"M396.8 352h22.4c6.4 0 12.8-6.4 12.8-12.8V108.8c0-6.4-6.4-12.8-12.8-12.8h-22.4c-6.4 0-12.8 6.4-12.8 12.8v230.4c0 6.4 6.4 12.8 12.8 12.8zm-192 0h22.4c6.4 0 12.8-6.4 12.8-12.8V140.8c0-6.4-6.4-12.8-12.8-12.8h-22.4c-6.4 0-12.8 6.4-12.8 12.8v198.4c0 6.4 6.4 12.8 12.8 12.8zm96 0h22.4c6.4 0 12.8-6.4 12.8-12.8V204.8c0-6.4-6.4-12.8-12.8-12.8h-22.4c-6.4 0-12.8 6.4-12.8 12.8v134.4c0 6.4 6.4 12.8 12.8 12.8zM496 400H48V80c0-8.84-7.16-16-16-16H16C7.16 64 0 71.16 0 80v336c0 17.67 14.33 32 32 32h464c8.84 0 16-7.16 16-16v-16c0-8.84-7.16-16-16-16zm-387.2-48h22.4c6.4 0 12.8-6.4 12.8-12.8v-70.4c0-6.4-6.4-12.8-12.8-12.8h-22.4c-6.4 0-12.8 6.4-12.8 12.8v70.4c0 6.4 6.4 12.8 12.8 12.8z\" class=\"\"><\/path><\/svg><\/i> <img loading=\"lazy\" decoding=\"async\" width=\"16\" height=\"16\" alt=\"Loading\" src=\"https:\/\/www.cubodeideas.com\/blog\/wp-content\/plugins\/page-views-count\/ajax-loader-2x.gif\" border=0 \/><\/p>\n<div class=\"pvc_clear\"><\/div>\n","protected":false},"author":1,"featured_media":1424,"comment_status":"open","ping_status":"closed","sticky":false,"template":"","format":"standard","meta":{"footnotes":"","jetpack_publicize_message":"","jetpack_publicize_feature_enabled":true,"jetpack_social_post_already_shared":false,"jetpack_social_options":{"image_generator_settings":{"template":"highway","default_image_id":0,"font":"","enabled":false},"version":2}},"categories":[13],"tags":[123,95,509,508,45],"class_list":["post-1423","post","type-post","status-publish","format-standard","has-post-thumbnail","hentry","category-negocios","tag-estrategias-empresariales","tag-gestion-del-cambio","tag-liderazgo-en-cambio","tag-monitoreo-y-evaluacion","tag-pymes"],"blocksy_meta":[],"yoast_head":"<!-- This site is optimized with the Yoast SEO plugin v27.0 - https:\/\/yoast.com\/product\/yoast-seo-wordpress\/ -->\n<title>Monitoreo y evaluaci\u00f3n del cambio -<\/title>\n<meta name=\"description\" content=\"Descubre c\u00f3mo monitorear y evaluar de manera efectiva los procesos de cambio en tu PYME para garantizar resultados exitosos y sostenibles.\" \/>\n<meta name=\"robots\" content=\"index, follow, max-snippet:-1, max-image-preview:large, max-video-preview:-1\" \/>\n<link rel=\"canonical\" href=\"https:\/\/www.cubodeideas.com\/blog\/negocios\/monitoreo-y-evaluacion-del-cambio\/\" \/>\n<meta property=\"og:locale\" content=\"es_ES\" \/>\n<meta property=\"og:type\" content=\"article\" \/>\n<meta property=\"og:title\" content=\"Monitoreo y evaluaci\u00f3n del cambio -\" \/>\n<meta property=\"og:description\" content=\"Descubre c\u00f3mo monitorear y evaluar de manera efectiva los procesos de cambio en tu PYME para garantizar resultados exitosos y sostenibles.\" \/>\n<meta property=\"og:url\" content=\"https:\/\/www.cubodeideas.com\/blog\/negocios\/monitoreo-y-evaluacion-del-cambio\/\" \/>\n<meta property=\"article:publisher\" content=\"https:\/\/www.facebook.com\/somoscubodeideas\" \/>\n<meta property=\"article:published_time\" content=\"2024-02-04T06:12:22+00:00\" \/>\n<meta property=\"og:image\" content=\"https:\/\/www.cubodeideas.com\/blog\/wp-content\/uploads\/2024\/02\/assess-2372181_1280.jpg\" \/>\n\t<meta property=\"og:image:width\" content=\"1280\" \/>\n\t<meta property=\"og:image:height\" content=\"855\" \/>\n\t<meta property=\"og:image:type\" content=\"image\/jpeg\" \/>\n<meta name=\"author\" content=\"Noel Castro\" \/>\n<meta name=\"twitter:card\" content=\"summary_large_image\" \/>\n<meta name=\"twitter:creator\" content=\"@cubo_ideas\" \/>\n<meta name=\"twitter:site\" content=\"@cubo_ideas\" \/>\n<meta name=\"twitter:label1\" content=\"Escrito por\" \/>\n\t<meta name=\"twitter:data1\" content=\"Noel Castro\" \/>\n\t<meta name=\"twitter:label2\" content=\"Tiempo de lectura\" \/>\n\t<meta name=\"twitter:data2\" content=\"3 minutos\" \/>\n<script type=\"application\/ld+json\" class=\"yoast-schema-graph\">{\"@context\":\"https:\/\/schema.org\",\"@graph\":[{\"@type\":\"Article\",\"@id\":\"https:\/\/www.cubodeideas.com\/blog\/negocios\/monitoreo-y-evaluacion-del-cambio\/#article\",\"isPartOf\":{\"@id\":\"https:\/\/www.cubodeideas.com\/blog\/negocios\/monitoreo-y-evaluacion-del-cambio\/\"},\"author\":{\"name\":\"Noel Castro\",\"@id\":\"https:\/\/www.cubodeideas.com\/blog\/#\/schema\/person\/5614e43eb76109017cff51a2c7928211\"},\"headline\":\"Monitoreo y evaluaci\u00f3n del cambio\",\"datePublished\":\"2024-02-04T06:12:22+00:00\",\"mainEntityOfPage\":{\"@id\":\"https:\/\/www.cubodeideas.com\/blog\/negocios\/monitoreo-y-evaluacion-del-cambio\/\"},\"wordCount\":650,\"commentCount\":0,\"publisher\":{\"@id\":\"https:\/\/www.cubodeideas.com\/blog\/#organization\"},\"image\":{\"@id\":\"https:\/\/www.cubodeideas.com\/blog\/negocios\/monitoreo-y-evaluacion-del-cambio\/#primaryimage\"},\"thumbnailUrl\":\"https:\/\/www.cubodeideas.com\/blog\/wp-content\/uploads\/2024\/02\/assess-2372181_1280.jpg\",\"keywords\":[\"Estrategias empresariales\",\"gesti\u00f3n del cambio\",\"Liderazgo en Cambio\",\"Monitoreo y Evaluaci\u00f3n\",\"PyMES\"],\"articleSection\":[\"Negocios\"],\"inLanguage\":\"es\",\"potentialAction\":[{\"@type\":\"CommentAction\",\"name\":\"Comment\",\"target\":[\"https:\/\/www.cubodeideas.com\/blog\/negocios\/monitoreo-y-evaluacion-del-cambio\/#respond\"]}]},{\"@type\":\"WebPage\",\"@id\":\"https:\/\/www.cubodeideas.com\/blog\/negocios\/monitoreo-y-evaluacion-del-cambio\/\",\"url\":\"https:\/\/www.cubodeideas.com\/blog\/negocios\/monitoreo-y-evaluacion-del-cambio\/\",\"name\":\"Monitoreo y evaluaci\u00f3n del cambio -\",\"isPartOf\":{\"@id\":\"https:\/\/www.cubodeideas.com\/blog\/#website\"},\"primaryImageOfPage\":{\"@id\":\"https:\/\/www.cubodeideas.com\/blog\/negocios\/monitoreo-y-evaluacion-del-cambio\/#primaryimage\"},\"image\":{\"@id\":\"https:\/\/www.cubodeideas.com\/blog\/negocios\/monitoreo-y-evaluacion-del-cambio\/#primaryimage\"},\"thumbnailUrl\":\"https:\/\/www.cubodeideas.com\/blog\/wp-content\/uploads\/2024\/02\/assess-2372181_1280.jpg\",\"datePublished\":\"2024-02-04T06:12:22+00:00\",\"description\":\"Descubre c\u00f3mo monitorear y evaluar de manera efectiva los procesos de cambio en tu PYME para garantizar resultados exitosos y sostenibles.\",\"breadcrumb\":{\"@id\":\"https:\/\/www.cubodeideas.com\/blog\/negocios\/monitoreo-y-evaluacion-del-cambio\/#breadcrumb\"},\"inLanguage\":\"es\",\"potentialAction\":[{\"@type\":\"ReadAction\",\"target\":[\"https:\/\/www.cubodeideas.com\/blog\/negocios\/monitoreo-y-evaluacion-del-cambio\/\"]}]},{\"@type\":\"ImageObject\",\"inLanguage\":\"es\",\"@id\":\"https:\/\/www.cubodeideas.com\/blog\/negocios\/monitoreo-y-evaluacion-del-cambio\/#primaryimage\",\"url\":\"https:\/\/www.cubodeideas.com\/blog\/wp-content\/uploads\/2024\/02\/assess-2372181_1280.jpg\",\"contentUrl\":\"https:\/\/www.cubodeideas.com\/blog\/wp-content\/uploads\/2024\/02\/assess-2372181_1280.jpg\",\"width\":1280,\"height\":855,\"caption\":\"Monitoreo y evaluaci\u00f3n del cambio\"},{\"@type\":\"BreadcrumbList\",\"@id\":\"https:\/\/www.cubodeideas.com\/blog\/negocios\/monitoreo-y-evaluacion-del-cambio\/#breadcrumb\",\"itemListElement\":[{\"@type\":\"ListItem\",\"position\":1,\"name\":\"Portada\",\"item\":\"https:\/\/www.cubodeideas.com\/blog\/\"},{\"@type\":\"ListItem\",\"position\":2,\"name\":\"Monitoreo y evaluaci\u00f3n del cambio\"}]},{\"@type\":\"WebSite\",\"@id\":\"https:\/\/www.cubodeideas.com\/blog\/#website\",\"url\":\"https:\/\/www.cubodeideas.com\/blog\/\",\"name\":\"Cubo de Ideas\",\"description\":\"Cubo de Ideas, El Blog\",\"publisher\":{\"@id\":\"https:\/\/www.cubodeideas.com\/blog\/#organization\"},\"potentialAction\":[{\"@type\":\"SearchAction\",\"target\":{\"@type\":\"EntryPoint\",\"urlTemplate\":\"https:\/\/www.cubodeideas.com\/blog\/?s={search_term_string}\"},\"query-input\":{\"@type\":\"PropertyValueSpecification\",\"valueRequired\":true,\"valueName\":\"search_term_string\"}}],\"inLanguage\":\"es\"},{\"@type\":\"Organization\",\"@id\":\"https:\/\/www.cubodeideas.com\/blog\/#organization\",\"name\":\"Cubo de Ideas\",\"url\":\"https:\/\/www.cubodeideas.com\/blog\/\",\"logo\":{\"@type\":\"ImageObject\",\"inLanguage\":\"es\",\"@id\":\"https:\/\/www.cubodeideas.com\/blog\/#\/schema\/logo\/image\/\",\"url\":\"https:\/\/www.cubodeideas.com\/blog\/wp-content\/uploads\/2021\/10\/android-icon-72x72-1.png\",\"contentUrl\":\"https:\/\/www.cubodeideas.com\/blog\/wp-content\/uploads\/2021\/10\/android-icon-72x72-1.png\",\"width\":72,\"height\":72,\"caption\":\"Cubo de Ideas\"},\"image\":{\"@id\":\"https:\/\/www.cubodeideas.com\/blog\/#\/schema\/logo\/image\/\"},\"sameAs\":[\"https:\/\/www.facebook.com\/somoscubodeideas\",\"https:\/\/x.com\/cubo_ideas\",\"https:\/\/www.instagram.com\/cubodeideas\"]},{\"@type\":\"Person\",\"@id\":\"https:\/\/www.cubodeideas.com\/blog\/#\/schema\/person\/5614e43eb76109017cff51a2c7928211\",\"name\":\"Noel Castro\",\"description\":\"LEM Noel Castro Monta\u00f1o es CEO de Cubo de Ideas, Director de Operaciones para Citosa Textiles. Asesor de nuevos mercados y estrategias digitales para el segmento Retail. Especialista en marketing para autoservicios y puntos de venta. Especialista en sistemas de gesti\u00f3n de la calidad con enfoque a la ISO 9001:2015\",\"sameAs\":[\"https:\/\/www.cubodeideas.com\/blog\"],\"url\":\"https:\/\/www.cubodeideas.com\/blog\/author\/admin\/\"}]}<\/script>\n<!-- \/ Yoast SEO plugin. -->","yoast_head_json":{"title":"Monitoreo y evaluaci\u00f3n del cambio -","description":"Descubre c\u00f3mo monitorear y evaluar de manera efectiva los procesos de cambio en tu PYME para garantizar resultados exitosos y sostenibles.","robots":{"index":"index","follow":"follow","max-snippet":"max-snippet:-1","max-image-preview":"max-image-preview:large","max-video-preview":"max-video-preview:-1"},"canonical":"https:\/\/www.cubodeideas.com\/blog\/negocios\/monitoreo-y-evaluacion-del-cambio\/","og_locale":"es_ES","og_type":"article","og_title":"Monitoreo y evaluaci\u00f3n del cambio -","og_description":"Descubre c\u00f3mo monitorear y evaluar de manera efectiva los procesos de cambio en tu PYME para garantizar resultados exitosos y sostenibles.","og_url":"https:\/\/www.cubodeideas.com\/blog\/negocios\/monitoreo-y-evaluacion-del-cambio\/","article_publisher":"https:\/\/www.facebook.com\/somoscubodeideas","article_published_time":"2024-02-04T06:12:22+00:00","og_image":[{"width":1280,"height":855,"url":"https:\/\/www.cubodeideas.com\/blog\/wp-content\/uploads\/2024\/02\/assess-2372181_1280.jpg","type":"image\/jpeg"}],"author":"Noel Castro","twitter_card":"summary_large_image","twitter_creator":"@cubo_ideas","twitter_site":"@cubo_ideas","twitter_misc":{"Escrito por":"Noel Castro","Tiempo de lectura":"3 minutos"},"schema":{"@context":"https:\/\/schema.org","@graph":[{"@type":"Article","@id":"https:\/\/www.cubodeideas.com\/blog\/negocios\/monitoreo-y-evaluacion-del-cambio\/#article","isPartOf":{"@id":"https:\/\/www.cubodeideas.com\/blog\/negocios\/monitoreo-y-evaluacion-del-cambio\/"},"author":{"name":"Noel Castro","@id":"https:\/\/www.cubodeideas.com\/blog\/#\/schema\/person\/5614e43eb76109017cff51a2c7928211"},"headline":"Monitoreo y evaluaci\u00f3n del cambio","datePublished":"2024-02-04T06:12:22+00:00","mainEntityOfPage":{"@id":"https:\/\/www.cubodeideas.com\/blog\/negocios\/monitoreo-y-evaluacion-del-cambio\/"},"wordCount":650,"commentCount":0,"publisher":{"@id":"https:\/\/www.cubodeideas.com\/blog\/#organization"},"image":{"@id":"https:\/\/www.cubodeideas.com\/blog\/negocios\/monitoreo-y-evaluacion-del-cambio\/#primaryimage"},"thumbnailUrl":"https:\/\/www.cubodeideas.com\/blog\/wp-content\/uploads\/2024\/02\/assess-2372181_1280.jpg","keywords":["Estrategias empresariales","gesti\u00f3n del cambio","Liderazgo en Cambio","Monitoreo y Evaluaci\u00f3n","PyMES"],"articleSection":["Negocios"],"inLanguage":"es","potentialAction":[{"@type":"CommentAction","name":"Comment","target":["https:\/\/www.cubodeideas.com\/blog\/negocios\/monitoreo-y-evaluacion-del-cambio\/#respond"]}]},{"@type":"WebPage","@id":"https:\/\/www.cubodeideas.com\/blog\/negocios\/monitoreo-y-evaluacion-del-cambio\/","url":"https:\/\/www.cubodeideas.com\/blog\/negocios\/monitoreo-y-evaluacion-del-cambio\/","name":"Monitoreo y evaluaci\u00f3n del cambio -","isPartOf":{"@id":"https:\/\/www.cubodeideas.com\/blog\/#website"},"primaryImageOfPage":{"@id":"https:\/\/www.cubodeideas.com\/blog\/negocios\/monitoreo-y-evaluacion-del-cambio\/#primaryimage"},"image":{"@id":"https:\/\/www.cubodeideas.com\/blog\/negocios\/monitoreo-y-evaluacion-del-cambio\/#primaryimage"},"thumbnailUrl":"https:\/\/www.cubodeideas.com\/blog\/wp-content\/uploads\/2024\/02\/assess-2372181_1280.jpg","datePublished":"2024-02-04T06:12:22+00:00","description":"Descubre c\u00f3mo monitorear y evaluar de manera efectiva los procesos de cambio en tu PYME para garantizar resultados exitosos y sostenibles.","breadcrumb":{"@id":"https:\/\/www.cubodeideas.com\/blog\/negocios\/monitoreo-y-evaluacion-del-cambio\/#breadcrumb"},"inLanguage":"es","potentialAction":[{"@type":"ReadAction","target":["https:\/\/www.cubodeideas.com\/blog\/negocios\/monitoreo-y-evaluacion-del-cambio\/"]}]},{"@type":"ImageObject","inLanguage":"es","@id":"https:\/\/www.cubodeideas.com\/blog\/negocios\/monitoreo-y-evaluacion-del-cambio\/#primaryimage","url":"https:\/\/www.cubodeideas.com\/blog\/wp-content\/uploads\/2024\/02\/assess-2372181_1280.jpg","contentUrl":"https:\/\/www.cubodeideas.com\/blog\/wp-content\/uploads\/2024\/02\/assess-2372181_1280.jpg","width":1280,"height":855,"caption":"Monitoreo y evaluaci\u00f3n del cambio"},{"@type":"BreadcrumbList","@id":"https:\/\/www.cubodeideas.com\/blog\/negocios\/monitoreo-y-evaluacion-del-cambio\/#breadcrumb","itemListElement":[{"@type":"ListItem","position":1,"name":"Portada","item":"https:\/\/www.cubodeideas.com\/blog\/"},{"@type":"ListItem","position":2,"name":"Monitoreo y evaluaci\u00f3n del cambio"}]},{"@type":"WebSite","@id":"https:\/\/www.cubodeideas.com\/blog\/#website","url":"https:\/\/www.cubodeideas.com\/blog\/","name":"Cubo de Ideas","description":"Cubo de Ideas, El Blog","publisher":{"@id":"https:\/\/www.cubodeideas.com\/blog\/#organization"},"potentialAction":[{"@type":"SearchAction","target":{"@type":"EntryPoint","urlTemplate":"https:\/\/www.cubodeideas.com\/blog\/?s={search_term_string}"},"query-input":{"@type":"PropertyValueSpecification","valueRequired":true,"valueName":"search_term_string"}}],"inLanguage":"es"},{"@type":"Organization","@id":"https:\/\/www.cubodeideas.com\/blog\/#organization","name":"Cubo de Ideas","url":"https:\/\/www.cubodeideas.com\/blog\/","logo":{"@type":"ImageObject","inLanguage":"es","@id":"https:\/\/www.cubodeideas.com\/blog\/#\/schema\/logo\/image\/","url":"https:\/\/www.cubodeideas.com\/blog\/wp-content\/uploads\/2021\/10\/android-icon-72x72-1.png","contentUrl":"https:\/\/www.cubodeideas.com\/blog\/wp-content\/uploads\/2021\/10\/android-icon-72x72-1.png","width":72,"height":72,"caption":"Cubo de Ideas"},"image":{"@id":"https:\/\/www.cubodeideas.com\/blog\/#\/schema\/logo\/image\/"},"sameAs":["https:\/\/www.facebook.com\/somoscubodeideas","https:\/\/x.com\/cubo_ideas","https:\/\/www.instagram.com\/cubodeideas"]},{"@type":"Person","@id":"https:\/\/www.cubodeideas.com\/blog\/#\/schema\/person\/5614e43eb76109017cff51a2c7928211","name":"Noel Castro","description":"LEM Noel Castro Monta\u00f1o es CEO de Cubo de Ideas, Director de Operaciones para Citosa Textiles. Asesor de nuevos mercados y estrategias digitales para el segmento Retail. Especialista en marketing para autoservicios y puntos de venta. Especialista en sistemas de gesti\u00f3n de la calidad con enfoque a la ISO 9001:2015","sameAs":["https:\/\/www.cubodeideas.com\/blog"],"url":"https:\/\/www.cubodeideas.com\/blog\/author\/admin\/"}]}},"jetpack_publicize_connections":[],"_links":{"self":[{"href":"https:\/\/www.cubodeideas.com\/blog\/wp-json\/wp\/v2\/posts\/1423","targetHints":{"allow":["GET"]}}],"collection":[{"href":"https:\/\/www.cubodeideas.com\/blog\/wp-json\/wp\/v2\/posts"}],"about":[{"href":"https:\/\/www.cubodeideas.com\/blog\/wp-json\/wp\/v2\/types\/post"}],"author":[{"embeddable":true,"href":"https:\/\/www.cubodeideas.com\/blog\/wp-json\/wp\/v2\/users\/1"}],"replies":[{"embeddable":true,"href":"https:\/\/www.cubodeideas.com\/blog\/wp-json\/wp\/v2\/comments?post=1423"}],"version-history":[{"count":1,"href":"https:\/\/www.cubodeideas.com\/blog\/wp-json\/wp\/v2\/posts\/1423\/revisions"}],"predecessor-version":[{"id":1425,"href":"https:\/\/www.cubodeideas.com\/blog\/wp-json\/wp\/v2\/posts\/1423\/revisions\/1425"}],"wp:featuredmedia":[{"embeddable":true,"href":"https:\/\/www.cubodeideas.com\/blog\/wp-json\/wp\/v2\/media\/1424"}],"wp:attachment":[{"href":"https:\/\/www.cubodeideas.com\/blog\/wp-json\/wp\/v2\/media?parent=1423"}],"wp:term":[{"taxonomy":"category","embeddable":true,"href":"https:\/\/www.cubodeideas.com\/blog\/wp-json\/wp\/v2\/categories?post=1423"},{"taxonomy":"post_tag","embeddable":true,"href":"https:\/\/www.cubodeideas.com\/blog\/wp-json\/wp\/v2\/tags?post=1423"}],"curies":[{"name":"wp","href":"https:\/\/api.w.org\/{rel}","templated":true}]}}