{"id":1420,"date":"2024-02-04T06:07:35","date_gmt":"2024-02-04T06:07:35","guid":{"rendered":"https:\/\/www.cubodeideas.com\/blog\/?p=1420"},"modified":"2024-02-04T06:07:35","modified_gmt":"2024-02-04T06:07:35","slug":"gestion-de-la-resistencia-al-cambio","status":"publish","type":"post","link":"https:\/\/www.cubodeideas.com\/blog\/negocios\/gestion-de-la-resistencia-al-cambio\/","title":{"rendered":"Gesti\u00f3n de la resistencia al cambio"},"content":{"rendered":"<p>La resistencia al cambio es un fen\u00f3meno com\u00fan en todas las organizaciones, y las peque\u00f1as y medianas empresas (pymes) no son la excepci\u00f3n. La gesti\u00f3n eficaz de la resistencia al cambio es crucial para asegurar una transici\u00f3n exitosa hacia nuevos procesos, estrategias o culturas organizacionales. Este art\u00edculo explora c\u00f3mo los l\u00edderes de pymes pueden identificar, entender y gestionar la resistencia al cambio, garantizando as\u00ed el \u00e9xito de sus iniciativas de transformaci\u00f3n.<\/p>\n<h2>Comprendiendo la Resistencia al Cambio en Pymes<\/h2>\n<p>El primer paso para gestionar la resistencia al cambio es comprender sus causas y manifestaciones.<\/p>\n<h3>Identificaci\u00f3n de las Causas de la Resistencia<\/h3>\n<h4>Miedo a lo Desconocido<\/h4>\n<p>Uno de los factores m\u00e1s comunes detr\u00e1s de la resistencia al cambio es el miedo a lo desconocido. Los empleados pueden estar c\u00f3modos con los procesos y estructuras actuales y, por lo tanto, cualquier alteraci\u00f3n puede generar incertidumbre y ansiedad.<\/p>\n<h4>Percepci\u00f3n de Impacto Negativo<\/h4>\n<p>La resistencia tambi\u00e9n puede surgir cuando los empleados perciben que el cambio tendr\u00e1 un impacto negativo en sus roles o en la seguridad laboral. Es crucial abordar estas preocupaciones de manera transparente y emp\u00e1tica.<\/p>\n<h3>Manifestaciones de la Resistencia en el Entorno Laboral<\/h3>\n<h4>Desmotivaci\u00f3n y Baja Productividad<\/h4>\n<p>La resistencia al cambio a menudo se manifiesta en forma de desmotivaci\u00f3n y baja productividad. Los l\u00edderes deben estar atentos a estos signos y actuar r\u00e1pidamente para abordar las causas subyacentes.<\/p>\n<h4>Comunicaci\u00f3n Negativa y Rumores<\/h4>\n<p>Otra manifestaci\u00f3n com\u00fan es la propagaci\u00f3n de comunicaci\u00f3n negativa y rumores entre los empleados. Esto puede da\u00f1ar el ambiente de trabajo y obstaculizar a\u00fan m\u00e1s el proceso de cambio.<\/p>\n<h2>Estrategias Efectivas para Gestionar la Resistencia al Cambio<\/h2>\n<p>Una vez identificadas las causas y manifestaciones de la resistencia, los l\u00edderes pueden emplear estrategias espec\u00edficas para gestionarla de manera efectiva.<\/p>\n<h3>Comunicaci\u00f3n Clara y Transparente<\/h3>\n<h4>Informaci\u00f3n Oportuna y Detallada<\/h4>\n<p>Proporcionar informaci\u00f3n oportuna y detallada sobre el cambio es esencial para reducir la incertidumbre. Los l\u00edderes deben comunicar los objetivos del cambio, c\u00f3mo afectar\u00e1 a la empresa y a los empleados, y los beneficios esperados de manera clara y concisa.<\/p>\n<h4>Canales de Comunicaci\u00f3n Bidireccionales<\/h4>\n<p>Establecer canales de comunicaci\u00f3n bidireccionales donde los empleados puedan expresar sus preocupaciones y hacer preguntas es vital. Esto no solo ayuda a aclarar dudas, sino que tambi\u00e9n hace que los empleados se sientan escuchados y valorados.<\/p>\n<h3>Involucrar a los Empleados en el Proceso de Cambio<\/h3>\n<h4>Participaci\u00f3n en la Planificaci\u00f3n y Ejecuci\u00f3n<\/h4>\n<p>Involucrar a los empleados en la planificaci\u00f3n y ejecuci\u00f3n del cambio puede reducir significativamente la resistencia. Esto puede implicar formar equipos de cambio, solicitar feedback y permitir que los empleados participen en la toma de decisiones.<\/p>\n<h4>Formaci\u00f3n y Desarrollo<\/h4>\n<p>Proporcionar formaci\u00f3n y oportunidades de desarrollo relacionadas con el cambio puede ayudar a los empleados a sentirse m\u00e1s preparados y seguros. Esto incluye capacitaci\u00f3n en nuevas herramientas, procesos o habilidades necesarias para adaptarse al cambio.<\/p>\n<h2>Consolidando el Cambio en la Cultura Organizacional<\/h2>\n<p>Para garantizar que el cambio sea duradero, debe ser integrado en la cultura organizacional.<\/p>\n<h3>Refuerzo y Reconocimiento<\/h3>\n<h4>Celebrar \u00c9xitos y Reconocer Contribuciones<\/h4>\n<p>Celebrar los \u00e9xitos tempranos y reconocer las contribuciones de los empleados al proceso de cambio es crucial. Esto no solo refuerza el cambio, sino que tambi\u00e9n motiva al equipo a seguir participando activamente.<\/p>\n<h4>Evaluaci\u00f3n Continua y Ajustes<\/h4>\n<p>Una evaluaci\u00f3n continua del proceso de cambio y la disposici\u00f3n para realizar ajustes seg\u00fan sea necesario son esenciales para mantener el impulso y garantizar el \u00e9xito a largo plazo.<\/p>\n<h2>Conclusi\u00f3n<\/h2>\n<p>La gesti\u00f3n de la resistencia al cambio es un desaf\u00edo importante para los l\u00edderes de pymes, pero con las estrategias adecuadas, puede convertirse en una oportunidad para fortalecer la empresa y fomentar un entorno de trabajo m\u00e1s din\u00e1mico y adaptable. Al abordar las causas de la resistencia, comunicarse eficazmente, involucrar a los empleados y reforzar los cambios, los l\u00edderes pueden facilitar una transici\u00f3n exitosa y asegurar el futuro sostenible de su organizaci\u00f3n.<\/p>\n<p>&nbsp;<\/p>\n<p>&nbsp;<\/p>\n<p>Imagen de <a href=\"https:\/\/pixabay.com\/es\/users\/geralt-9301\/?utm_source=link-attribution&amp;utm_medium=referral&amp;utm_campaign=image&amp;utm_content=4058861\">Gerd Altmann<\/a> en <a href=\"https:\/\/pixabay.com\/es\/\/?utm_source=link-attribution&amp;utm_medium=referral&amp;utm_campaign=image&amp;utm_content=4058861\">Pixabay<\/a><\/p>\n<div class=\"pvc_clear\"><\/div>\n<p id=\"pvc_stats_1420\" class=\"pvc_stats all  \" data-element-id=\"1420\" style=\"\"><i class=\"pvc-stats-icon medium\" aria-hidden=\"true\"><svg aria-hidden=\"true\" focusable=\"false\" data-prefix=\"far\" data-icon=\"chart-bar\" role=\"img\" xmlns=\"http:\/\/www.w3.org\/2000\/svg\" viewBox=\"0 0 512 512\" class=\"svg-inline--fa fa-chart-bar fa-w-16 fa-2x\"><path fill=\"currentColor\" d=\"M396.8 352h22.4c6.4 0 12.8-6.4 12.8-12.8V108.8c0-6.4-6.4-12.8-12.8-12.8h-22.4c-6.4 0-12.8 6.4-12.8 12.8v230.4c0 6.4 6.4 12.8 12.8 12.8zm-192 0h22.4c6.4 0 12.8-6.4 12.8-12.8V140.8c0-6.4-6.4-12.8-12.8-12.8h-22.4c-6.4 0-12.8 6.4-12.8 12.8v198.4c0 6.4 6.4 12.8 12.8 12.8zm96 0h22.4c6.4 0 12.8-6.4 12.8-12.8V204.8c0-6.4-6.4-12.8-12.8-12.8h-22.4c-6.4 0-12.8 6.4-12.8 12.8v134.4c0 6.4 6.4 12.8 12.8 12.8zM496 400H48V80c0-8.84-7.16-16-16-16H16C7.16 64 0 71.16 0 80v336c0 17.67 14.33 32 32 32h464c8.84 0 16-7.16 16-16v-16c0-8.84-7.16-16-16-16zm-387.2-48h22.4c6.4 0 12.8-6.4 12.8-12.8v-70.4c0-6.4-6.4-12.8-12.8-12.8h-22.4c-6.4 0-12.8 6.4-12.8 12.8v70.4c0 6.4 6.4 12.8 12.8 12.8z\" class=\"\"><\/path><\/svg><\/i> <img loading=\"lazy\" decoding=\"async\" width=\"16\" height=\"16\" alt=\"Loading\" src=\"https:\/\/www.cubodeideas.com\/blog\/wp-content\/plugins\/page-views-count\/ajax-loader-2x.gif\" border=0 \/><\/p>\n<div class=\"pvc_clear\"><\/div>\n","protected":false},"excerpt":{"rendered":"<p>La resistencia al cambio es un fen\u00f3meno com\u00fan en todas las organizaciones, y las peque\u00f1as y medianas empresas (pymes) no son la excepci\u00f3n. La gesti\u00f3n eficaz de la resistencia al cambio es crucial para asegurar una transici\u00f3n exitosa hacia nuevos procesos, estrategias o culturas organizacionales. Este art\u00edculo explora c\u00f3mo los l\u00edderes de pymes pueden identificar, [&hellip;]<\/p>\n<div class=\"pvc_clear\"><\/div>\n<p id=\"pvc_stats_1420\" class=\"pvc_stats all  \" data-element-id=\"1420\" style=\"\"><i class=\"pvc-stats-icon medium\" aria-hidden=\"true\"><svg aria-hidden=\"true\" focusable=\"false\" data-prefix=\"far\" data-icon=\"chart-bar\" role=\"img\" xmlns=\"http:\/\/www.w3.org\/2000\/svg\" viewBox=\"0 0 512 512\" class=\"svg-inline--fa fa-chart-bar fa-w-16 fa-2x\"><path fill=\"currentColor\" d=\"M396.8 352h22.4c6.4 0 12.8-6.4 12.8-12.8V108.8c0-6.4-6.4-12.8-12.8-12.8h-22.4c-6.4 0-12.8 6.4-12.8 12.8v230.4c0 6.4 6.4 12.8 12.8 12.8zm-192 0h22.4c6.4 0 12.8-6.4 12.8-12.8V140.8c0-6.4-6.4-12.8-12.8-12.8h-22.4c-6.4 0-12.8 6.4-12.8 12.8v198.4c0 6.4 6.4 12.8 12.8 12.8zm96 0h22.4c6.4 0 12.8-6.4 12.8-12.8V204.8c0-6.4-6.4-12.8-12.8-12.8h-22.4c-6.4 0-12.8 6.4-12.8 12.8v134.4c0 6.4 6.4 12.8 12.8 12.8zM496 400H48V80c0-8.84-7.16-16-16-16H16C7.16 64 0 71.16 0 80v336c0 17.67 14.33 32 32 32h464c8.84 0 16-7.16 16-16v-16c0-8.84-7.16-16-16-16zm-387.2-48h22.4c6.4 0 12.8-6.4 12.8-12.8v-70.4c0-6.4-6.4-12.8-12.8-12.8h-22.4c-6.4 0-12.8 6.4-12.8 12.8v70.4c0 6.4 6.4 12.8 12.8 12.8z\" class=\"\"><\/path><\/svg><\/i> <img loading=\"lazy\" decoding=\"async\" width=\"16\" height=\"16\" alt=\"Loading\" src=\"https:\/\/www.cubodeideas.com\/blog\/wp-content\/plugins\/page-views-count\/ajax-loader-2x.gif\" border=0 \/><\/p>\n<div class=\"pvc_clear\"><\/div>\n","protected":false},"author":1,"featured_media":1421,"comment_status":"open","ping_status":"closed","sticky":false,"template":"","format":"standard","meta":{"footnotes":"","jetpack_publicize_message":"","jetpack_publicize_feature_enabled":true,"jetpack_social_post_already_shared":false,"jetpack_social_options":{"image_generator_settings":{"template":"highway","default_image_id":0,"font":"","enabled":false},"version":2}},"categories":[13],"tags":[491,123,95,500,507],"class_list":["post-1420","post","type-post","status-publish","format-standard","has-post-thumbnail","hentry","category-negocios","tag-desarrollo-organizacional","tag-estrategias-empresariales","tag-gestion-del-cambio","tag-liderazgo-en-pymes","tag-resistencia-al-cambio"],"blocksy_meta":[],"yoast_head":"<!-- This site is optimized with the Yoast SEO plugin v27.0 - https:\/\/yoast.com\/product\/yoast-seo-wordpress\/ -->\n<title>Gesti\u00f3n de la resistencia al cambio -<\/title>\n<meta name=\"description\" content=\"Descubre c\u00f3mo superar la resistencia al cambio en tu PYME con estrategias efectivas que aseguran una transici\u00f3n exitosa y sostenible.\" \/>\n<meta name=\"robots\" content=\"index, follow, max-snippet:-1, max-image-preview:large, max-video-preview:-1\" \/>\n<link rel=\"canonical\" href=\"https:\/\/www.cubodeideas.com\/blog\/negocios\/gestion-de-la-resistencia-al-cambio\/\" \/>\n<meta property=\"og:locale\" content=\"es_ES\" \/>\n<meta property=\"og:type\" content=\"article\" \/>\n<meta property=\"og:title\" content=\"Gesti\u00f3n de la resistencia al cambio -\" \/>\n<meta property=\"og:description\" content=\"Descubre c\u00f3mo superar la resistencia al cambio en tu PYME con estrategias efectivas que aseguran una transici\u00f3n exitosa y sostenible.\" \/>\n<meta property=\"og:url\" content=\"https:\/\/www.cubodeideas.com\/blog\/negocios\/gestion-de-la-resistencia-al-cambio\/\" \/>\n<meta property=\"article:publisher\" content=\"https:\/\/www.facebook.com\/somoscubodeideas\" \/>\n<meta property=\"article:published_time\" content=\"2024-02-04T06:07:35+00:00\" \/>\n<meta property=\"og:image\" content=\"https:\/\/www.cubodeideas.com\/blog\/wp-content\/uploads\/2024\/02\/index-finger-4058861_1280.jpg\" \/>\n\t<meta property=\"og:image:width\" content=\"1280\" \/>\n\t<meta property=\"og:image:height\" content=\"512\" \/>\n\t<meta property=\"og:image:type\" content=\"image\/jpeg\" \/>\n<meta name=\"author\" content=\"Noel Castro\" \/>\n<meta name=\"twitter:card\" content=\"summary_large_image\" \/>\n<meta name=\"twitter:creator\" content=\"@cubo_ideas\" \/>\n<meta name=\"twitter:site\" content=\"@cubo_ideas\" \/>\n<meta name=\"twitter:label1\" content=\"Escrito por\" \/>\n\t<meta name=\"twitter:data1\" content=\"Noel Castro\" \/>\n\t<meta name=\"twitter:label2\" content=\"Tiempo de lectura\" \/>\n\t<meta name=\"twitter:data2\" content=\"3 minutos\" \/>\n<script type=\"application\/ld+json\" class=\"yoast-schema-graph\">{\"@context\":\"https:\/\/schema.org\",\"@graph\":[{\"@type\":\"Article\",\"@id\":\"https:\/\/www.cubodeideas.com\/blog\/negocios\/gestion-de-la-resistencia-al-cambio\/#article\",\"isPartOf\":{\"@id\":\"https:\/\/www.cubodeideas.com\/blog\/negocios\/gestion-de-la-resistencia-al-cambio\/\"},\"author\":{\"name\":\"Noel Castro\",\"@id\":\"https:\/\/www.cubodeideas.com\/blog\/#\/schema\/person\/5614e43eb76109017cff51a2c7928211\"},\"headline\":\"Gesti\u00f3n de la resistencia al cambio\",\"datePublished\":\"2024-02-04T06:07:35+00:00\",\"mainEntityOfPage\":{\"@id\":\"https:\/\/www.cubodeideas.com\/blog\/negocios\/gestion-de-la-resistencia-al-cambio\/\"},\"wordCount\":710,\"commentCount\":0,\"publisher\":{\"@id\":\"https:\/\/www.cubodeideas.com\/blog\/#organization\"},\"image\":{\"@id\":\"https:\/\/www.cubodeideas.com\/blog\/negocios\/gestion-de-la-resistencia-al-cambio\/#primaryimage\"},\"thumbnailUrl\":\"https:\/\/www.cubodeideas.com\/blog\/wp-content\/uploads\/2024\/02\/index-finger-4058861_1280.jpg\",\"keywords\":[\"Desarrollo Organizacional\",\"Estrategias empresariales\",\"gesti\u00f3n del cambio\",\"Liderazgo en Pymes\",\"Resistencia al Cambio\"],\"articleSection\":[\"Negocios\"],\"inLanguage\":\"es\",\"potentialAction\":[{\"@type\":\"CommentAction\",\"name\":\"Comment\",\"target\":[\"https:\/\/www.cubodeideas.com\/blog\/negocios\/gestion-de-la-resistencia-al-cambio\/#respond\"]}]},{\"@type\":\"WebPage\",\"@id\":\"https:\/\/www.cubodeideas.com\/blog\/negocios\/gestion-de-la-resistencia-al-cambio\/\",\"url\":\"https:\/\/www.cubodeideas.com\/blog\/negocios\/gestion-de-la-resistencia-al-cambio\/\",\"name\":\"Gesti\u00f3n de la resistencia al cambio -\",\"isPartOf\":{\"@id\":\"https:\/\/www.cubodeideas.com\/blog\/#website\"},\"primaryImageOfPage\":{\"@id\":\"https:\/\/www.cubodeideas.com\/blog\/negocios\/gestion-de-la-resistencia-al-cambio\/#primaryimage\"},\"image\":{\"@id\":\"https:\/\/www.cubodeideas.com\/blog\/negocios\/gestion-de-la-resistencia-al-cambio\/#primaryimage\"},\"thumbnailUrl\":\"https:\/\/www.cubodeideas.com\/blog\/wp-content\/uploads\/2024\/02\/index-finger-4058861_1280.jpg\",\"datePublished\":\"2024-02-04T06:07:35+00:00\",\"description\":\"Descubre c\u00f3mo superar la resistencia al cambio en tu PYME con estrategias efectivas que aseguran una transici\u00f3n exitosa y sostenible.\",\"breadcrumb\":{\"@id\":\"https:\/\/www.cubodeideas.com\/blog\/negocios\/gestion-de-la-resistencia-al-cambio\/#breadcrumb\"},\"inLanguage\":\"es\",\"potentialAction\":[{\"@type\":\"ReadAction\",\"target\":[\"https:\/\/www.cubodeideas.com\/blog\/negocios\/gestion-de-la-resistencia-al-cambio\/\"]}]},{\"@type\":\"ImageObject\",\"inLanguage\":\"es\",\"@id\":\"https:\/\/www.cubodeideas.com\/blog\/negocios\/gestion-de-la-resistencia-al-cambio\/#primaryimage\",\"url\":\"https:\/\/www.cubodeideas.com\/blog\/wp-content\/uploads\/2024\/02\/index-finger-4058861_1280.jpg\",\"contentUrl\":\"https:\/\/www.cubodeideas.com\/blog\/wp-content\/uploads\/2024\/02\/index-finger-4058861_1280.jpg\",\"width\":1280,\"height\":512,\"caption\":\"Gesti\u00f3n de la resistencia al cambio\"},{\"@type\":\"BreadcrumbList\",\"@id\":\"https:\/\/www.cubodeideas.com\/blog\/negocios\/gestion-de-la-resistencia-al-cambio\/#breadcrumb\",\"itemListElement\":[{\"@type\":\"ListItem\",\"position\":1,\"name\":\"Portada\",\"item\":\"https:\/\/www.cubodeideas.com\/blog\/\"},{\"@type\":\"ListItem\",\"position\":2,\"name\":\"Gesti\u00f3n de la resistencia al cambio\"}]},{\"@type\":\"WebSite\",\"@id\":\"https:\/\/www.cubodeideas.com\/blog\/#website\",\"url\":\"https:\/\/www.cubodeideas.com\/blog\/\",\"name\":\"Cubo de Ideas\",\"description\":\"Cubo de Ideas, El Blog\",\"publisher\":{\"@id\":\"https:\/\/www.cubodeideas.com\/blog\/#organization\"},\"potentialAction\":[{\"@type\":\"SearchAction\",\"target\":{\"@type\":\"EntryPoint\",\"urlTemplate\":\"https:\/\/www.cubodeideas.com\/blog\/?s={search_term_string}\"},\"query-input\":{\"@type\":\"PropertyValueSpecification\",\"valueRequired\":true,\"valueName\":\"search_term_string\"}}],\"inLanguage\":\"es\"},{\"@type\":\"Organization\",\"@id\":\"https:\/\/www.cubodeideas.com\/blog\/#organization\",\"name\":\"Cubo de Ideas\",\"url\":\"https:\/\/www.cubodeideas.com\/blog\/\",\"logo\":{\"@type\":\"ImageObject\",\"inLanguage\":\"es\",\"@id\":\"https:\/\/www.cubodeideas.com\/blog\/#\/schema\/logo\/image\/\",\"url\":\"https:\/\/www.cubodeideas.com\/blog\/wp-content\/uploads\/2021\/10\/android-icon-72x72-1.png\",\"contentUrl\":\"https:\/\/www.cubodeideas.com\/blog\/wp-content\/uploads\/2021\/10\/android-icon-72x72-1.png\",\"width\":72,\"height\":72,\"caption\":\"Cubo de Ideas\"},\"image\":{\"@id\":\"https:\/\/www.cubodeideas.com\/blog\/#\/schema\/logo\/image\/\"},\"sameAs\":[\"https:\/\/www.facebook.com\/somoscubodeideas\",\"https:\/\/x.com\/cubo_ideas\",\"https:\/\/www.instagram.com\/cubodeideas\"]},{\"@type\":\"Person\",\"@id\":\"https:\/\/www.cubodeideas.com\/blog\/#\/schema\/person\/5614e43eb76109017cff51a2c7928211\",\"name\":\"Noel Castro\",\"description\":\"LEM Noel Castro Monta\u00f1o es CEO de Cubo de Ideas, Director de Operaciones para Citosa Textiles. Asesor de nuevos mercados y estrategias digitales para el segmento Retail. Especialista en marketing para autoservicios y puntos de venta. Especialista en sistemas de gesti\u00f3n de la calidad con enfoque a la ISO 9001:2015\",\"sameAs\":[\"https:\/\/www.cubodeideas.com\/blog\"],\"url\":\"https:\/\/www.cubodeideas.com\/blog\/author\/admin\/\"}]}<\/script>\n<!-- \/ Yoast SEO plugin. -->","yoast_head_json":{"title":"Gesti\u00f3n de la resistencia al cambio -","description":"Descubre c\u00f3mo superar la resistencia al cambio en tu PYME con estrategias efectivas que aseguran una transici\u00f3n exitosa y sostenible.","robots":{"index":"index","follow":"follow","max-snippet":"max-snippet:-1","max-image-preview":"max-image-preview:large","max-video-preview":"max-video-preview:-1"},"canonical":"https:\/\/www.cubodeideas.com\/blog\/negocios\/gestion-de-la-resistencia-al-cambio\/","og_locale":"es_ES","og_type":"article","og_title":"Gesti\u00f3n de la resistencia al cambio -","og_description":"Descubre c\u00f3mo superar la resistencia al cambio en tu PYME con estrategias efectivas que aseguran una transici\u00f3n exitosa y sostenible.","og_url":"https:\/\/www.cubodeideas.com\/blog\/negocios\/gestion-de-la-resistencia-al-cambio\/","article_publisher":"https:\/\/www.facebook.com\/somoscubodeideas","article_published_time":"2024-02-04T06:07:35+00:00","og_image":[{"width":1280,"height":512,"url":"https:\/\/www.cubodeideas.com\/blog\/wp-content\/uploads\/2024\/02\/index-finger-4058861_1280.jpg","type":"image\/jpeg"}],"author":"Noel Castro","twitter_card":"summary_large_image","twitter_creator":"@cubo_ideas","twitter_site":"@cubo_ideas","twitter_misc":{"Escrito por":"Noel Castro","Tiempo de lectura":"3 minutos"},"schema":{"@context":"https:\/\/schema.org","@graph":[{"@type":"Article","@id":"https:\/\/www.cubodeideas.com\/blog\/negocios\/gestion-de-la-resistencia-al-cambio\/#article","isPartOf":{"@id":"https:\/\/www.cubodeideas.com\/blog\/negocios\/gestion-de-la-resistencia-al-cambio\/"},"author":{"name":"Noel Castro","@id":"https:\/\/www.cubodeideas.com\/blog\/#\/schema\/person\/5614e43eb76109017cff51a2c7928211"},"headline":"Gesti\u00f3n de la resistencia al cambio","datePublished":"2024-02-04T06:07:35+00:00","mainEntityOfPage":{"@id":"https:\/\/www.cubodeideas.com\/blog\/negocios\/gestion-de-la-resistencia-al-cambio\/"},"wordCount":710,"commentCount":0,"publisher":{"@id":"https:\/\/www.cubodeideas.com\/blog\/#organization"},"image":{"@id":"https:\/\/www.cubodeideas.com\/blog\/negocios\/gestion-de-la-resistencia-al-cambio\/#primaryimage"},"thumbnailUrl":"https:\/\/www.cubodeideas.com\/blog\/wp-content\/uploads\/2024\/02\/index-finger-4058861_1280.jpg","keywords":["Desarrollo Organizacional","Estrategias empresariales","gesti\u00f3n del cambio","Liderazgo en Pymes","Resistencia al Cambio"],"articleSection":["Negocios"],"inLanguage":"es","potentialAction":[{"@type":"CommentAction","name":"Comment","target":["https:\/\/www.cubodeideas.com\/blog\/negocios\/gestion-de-la-resistencia-al-cambio\/#respond"]}]},{"@type":"WebPage","@id":"https:\/\/www.cubodeideas.com\/blog\/negocios\/gestion-de-la-resistencia-al-cambio\/","url":"https:\/\/www.cubodeideas.com\/blog\/negocios\/gestion-de-la-resistencia-al-cambio\/","name":"Gesti\u00f3n de la resistencia al cambio -","isPartOf":{"@id":"https:\/\/www.cubodeideas.com\/blog\/#website"},"primaryImageOfPage":{"@id":"https:\/\/www.cubodeideas.com\/blog\/negocios\/gestion-de-la-resistencia-al-cambio\/#primaryimage"},"image":{"@id":"https:\/\/www.cubodeideas.com\/blog\/negocios\/gestion-de-la-resistencia-al-cambio\/#primaryimage"},"thumbnailUrl":"https:\/\/www.cubodeideas.com\/blog\/wp-content\/uploads\/2024\/02\/index-finger-4058861_1280.jpg","datePublished":"2024-02-04T06:07:35+00:00","description":"Descubre c\u00f3mo superar la resistencia al cambio en tu PYME con estrategias efectivas que aseguran una transici\u00f3n exitosa y sostenible.","breadcrumb":{"@id":"https:\/\/www.cubodeideas.com\/blog\/negocios\/gestion-de-la-resistencia-al-cambio\/#breadcrumb"},"inLanguage":"es","potentialAction":[{"@type":"ReadAction","target":["https:\/\/www.cubodeideas.com\/blog\/negocios\/gestion-de-la-resistencia-al-cambio\/"]}]},{"@type":"ImageObject","inLanguage":"es","@id":"https:\/\/www.cubodeideas.com\/blog\/negocios\/gestion-de-la-resistencia-al-cambio\/#primaryimage","url":"https:\/\/www.cubodeideas.com\/blog\/wp-content\/uploads\/2024\/02\/index-finger-4058861_1280.jpg","contentUrl":"https:\/\/www.cubodeideas.com\/blog\/wp-content\/uploads\/2024\/02\/index-finger-4058861_1280.jpg","width":1280,"height":512,"caption":"Gesti\u00f3n de la resistencia al cambio"},{"@type":"BreadcrumbList","@id":"https:\/\/www.cubodeideas.com\/blog\/negocios\/gestion-de-la-resistencia-al-cambio\/#breadcrumb","itemListElement":[{"@type":"ListItem","position":1,"name":"Portada","item":"https:\/\/www.cubodeideas.com\/blog\/"},{"@type":"ListItem","position":2,"name":"Gesti\u00f3n de la resistencia al cambio"}]},{"@type":"WebSite","@id":"https:\/\/www.cubodeideas.com\/blog\/#website","url":"https:\/\/www.cubodeideas.com\/blog\/","name":"Cubo de Ideas","description":"Cubo de Ideas, El Blog","publisher":{"@id":"https:\/\/www.cubodeideas.com\/blog\/#organization"},"potentialAction":[{"@type":"SearchAction","target":{"@type":"EntryPoint","urlTemplate":"https:\/\/www.cubodeideas.com\/blog\/?s={search_term_string}"},"query-input":{"@type":"PropertyValueSpecification","valueRequired":true,"valueName":"search_term_string"}}],"inLanguage":"es"},{"@type":"Organization","@id":"https:\/\/www.cubodeideas.com\/blog\/#organization","name":"Cubo de Ideas","url":"https:\/\/www.cubodeideas.com\/blog\/","logo":{"@type":"ImageObject","inLanguage":"es","@id":"https:\/\/www.cubodeideas.com\/blog\/#\/schema\/logo\/image\/","url":"https:\/\/www.cubodeideas.com\/blog\/wp-content\/uploads\/2021\/10\/android-icon-72x72-1.png","contentUrl":"https:\/\/www.cubodeideas.com\/blog\/wp-content\/uploads\/2021\/10\/android-icon-72x72-1.png","width":72,"height":72,"caption":"Cubo de Ideas"},"image":{"@id":"https:\/\/www.cubodeideas.com\/blog\/#\/schema\/logo\/image\/"},"sameAs":["https:\/\/www.facebook.com\/somoscubodeideas","https:\/\/x.com\/cubo_ideas","https:\/\/www.instagram.com\/cubodeideas"]},{"@type":"Person","@id":"https:\/\/www.cubodeideas.com\/blog\/#\/schema\/person\/5614e43eb76109017cff51a2c7928211","name":"Noel Castro","description":"LEM Noel Castro Monta\u00f1o es CEO de Cubo de Ideas, Director de Operaciones para Citosa Textiles. Asesor de nuevos mercados y estrategias digitales para el segmento Retail. Especialista en marketing para autoservicios y puntos de venta. Especialista en sistemas de gesti\u00f3n de la calidad con enfoque a la ISO 9001:2015","sameAs":["https:\/\/www.cubodeideas.com\/blog"],"url":"https:\/\/www.cubodeideas.com\/blog\/author\/admin\/"}]}},"jetpack_publicize_connections":[],"_links":{"self":[{"href":"https:\/\/www.cubodeideas.com\/blog\/wp-json\/wp\/v2\/posts\/1420","targetHints":{"allow":["GET"]}}],"collection":[{"href":"https:\/\/www.cubodeideas.com\/blog\/wp-json\/wp\/v2\/posts"}],"about":[{"href":"https:\/\/www.cubodeideas.com\/blog\/wp-json\/wp\/v2\/types\/post"}],"author":[{"embeddable":true,"href":"https:\/\/www.cubodeideas.com\/blog\/wp-json\/wp\/v2\/users\/1"}],"replies":[{"embeddable":true,"href":"https:\/\/www.cubodeideas.com\/blog\/wp-json\/wp\/v2\/comments?post=1420"}],"version-history":[{"count":1,"href":"https:\/\/www.cubodeideas.com\/blog\/wp-json\/wp\/v2\/posts\/1420\/revisions"}],"predecessor-version":[{"id":1422,"href":"https:\/\/www.cubodeideas.com\/blog\/wp-json\/wp\/v2\/posts\/1420\/revisions\/1422"}],"wp:featuredmedia":[{"embeddable":true,"href":"https:\/\/www.cubodeideas.com\/blog\/wp-json\/wp\/v2\/media\/1421"}],"wp:attachment":[{"href":"https:\/\/www.cubodeideas.com\/blog\/wp-json\/wp\/v2\/media?parent=1420"}],"wp:term":[{"taxonomy":"category","embeddable":true,"href":"https:\/\/www.cubodeideas.com\/blog\/wp-json\/wp\/v2\/categories?post=1420"},{"taxonomy":"post_tag","embeddable":true,"href":"https:\/\/www.cubodeideas.com\/blog\/wp-json\/wp\/v2\/tags?post=1420"}],"curies":[{"name":"wp","href":"https:\/\/api.w.org\/{rel}","templated":true}]}}