{"id":1414,"date":"2024-02-04T05:56:26","date_gmt":"2024-02-04T05:56:26","guid":{"rendered":"https:\/\/www.cubodeideas.com\/blog\/?p=1414"},"modified":"2024-02-04T05:56:26","modified_gmt":"2024-02-04T05:56:26","slug":"modelos-de-gestion-del-cambio-kotter-y-adkar-en-pymes","status":"publish","type":"post","link":"https:\/\/www.cubodeideas.com\/blog\/negocios\/modelos-de-gestion-del-cambio-kotter-y-adkar-en-pymes\/","title":{"rendered":"Modelos de gesti\u00f3n del cambio: Kotter y ADKAR en Pymes"},"content":{"rendered":"<p>La gesti\u00f3n del cambio es un proceso crucial para las peque\u00f1as y medianas empresas (pymes) que buscan adaptarse y prosperar en un entorno empresarial en constante evoluci\u00f3n. Comprender y aplicar modelos de gesti\u00f3n del cambio eficaces, como los desarrollados por Kotter y ADKAR, es fundamental para liderar con \u00e9xito a trav\u00e9s de la transici\u00f3n y la transformaci\u00f3n. Este art\u00edculo profundiza en c\u00f3mo estos modelos pueden ser implementados en pymes para facilitar cambios efectivos y sostenibles.<\/p>\n<h2>Explorando el Modelo de Kotter para la Gesti\u00f3n del Cambio<\/h2>\n<p>El modelo de Kotter, desarrollado por el profesor John Kotter, es un marco de ocho pasos para liderar el cambio exitosamente.<\/p>\n<h3>Los Ocho Pasos del Modelo de Kotter<\/h3>\n<div class=\"flex flex-grow flex-col max-w-full\">\n<div class=\"min-h-[20px] text-message flex flex-col items-start gap-3 whitespace-pre-wrap break-words [.text-message+&amp;]:mt-5 overflow-x-auto\" data-message-author-role=\"assistant\" data-message-id=\"491e825e-d2c8-40a8-9b6d-01b2d4bd71f6\">\n<div class=\"markdown prose w-full break-words dark:prose-invert light\">\n<p>Los Ocho Pasos del Modelo de Kotter, desarrollado por John Kotter, son una metodolog\u00eda para gestionar el cambio de forma efectiva en las organizaciones. Estos pasos son:<\/p>\n<ol>\n<li><strong>Crear Urgencia<\/strong>: Para el \u00e9xito del cambio, es crucial que toda la organizaci\u00f3n realmente entienda la necesidad y la importancia de este. Crear un sentido de urgencia ayuda a comenzar la motivaci\u00f3n necesaria para hacer que las cosas se muevan.<\/li>\n<li><strong>Formar una Coalici\u00f3n Poderosa<\/strong>: Convencer a las personas de que el cambio es necesario requiere un liderazgo fuerte y un apoyo visible de personas clave dentro de la organizaci\u00f3n. Gestionar el cambio no es una tarea de una sola persona, se necesita un equipo o una coalici\u00f3n para liderar el cambio.<\/li>\n<li><strong>Crear una Visi\u00f3n para el Cambio<\/strong>: Al definir la visi\u00f3n del cambio, es m\u00e1s f\u00e1cil comprender hacia d\u00f3nde se dirige la organizaci\u00f3n. Una visi\u00f3n clara puede ayudar a todos a entender por qu\u00e9 se est\u00e1 pidiendo que hagan algo.<\/li>\n<li><strong>Comunicar la Visi\u00f3n<\/strong>: Lo que se hace con la visi\u00f3n despu\u00e9s de crearla determinar\u00e1 el \u00e9xito. La visi\u00f3n debe ser comunicada frecuentemente y de manera efectiva, y debe incorporarse en todo lo que se haga.<\/li>\n<li><strong>Eliminar Obst\u00e1culos<\/strong>: Si se van a cambiar las formas de hacer las cosas, se deben eliminar los obst\u00e1culos que podr\u00edan socavar el cambio. Esto puede incluir cambiar estructuras organizacionales que afectan negativamente el cambio o asegurarse de que los equipos est\u00e9n preparados para implementar la visi\u00f3n.<\/li>\n<li><strong>Crear Victorias a Corto Plazo<\/strong>: Sin victorias a corto plazo, los empleados pueden desanimarse o perder fe en el cambio. Crear victorias a corto plazo proporciona evidencia de que el esfuerzo vale la pena y ayuda a mantener el impulso.<\/li>\n<li><strong>Construir sobre el Cambio<\/strong>: Muchos proyectos de cambio fracasan porque se declaran victorias demasiado pronto. El cambio real se profundiza a trav\u00e9s de un liderazgo continuo, manteniendo el compromiso y asegur\u00e1ndose de que no haya un retroceso.<\/li>\n<li><strong>Anclar los Cambios en la Cultura Corporativa<\/strong>: Finalmente, para que cualquier cambio se mantenga, debe convertirse en parte de la cultura organizacional. Debe continuar el apoyo, el desarrollo de formas de mantener el cambio y la garant\u00eda de que el cambio se vea en todos los aspectos de la organizaci\u00f3n.<\/li>\n<\/ol>\n<p>Estos pasos sirven como una gu\u00eda para liderar un cambio exitoso y duradero en una organizaci\u00f3n.<\/p>\n<\/div>\n<\/div>\n<\/div>\n<h4>Creando un Sentido de Urgencia<\/h4>\n<p>El primer paso en el modelo de Kotter es desarrollar un sentido de urgencia sobre la necesidad de cambio. Para los l\u00edderes de pymes, esto significa comunicar claramente por qu\u00e9 el cambio es necesario y urgente, creando una coalici\u00f3n de apoyo que impulse la iniciativa.<\/p>\n<h4>Desarrollando la Visi\u00f3n y Estrategia<\/h4>\n<p>Una visi\u00f3n clara y una estrategia para el cambio son esenciales para guiar el proceso. Los l\u00edderes deben articular una visi\u00f3n atractiva del futuro post-cambio y desarrollar estrategias para alcanzar esa visi\u00f3n, asegur\u00e1ndose de que todos en la organizaci\u00f3n comprendan y se alineen con estos objetivos.<\/p>\n<h3>Implementaci\u00f3n y Consolidaci\u00f3n del Cambio con Kotter<\/h3>\n<h4>Involucrando y Habilitando a Toda la Organizaci\u00f3n<\/h4>\n<p>Despu\u00e9s de establecer la visi\u00f3n, es crucial involucrar a todos en la organizaci\u00f3n. Esto implica empoderar a los empleados, eliminar obst\u00e1culos, generar victorias a corto plazo y consolidar las ganancias para producir m\u00e1s cambio, asegurando as\u00ed que el nuevo enfoque se arraigue en la cultura de la empresa.<\/p>\n<h4>Anclando los Cambios en la Cultura Corporativa<\/h4>\n<p>El \u00faltimo paso es anclar los cambios en la cultura corporativa. Los cambios deben convertirse en parte integral de la forma en que opera la empresa, con liderazgo continuo y apoyo para mantener el cambio y evitar retrocesos.<\/p>\n<h2>Aplicando el Modelo ADKAR en Pymes<\/h2>\n<div class=\"flex flex-grow flex-col max-w-full\">\n<div class=\"min-h-[20px] text-message flex flex-col items-start gap-3 whitespace-pre-wrap break-words [.text-message+&amp;]:mt-5 overflow-x-auto\" data-message-author-role=\"assistant\" data-message-id=\"811b2ba7-c077-416b-8f8b-34017833904a\">\n<div class=\"markdown prose w-full break-words dark:prose-invert light\">\n<p>El Modelo ADKAR es un marco de gesti\u00f3n del cambio desarrollado por Prosci, una firma de consultor\u00eda en gesti\u00f3n del cambio. ADKAR es un acr\u00f3nimo que representa las cinco etapas esenciales que los individuos deben atravesar para lograr un cambio exitoso:<\/p>\n<ol>\n<li><strong>Awareness (Conciencia)<\/strong>: Reconocimiento de la necesidad de cambio. La primera etapa implica comprender por qu\u00e9 el cambio es necesario. Es crucial que los individuos sean conscientes de la naturaleza del cambio y de las razones detr\u00e1s de este.<\/li>\n<li><strong>Desire (Deseo)<\/strong>: La voluntad de participar y apoyar el cambio. En esta fase, se fomenta el deseo personal de participar y apoyar el cambio. Esto puede verse influenciado por factores personales y organizacionales, como la cultura de la empresa o los incentivos personales.<\/li>\n<li><strong>Knowledge (Conocimiento)<\/strong>: Entender c\u00f3mo cambiar. Una vez que las personas est\u00e1n conscientes y desean el cambio, necesitan el conocimiento sobre c\u00f3mo realizar el cambio. Esto incluye informaci\u00f3n, educaci\u00f3n y capacitaci\u00f3n sobre los procesos y comportamientos nuevos.<\/li>\n<li><strong>Ability (Habilidad)<\/strong>: La capacidad de implementar el cambio a nivel de habilidades y comportamientos. Esta etapa se centra en la aplicaci\u00f3n pr\u00e1ctica del conocimiento para realizar el cambio. Involucra desarrollar las habilidades y comportamientos necesarios para hacer realidad el cambio.<\/li>\n<li><strong>Reinforcement (Reforzamiento)<\/strong>: Garantizar que el cambio se mantenga. La \u00faltima etapa implica consolidar y reforzar el cambio para evitar reca\u00eddas en los comportamientos antiguos. Esto puede incluir mecanismos de retroalimentaci\u00f3n, sistemas de recompensas y otras formas de refuerzo positivo.<\/li>\n<\/ol>\n<p>El Modelo ADKAR se enfoca en el cambio a nivel individual, reconociendo que el cambio organizacional exitoso es el resultado del cambio exitoso en cada individuo. Este enfoque asegura que el cambio sea efectivo y sostenible, abordando tanto los aspectos emocionales como racionales del cambio.<\/p>\n<\/div>\n<\/div>\n<\/div>\n<h3>El Proceso ADKAR para el Cambio Efectivo<\/h3>\n<h4>Conciencia y Deseo: Los Pilares del Cambio<\/h4>\n<p>El modelo comienza con la conciencia de la necesidad de cambio y el deseo de participar y apoyar el cambio. Para los l\u00edderes de pymes, esto significa comunicar efectivamente la naturaleza y los beneficios del cambio propuesto, motivando y alentando a los empleados a comprometerse con el proceso.<\/p>\n<h4>Conocimiento y Habilidad: Capacitaci\u00f3n y Competencia<\/h4>\n<p>Una vez que hay conciencia y deseo, se debe proporcionar el conocimiento y las habilidades necesarias para implementar el cambio. Esto implica formaci\u00f3n y desarrollo, asegurando que los empleados tengan las herramientas y la comprensi\u00f3n para hacer realidad el cambio.<\/p>\n<h3>Reforzamiento y Sostenibilidad del Cambio con ADKAR<\/h3>\n<h4>Reforzamiento para Sostener el Cambio<\/h4>\n<p>El \u00faltimo paso del modelo ADKAR es el reforzamiento, asegurando que los cambios se mantengan a largo plazo. Para los l\u00edderes de pymes, esto significa implementar mecanismos para reforzar y sostener el cambio, como incentivos, feedback continuo y la celebraci\u00f3n de logros.<\/p>\n<h4>Adaptabilidad y Flexibilidad en la Gesti\u00f3n del Cambio<\/h4>\n<p>Ambos modelos, Kotter y ADKAR, ofrecen a los l\u00edderes de pymes marcos valiosos para abordar el cambio. Sin embargo, es crucial adaptar estos modelos a las circunstancias espec\u00edficas de la empresa, manteniendo la flexibilidad para ajustar el enfoque seg\u00fan las respuestas y necesidades del equipo.<\/p>\n<h2>Conclusi\u00f3n<\/h2>\n<p>La gesti\u00f3n del cambio es un desaf\u00edo continuo para las pymes, pero adoptando y adaptando modelos como los de Kotter y ADKAR, los l\u00edderes pueden navegar eficazmente por estos procesos, asegurando que su organizaci\u00f3n no solo sobreviva, sino que tambi\u00e9n prospere en el cambiante mundo empresarial. Estos modelos proporcionan una estructura para abordar el cambio de manera estrat\u00e9gica y centrada en las personas, maximizando las posibilidades de \u00e9xito en la implementaci\u00f3n de cambios esenciales.<\/p>\n<p>&nbsp;<\/p>\n<p>&nbsp;<\/p>\n<p>Imagen de <a href=\"https:\/\/pixabay.com\/es\/users\/geralt-9301\/?utm_source=link-attribution&amp;utm_medium=referral&amp;utm_campaign=image&amp;utm_content=3256330\">Gerd Altmann<\/a> en <a href=\"https:\/\/pixabay.com\/es\/\/?utm_source=link-attribution&amp;utm_medium=referral&amp;utm_campaign=image&amp;utm_content=3256330\">Pixabay<\/a><\/p>\n<div class=\"pvc_clear\"><\/div>\n<p id=\"pvc_stats_1414\" class=\"pvc_stats all  \" data-element-id=\"1414\" style=\"\"><i class=\"pvc-stats-icon medium\" aria-hidden=\"true\"><svg aria-hidden=\"true\" focusable=\"false\" data-prefix=\"far\" data-icon=\"chart-bar\" role=\"img\" xmlns=\"http:\/\/www.w3.org\/2000\/svg\" viewBox=\"0 0 512 512\" class=\"svg-inline--fa fa-chart-bar fa-w-16 fa-2x\"><path fill=\"currentColor\" d=\"M396.8 352h22.4c6.4 0 12.8-6.4 12.8-12.8V108.8c0-6.4-6.4-12.8-12.8-12.8h-22.4c-6.4 0-12.8 6.4-12.8 12.8v230.4c0 6.4 6.4 12.8 12.8 12.8zm-192 0h22.4c6.4 0 12.8-6.4 12.8-12.8V140.8c0-6.4-6.4-12.8-12.8-12.8h-22.4c-6.4 0-12.8 6.4-12.8 12.8v198.4c0 6.4 6.4 12.8 12.8 12.8zm96 0h22.4c6.4 0 12.8-6.4 12.8-12.8V204.8c0-6.4-6.4-12.8-12.8-12.8h-22.4c-6.4 0-12.8 6.4-12.8 12.8v134.4c0 6.4 6.4 12.8 12.8 12.8zM496 400H48V80c0-8.84-7.16-16-16-16H16C7.16 64 0 71.16 0 80v336c0 17.67 14.33 32 32 32h464c8.84 0 16-7.16 16-16v-16c0-8.84-7.16-16-16-16zm-387.2-48h22.4c6.4 0 12.8-6.4 12.8-12.8v-70.4c0-6.4-6.4-12.8-12.8-12.8h-22.4c-6.4 0-12.8 6.4-12.8 12.8v70.4c0 6.4 6.4 12.8 12.8 12.8z\" class=\"\"><\/path><\/svg><\/i> <img loading=\"lazy\" decoding=\"async\" width=\"16\" height=\"16\" alt=\"Loading\" src=\"https:\/\/www.cubodeideas.com\/blog\/wp-content\/plugins\/page-views-count\/ajax-loader-2x.gif\" border=0 \/><\/p>\n<div class=\"pvc_clear\"><\/div>\n","protected":false},"excerpt":{"rendered":"<p>La gesti\u00f3n del cambio es un proceso crucial para las peque\u00f1as y medianas empresas (pymes) que buscan adaptarse y prosperar en un entorno empresarial en constante evoluci\u00f3n. Comprender y aplicar modelos de gesti\u00f3n del cambio eficaces, como los desarrollados por Kotter y ADKAR, es fundamental para liderar con \u00e9xito a trav\u00e9s de la transici\u00f3n y [&hellip;]<\/p>\n<div class=\"pvc_clear\"><\/div>\n<p id=\"pvc_stats_1414\" class=\"pvc_stats all  \" data-element-id=\"1414\" style=\"\"><i class=\"pvc-stats-icon medium\" aria-hidden=\"true\"><svg aria-hidden=\"true\" focusable=\"false\" data-prefix=\"far\" data-icon=\"chart-bar\" role=\"img\" xmlns=\"http:\/\/www.w3.org\/2000\/svg\" viewBox=\"0 0 512 512\" class=\"svg-inline--fa fa-chart-bar fa-w-16 fa-2x\"><path fill=\"currentColor\" d=\"M396.8 352h22.4c6.4 0 12.8-6.4 12.8-12.8V108.8c0-6.4-6.4-12.8-12.8-12.8h-22.4c-6.4 0-12.8 6.4-12.8 12.8v230.4c0 6.4 6.4 12.8 12.8 12.8zm-192 0h22.4c6.4 0 12.8-6.4 12.8-12.8V140.8c0-6.4-6.4-12.8-12.8-12.8h-22.4c-6.4 0-12.8 6.4-12.8 12.8v198.4c0 6.4 6.4 12.8 12.8 12.8zm96 0h22.4c6.4 0 12.8-6.4 12.8-12.8V204.8c0-6.4-6.4-12.8-12.8-12.8h-22.4c-6.4 0-12.8 6.4-12.8 12.8v134.4c0 6.4 6.4 12.8 12.8 12.8zM496 400H48V80c0-8.84-7.16-16-16-16H16C7.16 64 0 71.16 0 80v336c0 17.67 14.33 32 32 32h464c8.84 0 16-7.16 16-16v-16c0-8.84-7.16-16-16-16zm-387.2-48h22.4c6.4 0 12.8-6.4 12.8-12.8v-70.4c0-6.4-6.4-12.8-12.8-12.8h-22.4c-6.4 0-12.8 6.4-12.8 12.8v70.4c0 6.4 6.4 12.8 12.8 12.8z\" class=\"\"><\/path><\/svg><\/i> <img loading=\"lazy\" decoding=\"async\" width=\"16\" height=\"16\" alt=\"Loading\" src=\"https:\/\/www.cubodeideas.com\/blog\/wp-content\/plugins\/page-views-count\/ajax-loader-2x.gif\" border=0 \/><\/p>\n<div class=\"pvc_clear\"><\/div>\n","protected":false},"author":1,"featured_media":1415,"comment_status":"open","ping_status":"closed","sticky":false,"template":"","format":"standard","meta":{"footnotes":"","jetpack_publicize_message":"","jetpack_publicize_feature_enabled":true,"jetpack_social_post_already_shared":false,"jetpack_social_options":{"image_generator_settings":{"template":"highway","default_image_id":0,"font":"","enabled":false},"version":2}},"categories":[13],"tags":[491,95,500,504,503],"class_list":["post-1414","post","type-post","status-publish","format-standard","has-post-thumbnail","hentry","category-negocios","tag-desarrollo-organizacional","tag-gestion-del-cambio","tag-liderazgo-en-pymes","tag-modelo-adkar","tag-modelo-de-kotter"],"blocksy_meta":[],"yoast_head":"<!-- This site is optimized with the Yoast SEO plugin v27.0 - https:\/\/yoast.com\/product\/yoast-seo-wordpress\/ -->\n<title>Modelos de gesti\u00f3n del cambio: Kotter y ADKAR en Pymes -<\/title>\n<meta name=\"description\" content=\"Descubre c\u00f3mo implementar los modelos de Kotter y ADKAR para una gesti\u00f3n del cambio eficaz en tu PYME. Aprende estrategias clave para el \u00e9xito.\" \/>\n<meta name=\"robots\" content=\"index, follow, max-snippet:-1, max-image-preview:large, max-video-preview:-1\" \/>\n<link rel=\"canonical\" href=\"https:\/\/www.cubodeideas.com\/blog\/negocios\/modelos-de-gestion-del-cambio-kotter-y-adkar-en-pymes\/\" \/>\n<meta property=\"og:locale\" content=\"es_ES\" \/>\n<meta property=\"og:type\" content=\"article\" \/>\n<meta property=\"og:title\" content=\"Modelos de gesti\u00f3n del cambio: Kotter y ADKAR en Pymes -\" \/>\n<meta property=\"og:description\" content=\"Descubre c\u00f3mo implementar los modelos de Kotter y ADKAR para una gesti\u00f3n del cambio eficaz en tu PYME. Aprende estrategias clave para el \u00e9xito.\" \/>\n<meta property=\"og:url\" content=\"https:\/\/www.cubodeideas.com\/blog\/negocios\/modelos-de-gestion-del-cambio-kotter-y-adkar-en-pymes\/\" \/>\n<meta property=\"article:publisher\" content=\"https:\/\/www.facebook.com\/somoscubodeideas\" \/>\n<meta property=\"article:published_time\" content=\"2024-02-04T05:56:26+00:00\" \/>\n<meta property=\"og:image\" content=\"https:\/\/www.cubodeideas.com\/blog\/wp-content\/uploads\/2024\/02\/change-3256330_1280.jpg\" \/>\n\t<meta property=\"og:image:width\" content=\"1280\" \/>\n\t<meta property=\"og:image:height\" content=\"650\" \/>\n\t<meta property=\"og:image:type\" content=\"image\/jpeg\" \/>\n<meta name=\"author\" content=\"Noel Castro\" \/>\n<meta name=\"twitter:card\" content=\"summary_large_image\" \/>\n<meta name=\"twitter:creator\" content=\"@cubo_ideas\" \/>\n<meta name=\"twitter:site\" content=\"@cubo_ideas\" \/>\n<meta name=\"twitter:label1\" content=\"Escrito por\" \/>\n\t<meta name=\"twitter:data1\" content=\"Noel Castro\" \/>\n\t<meta name=\"twitter:label2\" content=\"Tiempo de lectura\" \/>\n\t<meta name=\"twitter:data2\" content=\"6 minutos\" \/>\n<script type=\"application\/ld+json\" class=\"yoast-schema-graph\">{\"@context\":\"https:\/\/schema.org\",\"@graph\":[{\"@type\":\"Article\",\"@id\":\"https:\/\/www.cubodeideas.com\/blog\/negocios\/modelos-de-gestion-del-cambio-kotter-y-adkar-en-pymes\/#article\",\"isPartOf\":{\"@id\":\"https:\/\/www.cubodeideas.com\/blog\/negocios\/modelos-de-gestion-del-cambio-kotter-y-adkar-en-pymes\/\"},\"author\":{\"name\":\"Noel Castro\",\"@id\":\"https:\/\/www.cubodeideas.com\/blog\/#\/schema\/person\/5614e43eb76109017cff51a2c7928211\"},\"headline\":\"Modelos de gesti\u00f3n del cambio: Kotter y ADKAR en Pymes\",\"datePublished\":\"2024-02-04T05:56:26+00:00\",\"mainEntityOfPage\":{\"@id\":\"https:\/\/www.cubodeideas.com\/blog\/negocios\/modelos-de-gestion-del-cambio-kotter-y-adkar-en-pymes\/\"},\"wordCount\":1387,\"commentCount\":0,\"publisher\":{\"@id\":\"https:\/\/www.cubodeideas.com\/blog\/#organization\"},\"image\":{\"@id\":\"https:\/\/www.cubodeideas.com\/blog\/negocios\/modelos-de-gestion-del-cambio-kotter-y-adkar-en-pymes\/#primaryimage\"},\"thumbnailUrl\":\"https:\/\/www.cubodeideas.com\/blog\/wp-content\/uploads\/2024\/02\/change-3256330_1280.jpg\",\"keywords\":[\"Desarrollo Organizacional\",\"gesti\u00f3n del cambio\",\"Liderazgo en Pymes\",\"Modelo ADKAR\",\"Modelo de Kotter\"],\"articleSection\":[\"Negocios\"],\"inLanguage\":\"es\",\"potentialAction\":[{\"@type\":\"CommentAction\",\"name\":\"Comment\",\"target\":[\"https:\/\/www.cubodeideas.com\/blog\/negocios\/modelos-de-gestion-del-cambio-kotter-y-adkar-en-pymes\/#respond\"]}]},{\"@type\":\"WebPage\",\"@id\":\"https:\/\/www.cubodeideas.com\/blog\/negocios\/modelos-de-gestion-del-cambio-kotter-y-adkar-en-pymes\/\",\"url\":\"https:\/\/www.cubodeideas.com\/blog\/negocios\/modelos-de-gestion-del-cambio-kotter-y-adkar-en-pymes\/\",\"name\":\"Modelos de gesti\u00f3n del cambio: Kotter y ADKAR en Pymes -\",\"isPartOf\":{\"@id\":\"https:\/\/www.cubodeideas.com\/blog\/#website\"},\"primaryImageOfPage\":{\"@id\":\"https:\/\/www.cubodeideas.com\/blog\/negocios\/modelos-de-gestion-del-cambio-kotter-y-adkar-en-pymes\/#primaryimage\"},\"image\":{\"@id\":\"https:\/\/www.cubodeideas.com\/blog\/negocios\/modelos-de-gestion-del-cambio-kotter-y-adkar-en-pymes\/#primaryimage\"},\"thumbnailUrl\":\"https:\/\/www.cubodeideas.com\/blog\/wp-content\/uploads\/2024\/02\/change-3256330_1280.jpg\",\"datePublished\":\"2024-02-04T05:56:26+00:00\",\"description\":\"Descubre c\u00f3mo implementar los modelos de Kotter y ADKAR para una gesti\u00f3n del cambio eficaz en tu PYME. Aprende estrategias clave para el \u00e9xito.\",\"breadcrumb\":{\"@id\":\"https:\/\/www.cubodeideas.com\/blog\/negocios\/modelos-de-gestion-del-cambio-kotter-y-adkar-en-pymes\/#breadcrumb\"},\"inLanguage\":\"es\",\"potentialAction\":[{\"@type\":\"ReadAction\",\"target\":[\"https:\/\/www.cubodeideas.com\/blog\/negocios\/modelos-de-gestion-del-cambio-kotter-y-adkar-en-pymes\/\"]}]},{\"@type\":\"ImageObject\",\"inLanguage\":\"es\",\"@id\":\"https:\/\/www.cubodeideas.com\/blog\/negocios\/modelos-de-gestion-del-cambio-kotter-y-adkar-en-pymes\/#primaryimage\",\"url\":\"https:\/\/www.cubodeideas.com\/blog\/wp-content\/uploads\/2024\/02\/change-3256330_1280.jpg\",\"contentUrl\":\"https:\/\/www.cubodeideas.com\/blog\/wp-content\/uploads\/2024\/02\/change-3256330_1280.jpg\",\"width\":1280,\"height\":650,\"caption\":\"Modelos de Gesti\u00f3n del Cambio (Kotter, ADKAR)\"},{\"@type\":\"BreadcrumbList\",\"@id\":\"https:\/\/www.cubodeideas.com\/blog\/negocios\/modelos-de-gestion-del-cambio-kotter-y-adkar-en-pymes\/#breadcrumb\",\"itemListElement\":[{\"@type\":\"ListItem\",\"position\":1,\"name\":\"Portada\",\"item\":\"https:\/\/www.cubodeideas.com\/blog\/\"},{\"@type\":\"ListItem\",\"position\":2,\"name\":\"Modelos de gesti\u00f3n del cambio: Kotter y ADKAR en Pymes\"}]},{\"@type\":\"WebSite\",\"@id\":\"https:\/\/www.cubodeideas.com\/blog\/#website\",\"url\":\"https:\/\/www.cubodeideas.com\/blog\/\",\"name\":\"Cubo de Ideas\",\"description\":\"Cubo de Ideas, El Blog\",\"publisher\":{\"@id\":\"https:\/\/www.cubodeideas.com\/blog\/#organization\"},\"potentialAction\":[{\"@type\":\"SearchAction\",\"target\":{\"@type\":\"EntryPoint\",\"urlTemplate\":\"https:\/\/www.cubodeideas.com\/blog\/?s={search_term_string}\"},\"query-input\":{\"@type\":\"PropertyValueSpecification\",\"valueRequired\":true,\"valueName\":\"search_term_string\"}}],\"inLanguage\":\"es\"},{\"@type\":\"Organization\",\"@id\":\"https:\/\/www.cubodeideas.com\/blog\/#organization\",\"name\":\"Cubo de Ideas\",\"url\":\"https:\/\/www.cubodeideas.com\/blog\/\",\"logo\":{\"@type\":\"ImageObject\",\"inLanguage\":\"es\",\"@id\":\"https:\/\/www.cubodeideas.com\/blog\/#\/schema\/logo\/image\/\",\"url\":\"https:\/\/www.cubodeideas.com\/blog\/wp-content\/uploads\/2021\/10\/android-icon-72x72-1.png\",\"contentUrl\":\"https:\/\/www.cubodeideas.com\/blog\/wp-content\/uploads\/2021\/10\/android-icon-72x72-1.png\",\"width\":72,\"height\":72,\"caption\":\"Cubo de Ideas\"},\"image\":{\"@id\":\"https:\/\/www.cubodeideas.com\/blog\/#\/schema\/logo\/image\/\"},\"sameAs\":[\"https:\/\/www.facebook.com\/somoscubodeideas\",\"https:\/\/x.com\/cubo_ideas\",\"https:\/\/www.instagram.com\/cubodeideas\"]},{\"@type\":\"Person\",\"@id\":\"https:\/\/www.cubodeideas.com\/blog\/#\/schema\/person\/5614e43eb76109017cff51a2c7928211\",\"name\":\"Noel Castro\",\"description\":\"LEM Noel Castro Monta\u00f1o es CEO de Cubo de Ideas, Director de Operaciones para Citosa Textiles. Asesor de nuevos mercados y estrategias digitales para el segmento Retail. Especialista en marketing para autoservicios y puntos de venta. Especialista en sistemas de gesti\u00f3n de la calidad con enfoque a la ISO 9001:2015\",\"sameAs\":[\"https:\/\/www.cubodeideas.com\/blog\"],\"url\":\"https:\/\/www.cubodeideas.com\/blog\/author\/admin\/\"}]}<\/script>\n<!-- \/ Yoast SEO plugin. -->","yoast_head_json":{"title":"Modelos de gesti\u00f3n del cambio: Kotter y ADKAR en Pymes -","description":"Descubre c\u00f3mo implementar los modelos de Kotter y ADKAR para una gesti\u00f3n del cambio eficaz en tu PYME. Aprende estrategias clave para el \u00e9xito.","robots":{"index":"index","follow":"follow","max-snippet":"max-snippet:-1","max-image-preview":"max-image-preview:large","max-video-preview":"max-video-preview:-1"},"canonical":"https:\/\/www.cubodeideas.com\/blog\/negocios\/modelos-de-gestion-del-cambio-kotter-y-adkar-en-pymes\/","og_locale":"es_ES","og_type":"article","og_title":"Modelos de gesti\u00f3n del cambio: Kotter y ADKAR en Pymes -","og_description":"Descubre c\u00f3mo implementar los modelos de Kotter y ADKAR para una gesti\u00f3n del cambio eficaz en tu PYME. Aprende estrategias clave para el \u00e9xito.","og_url":"https:\/\/www.cubodeideas.com\/blog\/negocios\/modelos-de-gestion-del-cambio-kotter-y-adkar-en-pymes\/","article_publisher":"https:\/\/www.facebook.com\/somoscubodeideas","article_published_time":"2024-02-04T05:56:26+00:00","og_image":[{"width":1280,"height":650,"url":"https:\/\/www.cubodeideas.com\/blog\/wp-content\/uploads\/2024\/02\/change-3256330_1280.jpg","type":"image\/jpeg"}],"author":"Noel Castro","twitter_card":"summary_large_image","twitter_creator":"@cubo_ideas","twitter_site":"@cubo_ideas","twitter_misc":{"Escrito por":"Noel Castro","Tiempo de lectura":"6 minutos"},"schema":{"@context":"https:\/\/schema.org","@graph":[{"@type":"Article","@id":"https:\/\/www.cubodeideas.com\/blog\/negocios\/modelos-de-gestion-del-cambio-kotter-y-adkar-en-pymes\/#article","isPartOf":{"@id":"https:\/\/www.cubodeideas.com\/blog\/negocios\/modelos-de-gestion-del-cambio-kotter-y-adkar-en-pymes\/"},"author":{"name":"Noel Castro","@id":"https:\/\/www.cubodeideas.com\/blog\/#\/schema\/person\/5614e43eb76109017cff51a2c7928211"},"headline":"Modelos de gesti\u00f3n del cambio: Kotter y ADKAR en Pymes","datePublished":"2024-02-04T05:56:26+00:00","mainEntityOfPage":{"@id":"https:\/\/www.cubodeideas.com\/blog\/negocios\/modelos-de-gestion-del-cambio-kotter-y-adkar-en-pymes\/"},"wordCount":1387,"commentCount":0,"publisher":{"@id":"https:\/\/www.cubodeideas.com\/blog\/#organization"},"image":{"@id":"https:\/\/www.cubodeideas.com\/blog\/negocios\/modelos-de-gestion-del-cambio-kotter-y-adkar-en-pymes\/#primaryimage"},"thumbnailUrl":"https:\/\/www.cubodeideas.com\/blog\/wp-content\/uploads\/2024\/02\/change-3256330_1280.jpg","keywords":["Desarrollo Organizacional","gesti\u00f3n del cambio","Liderazgo en Pymes","Modelo ADKAR","Modelo de Kotter"],"articleSection":["Negocios"],"inLanguage":"es","potentialAction":[{"@type":"CommentAction","name":"Comment","target":["https:\/\/www.cubodeideas.com\/blog\/negocios\/modelos-de-gestion-del-cambio-kotter-y-adkar-en-pymes\/#respond"]}]},{"@type":"WebPage","@id":"https:\/\/www.cubodeideas.com\/blog\/negocios\/modelos-de-gestion-del-cambio-kotter-y-adkar-en-pymes\/","url":"https:\/\/www.cubodeideas.com\/blog\/negocios\/modelos-de-gestion-del-cambio-kotter-y-adkar-en-pymes\/","name":"Modelos de gesti\u00f3n del cambio: Kotter y ADKAR en Pymes -","isPartOf":{"@id":"https:\/\/www.cubodeideas.com\/blog\/#website"},"primaryImageOfPage":{"@id":"https:\/\/www.cubodeideas.com\/blog\/negocios\/modelos-de-gestion-del-cambio-kotter-y-adkar-en-pymes\/#primaryimage"},"image":{"@id":"https:\/\/www.cubodeideas.com\/blog\/negocios\/modelos-de-gestion-del-cambio-kotter-y-adkar-en-pymes\/#primaryimage"},"thumbnailUrl":"https:\/\/www.cubodeideas.com\/blog\/wp-content\/uploads\/2024\/02\/change-3256330_1280.jpg","datePublished":"2024-02-04T05:56:26+00:00","description":"Descubre c\u00f3mo implementar los modelos de Kotter y ADKAR para una gesti\u00f3n del cambio eficaz en tu PYME. Aprende estrategias clave para el \u00e9xito.","breadcrumb":{"@id":"https:\/\/www.cubodeideas.com\/blog\/negocios\/modelos-de-gestion-del-cambio-kotter-y-adkar-en-pymes\/#breadcrumb"},"inLanguage":"es","potentialAction":[{"@type":"ReadAction","target":["https:\/\/www.cubodeideas.com\/blog\/negocios\/modelos-de-gestion-del-cambio-kotter-y-adkar-en-pymes\/"]}]},{"@type":"ImageObject","inLanguage":"es","@id":"https:\/\/www.cubodeideas.com\/blog\/negocios\/modelos-de-gestion-del-cambio-kotter-y-adkar-en-pymes\/#primaryimage","url":"https:\/\/www.cubodeideas.com\/blog\/wp-content\/uploads\/2024\/02\/change-3256330_1280.jpg","contentUrl":"https:\/\/www.cubodeideas.com\/blog\/wp-content\/uploads\/2024\/02\/change-3256330_1280.jpg","width":1280,"height":650,"caption":"Modelos de Gesti\u00f3n del Cambio (Kotter, ADKAR)"},{"@type":"BreadcrumbList","@id":"https:\/\/www.cubodeideas.com\/blog\/negocios\/modelos-de-gestion-del-cambio-kotter-y-adkar-en-pymes\/#breadcrumb","itemListElement":[{"@type":"ListItem","position":1,"name":"Portada","item":"https:\/\/www.cubodeideas.com\/blog\/"},{"@type":"ListItem","position":2,"name":"Modelos de gesti\u00f3n del cambio: Kotter y ADKAR en Pymes"}]},{"@type":"WebSite","@id":"https:\/\/www.cubodeideas.com\/blog\/#website","url":"https:\/\/www.cubodeideas.com\/blog\/","name":"Cubo de Ideas","description":"Cubo de Ideas, El Blog","publisher":{"@id":"https:\/\/www.cubodeideas.com\/blog\/#organization"},"potentialAction":[{"@type":"SearchAction","target":{"@type":"EntryPoint","urlTemplate":"https:\/\/www.cubodeideas.com\/blog\/?s={search_term_string}"},"query-input":{"@type":"PropertyValueSpecification","valueRequired":true,"valueName":"search_term_string"}}],"inLanguage":"es"},{"@type":"Organization","@id":"https:\/\/www.cubodeideas.com\/blog\/#organization","name":"Cubo de Ideas","url":"https:\/\/www.cubodeideas.com\/blog\/","logo":{"@type":"ImageObject","inLanguage":"es","@id":"https:\/\/www.cubodeideas.com\/blog\/#\/schema\/logo\/image\/","url":"https:\/\/www.cubodeideas.com\/blog\/wp-content\/uploads\/2021\/10\/android-icon-72x72-1.png","contentUrl":"https:\/\/www.cubodeideas.com\/blog\/wp-content\/uploads\/2021\/10\/android-icon-72x72-1.png","width":72,"height":72,"caption":"Cubo de Ideas"},"image":{"@id":"https:\/\/www.cubodeideas.com\/blog\/#\/schema\/logo\/image\/"},"sameAs":["https:\/\/www.facebook.com\/somoscubodeideas","https:\/\/x.com\/cubo_ideas","https:\/\/www.instagram.com\/cubodeideas"]},{"@type":"Person","@id":"https:\/\/www.cubodeideas.com\/blog\/#\/schema\/person\/5614e43eb76109017cff51a2c7928211","name":"Noel Castro","description":"LEM Noel Castro Monta\u00f1o es CEO de Cubo de Ideas, Director de Operaciones para Citosa Textiles. Asesor de nuevos mercados y estrategias digitales para el segmento Retail. Especialista en marketing para autoservicios y puntos de venta. Especialista en sistemas de gesti\u00f3n de la calidad con enfoque a la ISO 9001:2015","sameAs":["https:\/\/www.cubodeideas.com\/blog"],"url":"https:\/\/www.cubodeideas.com\/blog\/author\/admin\/"}]}},"jetpack_publicize_connections":[],"_links":{"self":[{"href":"https:\/\/www.cubodeideas.com\/blog\/wp-json\/wp\/v2\/posts\/1414","targetHints":{"allow":["GET"]}}],"collection":[{"href":"https:\/\/www.cubodeideas.com\/blog\/wp-json\/wp\/v2\/posts"}],"about":[{"href":"https:\/\/www.cubodeideas.com\/blog\/wp-json\/wp\/v2\/types\/post"}],"author":[{"embeddable":true,"href":"https:\/\/www.cubodeideas.com\/blog\/wp-json\/wp\/v2\/users\/1"}],"replies":[{"embeddable":true,"href":"https:\/\/www.cubodeideas.com\/blog\/wp-json\/wp\/v2\/comments?post=1414"}],"version-history":[{"count":1,"href":"https:\/\/www.cubodeideas.com\/blog\/wp-json\/wp\/v2\/posts\/1414\/revisions"}],"predecessor-version":[{"id":1416,"href":"https:\/\/www.cubodeideas.com\/blog\/wp-json\/wp\/v2\/posts\/1414\/revisions\/1416"}],"wp:featuredmedia":[{"embeddable":true,"href":"https:\/\/www.cubodeideas.com\/blog\/wp-json\/wp\/v2\/media\/1415"}],"wp:attachment":[{"href":"https:\/\/www.cubodeideas.com\/blog\/wp-json\/wp\/v2\/media?parent=1414"}],"wp:term":[{"taxonomy":"category","embeddable":true,"href":"https:\/\/www.cubodeideas.com\/blog\/wp-json\/wp\/v2\/categories?post=1414"},{"taxonomy":"post_tag","embeddable":true,"href":"https:\/\/www.cubodeideas.com\/blog\/wp-json\/wp\/v2\/tags?post=1414"}],"curies":[{"name":"wp","href":"https:\/\/api.w.org\/{rel}","templated":true}]}}