{"id":1411,"date":"2024-02-04T05:48:08","date_gmt":"2024-02-04T05:48:08","guid":{"rendered":"https:\/\/www.cubodeideas.com\/blog\/?p=1411"},"modified":"2024-02-04T05:48:08","modified_gmt":"2024-02-04T05:48:08","slug":"resiliencia-y-gestion-del-estres","status":"publish","type":"post","link":"https:\/\/www.cubodeideas.com\/blog\/negocios\/resiliencia-y-gestion-del-estres\/","title":{"rendered":"Resiliencia y gesti\u00f3n del estr\u00e9s"},"content":{"rendered":"<p>En el din\u00e1mico y a menudo exigente mundo de las peque\u00f1as y medianas empresas (pymes), la resiliencia y la gesti\u00f3n del estr\u00e9s son habilidades cruciales para los l\u00edderes. Estas capacidades no solo son fundamentales para el bienestar personal, sino que tambi\u00e9n impactan significativamente en la salud y el \u00e9xito de la organizaci\u00f3n. En este art\u00edculo, exploraremos c\u00f3mo los l\u00edderes de pymes pueden desarrollar resiliencia y gestionar eficazmente el estr\u00e9s, asegurando tanto su propio bienestar como el de sus equipos.<\/p>\n<h2>Entendiendo la Resiliencia en el Contexto Empresarial<\/h2>\n<p>La resiliencia en el \u00e1mbito empresarial se refiere a la capacidad de un l\u00edder para enfrentar desaf\u00edos, adaptarse a cambios y recuperarse de contratiempos o fracasos.<\/p>\n<h3>Desarrollando la Resiliencia Personal<\/h3>\n<h4>La Importancia de una Mentalidad Positiva<\/h4>\n<p>El primer paso hacia la resiliencia es desarrollar una mentalidad positiva. Esto implica ver los desaf\u00edos como oportunidades de aprendizaje y crecimiento, en lugar de obst\u00e1culos insuperables. Los l\u00edderes de pymes deben cultivar una actitud de perseverancia y optimismo, incluso frente a la adversidad.<\/p>\n<h4>Estrategias para Fortalecer la Resiliencia<\/h4>\n<p>Fortalecer la resiliencia tambi\u00e9n implica desarrollar habilidades de afrontamiento efectivas y establecer redes de apoyo s\u00f3lidas. Esto puede incluir t\u00e9cnicas de manejo del tiempo, delegaci\u00f3n efectiva y establecimiento de l\u00edmites claros para mantener un equilibrio saludable entre la vida laboral y personal. Adem\u00e1s, tener un c\u00edrculo de colegas de confianza o mentores puede proporcionar un valioso apoyo y orientaci\u00f3n.<\/p>\n<h3>Gestionando el Estr\u00e9s en Ambientes de Alta Presi\u00f3n<\/h3>\n<h4>Reconocer y Abordar las Fuentes de Estr\u00e9s<\/h4>\n<p>La gesti\u00f3n del estr\u00e9s comienza con el reconocimiento de sus fuentes. En el contexto de una PYME, estas pueden incluir plazos ajustados, recursos limitados o desaf\u00edos del mercado. Identificar estas fuentes permite a los l\u00edderes abordarlas de manera proactiva, ya sea a trav\u00e9s de la planificaci\u00f3n estrat\u00e9gica, la optimizaci\u00f3n de recursos o la b\u00fasqueda de asesoramiento externo.<\/p>\n<h4>T\u00e9cnicas Efectivas de Manejo del Estr\u00e9s<\/h4>\n<p>Implementar t\u00e9cnicas efectivas de manejo del estr\u00e9s es crucial. Esto puede incluir pr\u00e1cticas de mindfulness y meditaci\u00f3n, ejercicio regular, y asegurarse de tener tiempo de descanso y desconexi\u00f3n. Adem\u00e1s, fomentar un ambiente de trabajo positivo y colaborativo puede ayudar a reducir los niveles de estr\u00e9s tanto para el l\u00edder como para el equipo.<\/p>\n<h2>Aplicando la Resiliencia y la Gesti\u00f3n del Estr\u00e9s en la Liderazgo de Pymes<\/h2>\n<p>Llevar la resiliencia y la gesti\u00f3n del estr\u00e9s al liderazgo de pymes no solo beneficia a los individuos, sino que tambi\u00e9n crea una cultura organizacional m\u00e1s fuerte y adaptable.<\/p>\n<h3>Creando una Cultura Organizacional Resiliente<\/h3>\n<h4>Fomentar la Resiliencia en Todo el Equipo<\/h4>\n<p>Crear una cultura de resiliencia en toda la organizaci\u00f3n implica animar a los empleados a desarrollar sus propias habilidades de resiliencia y manejo del estr\u00e9s. Los l\u00edderes pueden hacer esto a trav\u00e9s de programas de capacitaci\u00f3n, ofreciendo recursos de apoyo y estableciendo un ejemplo con su propio comportamiento y actitudes.<\/p>\n<h4>Implementaci\u00f3n de Pol\u00edticas de Bienestar<\/h4>\n<p>Adem\u00e1s, implementar pol\u00edticas que promuevan el bienestar y la salud mental en el lugar de trabajo puede tener un impacto significativo. Esto puede incluir la introducci\u00f3n de horarios flexibles, la creaci\u00f3n de espacios de trabajo ergon\u00f3micos y la provisi\u00f3n de recursos como asesoramiento o programas de bienestar.<\/p>\n<h3>Liderando con Empat\u00eda y Comprensi\u00f3n<\/h3>\n<h4>Reconocimiento del Impacto Humano del Estr\u00e9s<\/h4>\n<p>Como l\u00edder de una PYME, es fundamental reconocer el impacto humano del estr\u00e9s. Esto significa ser emp\u00e1tico con los desaf\u00edos que enfrentan los empleados y ofrecer apoyo cuando sea necesario. Un l\u00edder que entiende y se preocupa por el bienestar de su equipo puede inspirar lealtad, motivaci\u00f3n y un mayor compromiso.<\/p>\n<h4>Construyendo Relaciones Basadas en la Confianza y el Respeto<\/h4>\n<p>Construir relaciones basadas en la confianza y el respeto es esencial. Esto implica comunicarse abierta y honestamente, valorar las contribuciones de cada empleado y fomentar un ambiente donde se sientan seguros y apoyados para compartir sus ideas y preocupaciones.<\/p>\n<h2>Conclusi\u00f3n<\/h2>\n<p>En resumen, la resiliencia y la gesti\u00f3n del estr\u00e9s son habilidades indispensables para los l\u00edderes de pymes. Desarrollar estas habilidades no solo mejora la salud y el bienestar personales, sino que tambi\u00e9n contribuye al \u00e9xito y la sostenibilidad de la empresa. Al fomentar una cultura de resiliencia, empat\u00eda y apoyo, los l\u00edderes pueden crear un entorno de trabajo donde tanto ellos como sus equipos puedan prosperar y enfrentar los desaf\u00edos con confianza y positividad.<\/p>\n<p>&nbsp;<\/p>\n<p>&nbsp;<\/p>\n<p>Imagen de <a href=\"https:\/\/pixabay.com\/es\/users\/jeshoots-com-264599\/?utm_source=link-attribution&amp;utm_medium=referral&amp;utm_campaign=image&amp;utm_content=3087585\">Jan Va\u0161ek<\/a> en <a href=\"https:\/\/pixabay.com\/es\/\/?utm_source=link-attribution&amp;utm_medium=referral&amp;utm_campaign=image&amp;utm_content=3087585\">Pixabay<\/a><\/p>\n<div class=\"pvc_clear\"><\/div>\n<p id=\"pvc_stats_1411\" class=\"pvc_stats all  \" data-element-id=\"1411\" style=\"\"><i class=\"pvc-stats-icon medium\" aria-hidden=\"true\"><svg aria-hidden=\"true\" focusable=\"false\" data-prefix=\"far\" data-icon=\"chart-bar\" role=\"img\" xmlns=\"http:\/\/www.w3.org\/2000\/svg\" viewBox=\"0 0 512 512\" class=\"svg-inline--fa fa-chart-bar fa-w-16 fa-2x\"><path fill=\"currentColor\" d=\"M396.8 352h22.4c6.4 0 12.8-6.4 12.8-12.8V108.8c0-6.4-6.4-12.8-12.8-12.8h-22.4c-6.4 0-12.8 6.4-12.8 12.8v230.4c0 6.4 6.4 12.8 12.8 12.8zm-192 0h22.4c6.4 0 12.8-6.4 12.8-12.8V140.8c0-6.4-6.4-12.8-12.8-12.8h-22.4c-6.4 0-12.8 6.4-12.8 12.8v198.4c0 6.4 6.4 12.8 12.8 12.8zm96 0h22.4c6.4 0 12.8-6.4 12.8-12.8V204.8c0-6.4-6.4-12.8-12.8-12.8h-22.4c-6.4 0-12.8 6.4-12.8 12.8v134.4c0 6.4 6.4 12.8 12.8 12.8zM496 400H48V80c0-8.84-7.16-16-16-16H16C7.16 64 0 71.16 0 80v336c0 17.67 14.33 32 32 32h464c8.84 0 16-7.16 16-16v-16c0-8.84-7.16-16-16-16zm-387.2-48h22.4c6.4 0 12.8-6.4 12.8-12.8v-70.4c0-6.4-6.4-12.8-12.8-12.8h-22.4c-6.4 0-12.8 6.4-12.8 12.8v70.4c0 6.4 6.4 12.8 12.8 12.8z\" class=\"\"><\/path><\/svg><\/i> <img loading=\"lazy\" decoding=\"async\" width=\"16\" height=\"16\" alt=\"Loading\" src=\"https:\/\/www.cubodeideas.com\/blog\/wp-content\/plugins\/page-views-count\/ajax-loader-2x.gif\" border=0 \/><\/p>\n<div class=\"pvc_clear\"><\/div>\n","protected":false},"excerpt":{"rendered":"<p>En el din\u00e1mico y a menudo exigente mundo de las peque\u00f1as y medianas empresas (pymes), la resiliencia y la gesti\u00f3n del estr\u00e9s son habilidades cruciales para los l\u00edderes. Estas capacidades no solo son fundamentales para el bienestar personal, sino que tambi\u00e9n impactan significativamente en la salud y el \u00e9xito de la organizaci\u00f3n. En este art\u00edculo, [&hellip;]<\/p>\n<div class=\"pvc_clear\"><\/div>\n<p id=\"pvc_stats_1411\" class=\"pvc_stats all  \" data-element-id=\"1411\" style=\"\"><i class=\"pvc-stats-icon medium\" aria-hidden=\"true\"><svg aria-hidden=\"true\" focusable=\"false\" data-prefix=\"far\" data-icon=\"chart-bar\" role=\"img\" xmlns=\"http:\/\/www.w3.org\/2000\/svg\" viewBox=\"0 0 512 512\" class=\"svg-inline--fa fa-chart-bar fa-w-16 fa-2x\"><path fill=\"currentColor\" d=\"M396.8 352h22.4c6.4 0 12.8-6.4 12.8-12.8V108.8c0-6.4-6.4-12.8-12.8-12.8h-22.4c-6.4 0-12.8 6.4-12.8 12.8v230.4c0 6.4 6.4 12.8 12.8 12.8zm-192 0h22.4c6.4 0 12.8-6.4 12.8-12.8V140.8c0-6.4-6.4-12.8-12.8-12.8h-22.4c-6.4 0-12.8 6.4-12.8 12.8v198.4c0 6.4 6.4 12.8 12.8 12.8zm96 0h22.4c6.4 0 12.8-6.4 12.8-12.8V204.8c0-6.4-6.4-12.8-12.8-12.8h-22.4c-6.4 0-12.8 6.4-12.8 12.8v134.4c0 6.4 6.4 12.8 12.8 12.8zM496 400H48V80c0-8.84-7.16-16-16-16H16C7.16 64 0 71.16 0 80v336c0 17.67 14.33 32 32 32h464c8.84 0 16-7.16 16-16v-16c0-8.84-7.16-16-16-16zm-387.2-48h22.4c6.4 0 12.8-6.4 12.8-12.8v-70.4c0-6.4-6.4-12.8-12.8-12.8h-22.4c-6.4 0-12.8 6.4-12.8 12.8v70.4c0 6.4 6.4 12.8 12.8 12.8z\" class=\"\"><\/path><\/svg><\/i> <img loading=\"lazy\" decoding=\"async\" width=\"16\" height=\"16\" alt=\"Loading\" src=\"https:\/\/www.cubodeideas.com\/blog\/wp-content\/plugins\/page-views-count\/ajax-loader-2x.gif\" border=0 \/><\/p>\n<div class=\"pvc_clear\"><\/div>\n","protected":false},"author":1,"featured_media":1412,"comment_status":"open","ping_status":"closed","sticky":false,"template":"","format":"standard","meta":{"footnotes":"","jetpack_publicize_message":"","jetpack_publicize_feature_enabled":true,"jetpack_social_post_already_shared":false,"jetpack_social_options":{"image_generator_settings":{"template":"highway","default_image_id":0,"font":"","enabled":false},"version":2}},"categories":[13],"tags":[501,502,499,500,498],"class_list":["post-1411","post","type-post","status-publish","format-standard","has-post-thumbnail","hentry","category-negocios","tag-bienestar-organizacional","tag-desarrollo-del-lider","tag-gestion-del-estres","tag-liderazgo-en-pymes","tag-resiliencia-empresarial"],"blocksy_meta":[],"yoast_head":"<!-- This site is optimized with the Yoast SEO plugin v27.0 - https:\/\/yoast.com\/product\/yoast-seo-wordpress\/ -->\n<title>Resiliencia y gesti\u00f3n del estr\u00e9s -<\/title>\n<meta name=\"description\" content=\"Explora c\u00f3mo la resiliencia y la gesti\u00f3n del estr\u00e9s pueden fortalecer el liderazgo en pymes, mejorando el bienestar y la eficiencia organizacional.\" \/>\n<meta name=\"robots\" content=\"index, follow, max-snippet:-1, max-image-preview:large, max-video-preview:-1\" \/>\n<link rel=\"canonical\" href=\"https:\/\/www.cubodeideas.com\/blog\/negocios\/resiliencia-y-gestion-del-estres\/\" \/>\n<meta property=\"og:locale\" content=\"es_ES\" \/>\n<meta property=\"og:type\" content=\"article\" \/>\n<meta property=\"og:title\" content=\"Resiliencia y gesti\u00f3n del estr\u00e9s -\" \/>\n<meta property=\"og:description\" content=\"Explora c\u00f3mo la resiliencia y la gesti\u00f3n del estr\u00e9s pueden fortalecer el liderazgo en pymes, mejorando el bienestar y la eficiencia organizacional.\" \/>\n<meta property=\"og:url\" content=\"https:\/\/www.cubodeideas.com\/blog\/negocios\/resiliencia-y-gestion-del-estres\/\" \/>\n<meta property=\"article:publisher\" content=\"https:\/\/www.facebook.com\/somoscubodeideas\" \/>\n<meta property=\"article:published_time\" content=\"2024-02-04T05:48:08+00:00\" \/>\n<meta property=\"og:image\" content=\"https:\/\/www.cubodeideas.com\/blog\/wp-content\/uploads\/2024\/02\/laptop-3087585_1280.jpg\" \/>\n\t<meta property=\"og:image:width\" content=\"1280\" \/>\n\t<meta property=\"og:image:height\" content=\"853\" \/>\n\t<meta property=\"og:image:type\" content=\"image\/jpeg\" \/>\n<meta name=\"author\" content=\"Noel Castro\" \/>\n<meta name=\"twitter:card\" content=\"summary_large_image\" \/>\n<meta name=\"twitter:creator\" content=\"@cubo_ideas\" \/>\n<meta name=\"twitter:site\" content=\"@cubo_ideas\" \/>\n<meta name=\"twitter:label1\" content=\"Escrito por\" \/>\n\t<meta name=\"twitter:data1\" content=\"Noel Castro\" \/>\n\t<meta name=\"twitter:label2\" content=\"Tiempo de lectura\" \/>\n\t<meta name=\"twitter:data2\" content=\"4 minutos\" \/>\n<script type=\"application\/ld+json\" class=\"yoast-schema-graph\">{\"@context\":\"https:\/\/schema.org\",\"@graph\":[{\"@type\":\"Article\",\"@id\":\"https:\/\/www.cubodeideas.com\/blog\/negocios\/resiliencia-y-gestion-del-estres\/#article\",\"isPartOf\":{\"@id\":\"https:\/\/www.cubodeideas.com\/blog\/negocios\/resiliencia-y-gestion-del-estres\/\"},\"author\":{\"name\":\"Noel Castro\",\"@id\":\"https:\/\/www.cubodeideas.com\/blog\/#\/schema\/person\/5614e43eb76109017cff51a2c7928211\"},\"headline\":\"Resiliencia y gesti\u00f3n del estr\u00e9s\",\"datePublished\":\"2024-02-04T05:48:08+00:00\",\"mainEntityOfPage\":{\"@id\":\"https:\/\/www.cubodeideas.com\/blog\/negocios\/resiliencia-y-gestion-del-estres\/\"},\"wordCount\":800,\"commentCount\":0,\"publisher\":{\"@id\":\"https:\/\/www.cubodeideas.com\/blog\/#organization\"},\"image\":{\"@id\":\"https:\/\/www.cubodeideas.com\/blog\/negocios\/resiliencia-y-gestion-del-estres\/#primaryimage\"},\"thumbnailUrl\":\"https:\/\/www.cubodeideas.com\/blog\/wp-content\/uploads\/2024\/02\/laptop-3087585_1280.jpg\",\"keywords\":[\"Bienestar Organizacional\",\"Desarrollo del L\u00edder\",\"Gesti\u00f3n del Estr\u00e9s\",\"Liderazgo en Pymes\",\"Resiliencia Empresarial\"],\"articleSection\":[\"Negocios\"],\"inLanguage\":\"es\",\"potentialAction\":[{\"@type\":\"CommentAction\",\"name\":\"Comment\",\"target\":[\"https:\/\/www.cubodeideas.com\/blog\/negocios\/resiliencia-y-gestion-del-estres\/#respond\"]}]},{\"@type\":\"WebPage\",\"@id\":\"https:\/\/www.cubodeideas.com\/blog\/negocios\/resiliencia-y-gestion-del-estres\/\",\"url\":\"https:\/\/www.cubodeideas.com\/blog\/negocios\/resiliencia-y-gestion-del-estres\/\",\"name\":\"Resiliencia y gesti\u00f3n del estr\u00e9s -\",\"isPartOf\":{\"@id\":\"https:\/\/www.cubodeideas.com\/blog\/#website\"},\"primaryImageOfPage\":{\"@id\":\"https:\/\/www.cubodeideas.com\/blog\/negocios\/resiliencia-y-gestion-del-estres\/#primaryimage\"},\"image\":{\"@id\":\"https:\/\/www.cubodeideas.com\/blog\/negocios\/resiliencia-y-gestion-del-estres\/#primaryimage\"},\"thumbnailUrl\":\"https:\/\/www.cubodeideas.com\/blog\/wp-content\/uploads\/2024\/02\/laptop-3087585_1280.jpg\",\"datePublished\":\"2024-02-04T05:48:08+00:00\",\"description\":\"Explora c\u00f3mo la resiliencia y la gesti\u00f3n del estr\u00e9s pueden fortalecer el liderazgo en pymes, mejorando el bienestar y la eficiencia organizacional.\",\"breadcrumb\":{\"@id\":\"https:\/\/www.cubodeideas.com\/blog\/negocios\/resiliencia-y-gestion-del-estres\/#breadcrumb\"},\"inLanguage\":\"es\",\"potentialAction\":[{\"@type\":\"ReadAction\",\"target\":[\"https:\/\/www.cubodeideas.com\/blog\/negocios\/resiliencia-y-gestion-del-estres\/\"]}]},{\"@type\":\"ImageObject\",\"inLanguage\":\"es\",\"@id\":\"https:\/\/www.cubodeideas.com\/blog\/negocios\/resiliencia-y-gestion-del-estres\/#primaryimage\",\"url\":\"https:\/\/www.cubodeideas.com\/blog\/wp-content\/uploads\/2024\/02\/laptop-3087585_1280.jpg\",\"contentUrl\":\"https:\/\/www.cubodeideas.com\/blog\/wp-content\/uploads\/2024\/02\/laptop-3087585_1280.jpg\",\"width\":1280,\"height\":853,\"caption\":\"Resiliencia y gesti\u00f3n del estr\u00e9s\"},{\"@type\":\"BreadcrumbList\",\"@id\":\"https:\/\/www.cubodeideas.com\/blog\/negocios\/resiliencia-y-gestion-del-estres\/#breadcrumb\",\"itemListElement\":[{\"@type\":\"ListItem\",\"position\":1,\"name\":\"Portada\",\"item\":\"https:\/\/www.cubodeideas.com\/blog\/\"},{\"@type\":\"ListItem\",\"position\":2,\"name\":\"Resiliencia y gesti\u00f3n del estr\u00e9s\"}]},{\"@type\":\"WebSite\",\"@id\":\"https:\/\/www.cubodeideas.com\/blog\/#website\",\"url\":\"https:\/\/www.cubodeideas.com\/blog\/\",\"name\":\"Cubo de Ideas\",\"description\":\"Cubo de Ideas, El Blog\",\"publisher\":{\"@id\":\"https:\/\/www.cubodeideas.com\/blog\/#organization\"},\"potentialAction\":[{\"@type\":\"SearchAction\",\"target\":{\"@type\":\"EntryPoint\",\"urlTemplate\":\"https:\/\/www.cubodeideas.com\/blog\/?s={search_term_string}\"},\"query-input\":{\"@type\":\"PropertyValueSpecification\",\"valueRequired\":true,\"valueName\":\"search_term_string\"}}],\"inLanguage\":\"es\"},{\"@type\":\"Organization\",\"@id\":\"https:\/\/www.cubodeideas.com\/blog\/#organization\",\"name\":\"Cubo de Ideas\",\"url\":\"https:\/\/www.cubodeideas.com\/blog\/\",\"logo\":{\"@type\":\"ImageObject\",\"inLanguage\":\"es\",\"@id\":\"https:\/\/www.cubodeideas.com\/blog\/#\/schema\/logo\/image\/\",\"url\":\"https:\/\/www.cubodeideas.com\/blog\/wp-content\/uploads\/2021\/10\/android-icon-72x72-1.png\",\"contentUrl\":\"https:\/\/www.cubodeideas.com\/blog\/wp-content\/uploads\/2021\/10\/android-icon-72x72-1.png\",\"width\":72,\"height\":72,\"caption\":\"Cubo de Ideas\"},\"image\":{\"@id\":\"https:\/\/www.cubodeideas.com\/blog\/#\/schema\/logo\/image\/\"},\"sameAs\":[\"https:\/\/www.facebook.com\/somoscubodeideas\",\"https:\/\/x.com\/cubo_ideas\",\"https:\/\/www.instagram.com\/cubodeideas\"]},{\"@type\":\"Person\",\"@id\":\"https:\/\/www.cubodeideas.com\/blog\/#\/schema\/person\/5614e43eb76109017cff51a2c7928211\",\"name\":\"Noel Castro\",\"description\":\"LEM Noel Castro Monta\u00f1o es CEO de Cubo de Ideas, Director de Operaciones para Citosa Textiles. Asesor de nuevos mercados y estrategias digitales para el segmento Retail. Especialista en marketing para autoservicios y puntos de venta. Especialista en sistemas de gesti\u00f3n de la calidad con enfoque a la ISO 9001:2015\",\"sameAs\":[\"https:\/\/www.cubodeideas.com\/blog\"],\"url\":\"https:\/\/www.cubodeideas.com\/blog\/author\/admin\/\"}]}<\/script>\n<!-- \/ Yoast SEO plugin. -->","yoast_head_json":{"title":"Resiliencia y gesti\u00f3n del estr\u00e9s -","description":"Explora c\u00f3mo la resiliencia y la gesti\u00f3n del estr\u00e9s pueden fortalecer el liderazgo en pymes, mejorando el bienestar y la eficiencia organizacional.","robots":{"index":"index","follow":"follow","max-snippet":"max-snippet:-1","max-image-preview":"max-image-preview:large","max-video-preview":"max-video-preview:-1"},"canonical":"https:\/\/www.cubodeideas.com\/blog\/negocios\/resiliencia-y-gestion-del-estres\/","og_locale":"es_ES","og_type":"article","og_title":"Resiliencia y gesti\u00f3n del estr\u00e9s -","og_description":"Explora c\u00f3mo la resiliencia y la gesti\u00f3n del estr\u00e9s pueden fortalecer el liderazgo en pymes, mejorando el bienestar y la eficiencia organizacional.","og_url":"https:\/\/www.cubodeideas.com\/blog\/negocios\/resiliencia-y-gestion-del-estres\/","article_publisher":"https:\/\/www.facebook.com\/somoscubodeideas","article_published_time":"2024-02-04T05:48:08+00:00","og_image":[{"width":1280,"height":853,"url":"https:\/\/www.cubodeideas.com\/blog\/wp-content\/uploads\/2024\/02\/laptop-3087585_1280.jpg","type":"image\/jpeg"}],"author":"Noel Castro","twitter_card":"summary_large_image","twitter_creator":"@cubo_ideas","twitter_site":"@cubo_ideas","twitter_misc":{"Escrito por":"Noel Castro","Tiempo de lectura":"4 minutos"},"schema":{"@context":"https:\/\/schema.org","@graph":[{"@type":"Article","@id":"https:\/\/www.cubodeideas.com\/blog\/negocios\/resiliencia-y-gestion-del-estres\/#article","isPartOf":{"@id":"https:\/\/www.cubodeideas.com\/blog\/negocios\/resiliencia-y-gestion-del-estres\/"},"author":{"name":"Noel Castro","@id":"https:\/\/www.cubodeideas.com\/blog\/#\/schema\/person\/5614e43eb76109017cff51a2c7928211"},"headline":"Resiliencia y gesti\u00f3n del estr\u00e9s","datePublished":"2024-02-04T05:48:08+00:00","mainEntityOfPage":{"@id":"https:\/\/www.cubodeideas.com\/blog\/negocios\/resiliencia-y-gestion-del-estres\/"},"wordCount":800,"commentCount":0,"publisher":{"@id":"https:\/\/www.cubodeideas.com\/blog\/#organization"},"image":{"@id":"https:\/\/www.cubodeideas.com\/blog\/negocios\/resiliencia-y-gestion-del-estres\/#primaryimage"},"thumbnailUrl":"https:\/\/www.cubodeideas.com\/blog\/wp-content\/uploads\/2024\/02\/laptop-3087585_1280.jpg","keywords":["Bienestar Organizacional","Desarrollo del L\u00edder","Gesti\u00f3n del Estr\u00e9s","Liderazgo en Pymes","Resiliencia Empresarial"],"articleSection":["Negocios"],"inLanguage":"es","potentialAction":[{"@type":"CommentAction","name":"Comment","target":["https:\/\/www.cubodeideas.com\/blog\/negocios\/resiliencia-y-gestion-del-estres\/#respond"]}]},{"@type":"WebPage","@id":"https:\/\/www.cubodeideas.com\/blog\/negocios\/resiliencia-y-gestion-del-estres\/","url":"https:\/\/www.cubodeideas.com\/blog\/negocios\/resiliencia-y-gestion-del-estres\/","name":"Resiliencia y gesti\u00f3n del estr\u00e9s -","isPartOf":{"@id":"https:\/\/www.cubodeideas.com\/blog\/#website"},"primaryImageOfPage":{"@id":"https:\/\/www.cubodeideas.com\/blog\/negocios\/resiliencia-y-gestion-del-estres\/#primaryimage"},"image":{"@id":"https:\/\/www.cubodeideas.com\/blog\/negocios\/resiliencia-y-gestion-del-estres\/#primaryimage"},"thumbnailUrl":"https:\/\/www.cubodeideas.com\/blog\/wp-content\/uploads\/2024\/02\/laptop-3087585_1280.jpg","datePublished":"2024-02-04T05:48:08+00:00","description":"Explora c\u00f3mo la resiliencia y la gesti\u00f3n del estr\u00e9s pueden fortalecer el liderazgo en pymes, mejorando el bienestar y la eficiencia organizacional.","breadcrumb":{"@id":"https:\/\/www.cubodeideas.com\/blog\/negocios\/resiliencia-y-gestion-del-estres\/#breadcrumb"},"inLanguage":"es","potentialAction":[{"@type":"ReadAction","target":["https:\/\/www.cubodeideas.com\/blog\/negocios\/resiliencia-y-gestion-del-estres\/"]}]},{"@type":"ImageObject","inLanguage":"es","@id":"https:\/\/www.cubodeideas.com\/blog\/negocios\/resiliencia-y-gestion-del-estres\/#primaryimage","url":"https:\/\/www.cubodeideas.com\/blog\/wp-content\/uploads\/2024\/02\/laptop-3087585_1280.jpg","contentUrl":"https:\/\/www.cubodeideas.com\/blog\/wp-content\/uploads\/2024\/02\/laptop-3087585_1280.jpg","width":1280,"height":853,"caption":"Resiliencia y gesti\u00f3n del estr\u00e9s"},{"@type":"BreadcrumbList","@id":"https:\/\/www.cubodeideas.com\/blog\/negocios\/resiliencia-y-gestion-del-estres\/#breadcrumb","itemListElement":[{"@type":"ListItem","position":1,"name":"Portada","item":"https:\/\/www.cubodeideas.com\/blog\/"},{"@type":"ListItem","position":2,"name":"Resiliencia y gesti\u00f3n del estr\u00e9s"}]},{"@type":"WebSite","@id":"https:\/\/www.cubodeideas.com\/blog\/#website","url":"https:\/\/www.cubodeideas.com\/blog\/","name":"Cubo de Ideas","description":"Cubo de Ideas, El Blog","publisher":{"@id":"https:\/\/www.cubodeideas.com\/blog\/#organization"},"potentialAction":[{"@type":"SearchAction","target":{"@type":"EntryPoint","urlTemplate":"https:\/\/www.cubodeideas.com\/blog\/?s={search_term_string}"},"query-input":{"@type":"PropertyValueSpecification","valueRequired":true,"valueName":"search_term_string"}}],"inLanguage":"es"},{"@type":"Organization","@id":"https:\/\/www.cubodeideas.com\/blog\/#organization","name":"Cubo de Ideas","url":"https:\/\/www.cubodeideas.com\/blog\/","logo":{"@type":"ImageObject","inLanguage":"es","@id":"https:\/\/www.cubodeideas.com\/blog\/#\/schema\/logo\/image\/","url":"https:\/\/www.cubodeideas.com\/blog\/wp-content\/uploads\/2021\/10\/android-icon-72x72-1.png","contentUrl":"https:\/\/www.cubodeideas.com\/blog\/wp-content\/uploads\/2021\/10\/android-icon-72x72-1.png","width":72,"height":72,"caption":"Cubo de Ideas"},"image":{"@id":"https:\/\/www.cubodeideas.com\/blog\/#\/schema\/logo\/image\/"},"sameAs":["https:\/\/www.facebook.com\/somoscubodeideas","https:\/\/x.com\/cubo_ideas","https:\/\/www.instagram.com\/cubodeideas"]},{"@type":"Person","@id":"https:\/\/www.cubodeideas.com\/blog\/#\/schema\/person\/5614e43eb76109017cff51a2c7928211","name":"Noel Castro","description":"LEM Noel Castro Monta\u00f1o es CEO de Cubo de Ideas, Director de Operaciones para Citosa Textiles. Asesor de nuevos mercados y estrategias digitales para el segmento Retail. Especialista en marketing para autoservicios y puntos de venta. Especialista en sistemas de gesti\u00f3n de la calidad con enfoque a la ISO 9001:2015","sameAs":["https:\/\/www.cubodeideas.com\/blog"],"url":"https:\/\/www.cubodeideas.com\/blog\/author\/admin\/"}]}},"jetpack_publicize_connections":[],"_links":{"self":[{"href":"https:\/\/www.cubodeideas.com\/blog\/wp-json\/wp\/v2\/posts\/1411","targetHints":{"allow":["GET"]}}],"collection":[{"href":"https:\/\/www.cubodeideas.com\/blog\/wp-json\/wp\/v2\/posts"}],"about":[{"href":"https:\/\/www.cubodeideas.com\/blog\/wp-json\/wp\/v2\/types\/post"}],"author":[{"embeddable":true,"href":"https:\/\/www.cubodeideas.com\/blog\/wp-json\/wp\/v2\/users\/1"}],"replies":[{"embeddable":true,"href":"https:\/\/www.cubodeideas.com\/blog\/wp-json\/wp\/v2\/comments?post=1411"}],"version-history":[{"count":1,"href":"https:\/\/www.cubodeideas.com\/blog\/wp-json\/wp\/v2\/posts\/1411\/revisions"}],"predecessor-version":[{"id":1413,"href":"https:\/\/www.cubodeideas.com\/blog\/wp-json\/wp\/v2\/posts\/1411\/revisions\/1413"}],"wp:featuredmedia":[{"embeddable":true,"href":"https:\/\/www.cubodeideas.com\/blog\/wp-json\/wp\/v2\/media\/1412"}],"wp:attachment":[{"href":"https:\/\/www.cubodeideas.com\/blog\/wp-json\/wp\/v2\/media?parent=1411"}],"wp:term":[{"taxonomy":"category","embeddable":true,"href":"https:\/\/www.cubodeideas.com\/blog\/wp-json\/wp\/v2\/categories?post=1411"},{"taxonomy":"post_tag","embeddable":true,"href":"https:\/\/www.cubodeideas.com\/blog\/wp-json\/wp\/v2\/tags?post=1411"}],"curies":[{"name":"wp","href":"https:\/\/api.w.org\/{rel}","templated":true}]}}