{"id":1408,"date":"2024-02-04T05:43:51","date_gmt":"2024-02-04T05:43:51","guid":{"rendered":"https:\/\/www.cubodeideas.com\/blog\/?p=1408"},"modified":"2024-02-04T05:43:51","modified_gmt":"2024-02-04T05:43:51","slug":"gestion-del-conocimiento-y-aprendizaje-organizacional","status":"publish","type":"post","link":"https:\/\/www.cubodeideas.com\/blog\/negocios\/gestion-del-conocimiento-y-aprendizaje-organizacional\/","title":{"rendered":"Gesti\u00f3n del conocimiento y aprendizaje organizacional"},"content":{"rendered":"<p>En un mundo empresarial cada vez m\u00e1s competitivo y cambiante, la gesti\u00f3n del conocimiento y el aprendizaje organizacional se han convertido en factores clave para el \u00e9xito y la sostenibilidad de las peque\u00f1as y medianas empresas (pymes). Estas pr\u00e1cticas no solo permiten a las empresas adaptarse y evolucionar frente a los desaf\u00edos del mercado, sino que tambi\u00e9n fomentan un ambiente de innovaci\u00f3n continua y mejora del rendimiento. En este art\u00edculo, exploramos c\u00f3mo la gesti\u00f3n del conocimiento y el aprendizaje organizacional pueden ser implementados de manera efectiva en las pymes.<\/p>\n<h2>La Relevancia de la Gesti\u00f3n del Conocimiento en Pymes<\/h2>\n<p>La gesti\u00f3n del conocimiento implica capturar, organizar y compartir la informaci\u00f3n y las experiencias dentro de una organizaci\u00f3n, permitiendo as\u00ed a todos los miembros del equipo acceder y beneficiarse de estos recursos valiosos.<\/p>\n<h3>Estrategias para Implementar la Gesti\u00f3n del Conocimiento<\/h3>\n<h4>Creando un Repositorio Central de Conocimientos<\/h4>\n<p>El primer paso para una gesti\u00f3n efectiva del conocimiento en pymes es crear un sistema o repositorio donde se pueda almacenar y acceder f\u00e1cilmente a la informaci\u00f3n. Esto puede ser un sistema de gesti\u00f3n de conocimiento digital, un archivo en la nube o incluso un conjunto bien organizado de documentos f\u00edsicos, dependiendo de las necesidades y capacidades de la empresa.<\/p>\n<h4>Fomentando la Cultura del Compartir Conocimiento<\/h4>\n<p>Es esencial promover una cultura donde compartir conocimiento sea la norma. Esto se logra incentivando a los empleados a documentar y compartir sus experiencias y aprendizajes, y reconociendo y recompensando a aquellos que contribuyen activamente al acervo de conocimientos de la empresa.<\/p>\n<h2>Impulsando el Aprendizaje Organizacional en Pymes<\/h2>\n<p>El aprendizaje organizacional se refiere al proceso continuo de adquisici\u00f3n, desarrollo y transferencia de conocimientos dentro de una organizaci\u00f3n, lo que permite una adaptaci\u00f3n y evoluci\u00f3n constantes.<\/p>\n<h3>Desarrollo de Programas de Aprendizaje Organizacional<\/h3>\n<h4>Implementaci\u00f3n de Programas de Capacitaci\u00f3n Continua<\/h4>\n<p>Para fomentar el aprendizaje organizacional, las pymes deben invertir en programas de capacitaci\u00f3n y desarrollo continuos. Esto puede incluir talleres internos, cursos en l\u00ednea, sesiones de formaci\u00f3n en el trabajo y oportunidades para asistir a conferencias y seminarios externos.<\/p>\n<h4>Aprovechamiento del Aprendizaje Informal<\/h4>\n<p>Adem\u00e1s de la capacitaci\u00f3n formal, es crucial reconocer y aprovechar las oportunidades de aprendizaje informal que ocurren en el d\u00eda a d\u00eda. Esto incluye el intercambio de ideas en reuniones, la colaboraci\u00f3n en proyectos y el aprendizaje a trav\u00e9s de la observaci\u00f3n y la experiencia directa.<\/p>\n<h3>Creando un Entorno Conducivo al Aprendizaje<\/h3>\n<h4>Estableciendo una Cultura de Aprendizaje y Curiosidad<\/h4>\n<p>Crear un entorno donde el aprendizaje y la curiosidad sean valorados es esencial para el aprendizaje organizacional. Los l\u00edderes de pymes deben fomentar un ambiente donde se aliente a los empleados a hacer preguntas, explorar nuevas ideas y buscar constantemente formas de mejorar.<\/p>\n<h4>Uso de la Tecnolog\u00eda para Facilitar el Aprendizaje<\/h4>\n<p>La tecnolog\u00eda puede ser una herramienta poderosa para facilitar el aprendizaje organizacional. Las plataformas de aprendizaje en l\u00ednea, las bases de datos de conocimiento y los foros de discusi\u00f3n pueden proporcionar a los empleados recursos valiosos y oportunidades para compartir y aprender de sus colegas.<\/p>\n<h2>Conclusi\u00f3n<\/h2>\n<p>La gesti\u00f3n del conocimiento y el aprendizaje organizacional son aspectos vitales para el desarrollo y el \u00e9xito continuo de las pymes. Al implementar estas pr\u00e1cticas, las empresas no solo mejoran su capacidad para adaptarse y competir en un mercado din\u00e1mico, sino que tambi\u00e9n crean un entorno donde la innovaci\u00f3n y el crecimiento personal y profesional de los empleados son prioritarios. Con el enfoque correcto, la gesti\u00f3n del conocimiento y el aprendizaje organizacional pueden convertirse en motores poderosos de cambio y desarrollo para cualquier empresa.<\/p>\n<p>&nbsp;<\/p>\n<p>Imagen de <a href=\"https:\/\/pixabay.com\/es\/users\/pexels-2286921\/?utm_source=link-attribution&amp;utm_medium=referral&amp;utm_campaign=image&amp;utm_content=1850177\">Pexels<\/a> en <a href=\"https:\/\/pixabay.com\/es\/\/?utm_source=link-attribution&amp;utm_medium=referral&amp;utm_campaign=image&amp;utm_content=1850177\">Pixabay<\/a><\/p>\n<div class=\"pvc_clear\"><\/div>\n<p id=\"pvc_stats_1408\" class=\"pvc_stats all  \" data-element-id=\"1408\" style=\"\"><i class=\"pvc-stats-icon medium\" aria-hidden=\"true\"><svg aria-hidden=\"true\" focusable=\"false\" data-prefix=\"far\" data-icon=\"chart-bar\" role=\"img\" xmlns=\"http:\/\/www.w3.org\/2000\/svg\" viewBox=\"0 0 512 512\" class=\"svg-inline--fa fa-chart-bar fa-w-16 fa-2x\"><path fill=\"currentColor\" d=\"M396.8 352h22.4c6.4 0 12.8-6.4 12.8-12.8V108.8c0-6.4-6.4-12.8-12.8-12.8h-22.4c-6.4 0-12.8 6.4-12.8 12.8v230.4c0 6.4 6.4 12.8 12.8 12.8zm-192 0h22.4c6.4 0 12.8-6.4 12.8-12.8V140.8c0-6.4-6.4-12.8-12.8-12.8h-22.4c-6.4 0-12.8 6.4-12.8 12.8v198.4c0 6.4 6.4 12.8 12.8 12.8zm96 0h22.4c6.4 0 12.8-6.4 12.8-12.8V204.8c0-6.4-6.4-12.8-12.8-12.8h-22.4c-6.4 0-12.8 6.4-12.8 12.8v134.4c0 6.4 6.4 12.8 12.8 12.8zM496 400H48V80c0-8.84-7.16-16-16-16H16C7.16 64 0 71.16 0 80v336c0 17.67 14.33 32 32 32h464c8.84 0 16-7.16 16-16v-16c0-8.84-7.16-16-16-16zm-387.2-48h22.4c6.4 0 12.8-6.4 12.8-12.8v-70.4c0-6.4-6.4-12.8-12.8-12.8h-22.4c-6.4 0-12.8 6.4-12.8 12.8v70.4c0 6.4 6.4 12.8 12.8 12.8z\" class=\"\"><\/path><\/svg><\/i> <img loading=\"lazy\" decoding=\"async\" width=\"16\" height=\"16\" alt=\"Loading\" src=\"https:\/\/www.cubodeideas.com\/blog\/wp-content\/plugins\/page-views-count\/ajax-loader-2x.gif\" border=0 \/><\/p>\n<div class=\"pvc_clear\"><\/div>\n","protected":false},"excerpt":{"rendered":"<p>En un mundo empresarial cada vez m\u00e1s competitivo y cambiante, la gesti\u00f3n del conocimiento y el aprendizaje organizacional se han convertido en factores clave para el \u00e9xito y la sostenibilidad de las peque\u00f1as y medianas empresas (pymes). Estas pr\u00e1cticas no solo permiten a las empresas adaptarse y evolucionar frente a los desaf\u00edos del mercado, sino [&hellip;]<\/p>\n<div class=\"pvc_clear\"><\/div>\n<p id=\"pvc_stats_1408\" class=\"pvc_stats all  \" data-element-id=\"1408\" style=\"\"><i class=\"pvc-stats-icon medium\" aria-hidden=\"true\"><svg aria-hidden=\"true\" focusable=\"false\" data-prefix=\"far\" data-icon=\"chart-bar\" role=\"img\" xmlns=\"http:\/\/www.w3.org\/2000\/svg\" viewBox=\"0 0 512 512\" class=\"svg-inline--fa fa-chart-bar fa-w-16 fa-2x\"><path fill=\"currentColor\" d=\"M396.8 352h22.4c6.4 0 12.8-6.4 12.8-12.8V108.8c0-6.4-6.4-12.8-12.8-12.8h-22.4c-6.4 0-12.8 6.4-12.8 12.8v230.4c0 6.4 6.4 12.8 12.8 12.8zm-192 0h22.4c6.4 0 12.8-6.4 12.8-12.8V140.8c0-6.4-6.4-12.8-12.8-12.8h-22.4c-6.4 0-12.8 6.4-12.8 12.8v198.4c0 6.4 6.4 12.8 12.8 12.8zm96 0h22.4c6.4 0 12.8-6.4 12.8-12.8V204.8c0-6.4-6.4-12.8-12.8-12.8h-22.4c-6.4 0-12.8 6.4-12.8 12.8v134.4c0 6.4 6.4 12.8 12.8 12.8zM496 400H48V80c0-8.84-7.16-16-16-16H16C7.16 64 0 71.16 0 80v336c0 17.67 14.33 32 32 32h464c8.84 0 16-7.16 16-16v-16c0-8.84-7.16-16-16-16zm-387.2-48h22.4c6.4 0 12.8-6.4 12.8-12.8v-70.4c0-6.4-6.4-12.8-12.8-12.8h-22.4c-6.4 0-12.8 6.4-12.8 12.8v70.4c0 6.4 6.4 12.8 12.8 12.8z\" class=\"\"><\/path><\/svg><\/i> <img loading=\"lazy\" decoding=\"async\" width=\"16\" height=\"16\" alt=\"Loading\" src=\"https:\/\/www.cubodeideas.com\/blog\/wp-content\/plugins\/page-views-count\/ajax-loader-2x.gif\" border=0 \/><\/p>\n<div class=\"pvc_clear\"><\/div>\n","protected":false},"author":1,"featured_media":1409,"comment_status":"open","ping_status":"closed","sticky":false,"template":"","format":"standard","meta":{"footnotes":"","jetpack_publicize_message":"","jetpack_publicize_feature_enabled":true,"jetpack_social_post_already_shared":false,"jetpack_social_options":{"image_generator_settings":{"template":"highway","default_image_id":0,"font":"","enabled":false},"version":2}},"categories":[13],"tags":[496,497,495,409,94],"class_list":["post-1408","post","type-post","status-publish","format-standard","has-post-thumbnail","hentry","category-negocios","tag-aprendizaje-organizacional","tag-desarrollo-empresarial","tag-gestion-del-conocimiento","tag-innovacion-en-pymes","tag-liderazgo-efectivo"],"blocksy_meta":[],"yoast_head":"<!-- This site is optimized with the Yoast SEO plugin v27.0 - https:\/\/yoast.com\/product\/yoast-seo-wordpress\/ -->\n<title>Gesti\u00f3n del conocimiento y aprendizaje organizacional -<\/title>\n<meta name=\"description\" content=\"Descubre c\u00f3mo la gesti\u00f3n del conocimiento y el aprendizaje organizacional pueden transformar tu PYME, impulsando la innovaci\u00f3n y el desarrollo continuo.\" \/>\n<meta name=\"robots\" content=\"index, follow, max-snippet:-1, max-image-preview:large, max-video-preview:-1\" \/>\n<link rel=\"canonical\" href=\"https:\/\/www.cubodeideas.com\/blog\/negocios\/gestion-del-conocimiento-y-aprendizaje-organizacional\/\" \/>\n<meta property=\"og:locale\" content=\"es_ES\" \/>\n<meta property=\"og:type\" content=\"article\" \/>\n<meta property=\"og:title\" content=\"Gesti\u00f3n del conocimiento y aprendizaje organizacional -\" \/>\n<meta property=\"og:description\" content=\"Descubre c\u00f3mo la gesti\u00f3n del conocimiento y el aprendizaje organizacional pueden transformar tu PYME, impulsando la innovaci\u00f3n y el desarrollo continuo.\" \/>\n<meta property=\"og:url\" content=\"https:\/\/www.cubodeideas.com\/blog\/negocios\/gestion-del-conocimiento-y-aprendizaje-organizacional\/\" \/>\n<meta property=\"article:publisher\" content=\"https:\/\/www.facebook.com\/somoscubodeideas\" \/>\n<meta property=\"article:published_time\" content=\"2024-02-04T05:43:51+00:00\" \/>\n<meta property=\"og:image\" content=\"https:\/\/www.cubodeideas.com\/blog\/wp-content\/uploads\/2024\/02\/adult-1850177_1280.jpg\" \/>\n\t<meta property=\"og:image:width\" content=\"1280\" \/>\n\t<meta property=\"og:image:height\" content=\"854\" \/>\n\t<meta property=\"og:image:type\" content=\"image\/jpeg\" \/>\n<meta name=\"author\" content=\"Noel Castro\" \/>\n<meta name=\"twitter:card\" content=\"summary_large_image\" \/>\n<meta name=\"twitter:creator\" content=\"@cubo_ideas\" \/>\n<meta name=\"twitter:site\" content=\"@cubo_ideas\" \/>\n<meta name=\"twitter:label1\" content=\"Escrito por\" \/>\n\t<meta name=\"twitter:data1\" content=\"Noel Castro\" \/>\n\t<meta name=\"twitter:label2\" content=\"Tiempo de lectura\" \/>\n\t<meta name=\"twitter:data2\" content=\"3 minutos\" \/>\n<script type=\"application\/ld+json\" class=\"yoast-schema-graph\">{\"@context\":\"https:\/\/schema.org\",\"@graph\":[{\"@type\":\"Article\",\"@id\":\"https:\/\/www.cubodeideas.com\/blog\/negocios\/gestion-del-conocimiento-y-aprendizaje-organizacional\/#article\",\"isPartOf\":{\"@id\":\"https:\/\/www.cubodeideas.com\/blog\/negocios\/gestion-del-conocimiento-y-aprendizaje-organizacional\/\"},\"author\":{\"name\":\"Noel Castro\",\"@id\":\"https:\/\/www.cubodeideas.com\/blog\/#\/schema\/person\/5614e43eb76109017cff51a2c7928211\"},\"headline\":\"Gesti\u00f3n del conocimiento y aprendizaje organizacional\",\"datePublished\":\"2024-02-04T05:43:51+00:00\",\"mainEntityOfPage\":{\"@id\":\"https:\/\/www.cubodeideas.com\/blog\/negocios\/gestion-del-conocimiento-y-aprendizaje-organizacional\/\"},\"wordCount\":641,\"commentCount\":0,\"publisher\":{\"@id\":\"https:\/\/www.cubodeideas.com\/blog\/#organization\"},\"image\":{\"@id\":\"https:\/\/www.cubodeideas.com\/blog\/negocios\/gestion-del-conocimiento-y-aprendizaje-organizacional\/#primaryimage\"},\"thumbnailUrl\":\"https:\/\/www.cubodeideas.com\/blog\/wp-content\/uploads\/2024\/02\/adult-1850177_1280.jpg\",\"keywords\":[\"Aprendizaje Organizacional\",\"Desarrollo Empresarial\",\"Gesti\u00f3n del Conocimiento\",\"Innovaci\u00f3n en Pymes\",\"liderazgo efectivo\"],\"articleSection\":[\"Negocios\"],\"inLanguage\":\"es\",\"potentialAction\":[{\"@type\":\"CommentAction\",\"name\":\"Comment\",\"target\":[\"https:\/\/www.cubodeideas.com\/blog\/negocios\/gestion-del-conocimiento-y-aprendizaje-organizacional\/#respond\"]}]},{\"@type\":\"WebPage\",\"@id\":\"https:\/\/www.cubodeideas.com\/blog\/negocios\/gestion-del-conocimiento-y-aprendizaje-organizacional\/\",\"url\":\"https:\/\/www.cubodeideas.com\/blog\/negocios\/gestion-del-conocimiento-y-aprendizaje-organizacional\/\",\"name\":\"Gesti\u00f3n del conocimiento y aprendizaje organizacional -\",\"isPartOf\":{\"@id\":\"https:\/\/www.cubodeideas.com\/blog\/#website\"},\"primaryImageOfPage\":{\"@id\":\"https:\/\/www.cubodeideas.com\/blog\/negocios\/gestion-del-conocimiento-y-aprendizaje-organizacional\/#primaryimage\"},\"image\":{\"@id\":\"https:\/\/www.cubodeideas.com\/blog\/negocios\/gestion-del-conocimiento-y-aprendizaje-organizacional\/#primaryimage\"},\"thumbnailUrl\":\"https:\/\/www.cubodeideas.com\/blog\/wp-content\/uploads\/2024\/02\/adult-1850177_1280.jpg\",\"datePublished\":\"2024-02-04T05:43:51+00:00\",\"description\":\"Descubre c\u00f3mo la gesti\u00f3n del conocimiento y el aprendizaje organizacional pueden transformar tu PYME, impulsando la innovaci\u00f3n y el desarrollo continuo.\",\"breadcrumb\":{\"@id\":\"https:\/\/www.cubodeideas.com\/blog\/negocios\/gestion-del-conocimiento-y-aprendizaje-organizacional\/#breadcrumb\"},\"inLanguage\":\"es\",\"potentialAction\":[{\"@type\":\"ReadAction\",\"target\":[\"https:\/\/www.cubodeideas.com\/blog\/negocios\/gestion-del-conocimiento-y-aprendizaje-organizacional\/\"]}]},{\"@type\":\"ImageObject\",\"inLanguage\":\"es\",\"@id\":\"https:\/\/www.cubodeideas.com\/blog\/negocios\/gestion-del-conocimiento-y-aprendizaje-organizacional\/#primaryimage\",\"url\":\"https:\/\/www.cubodeideas.com\/blog\/wp-content\/uploads\/2024\/02\/adult-1850177_1280.jpg\",\"contentUrl\":\"https:\/\/www.cubodeideas.com\/blog\/wp-content\/uploads\/2024\/02\/adult-1850177_1280.jpg\",\"width\":1280,\"height\":854,\"caption\":\"Gesti\u00f3n del Conocimiento y Aprendizaje Organizacional\"},{\"@type\":\"BreadcrumbList\",\"@id\":\"https:\/\/www.cubodeideas.com\/blog\/negocios\/gestion-del-conocimiento-y-aprendizaje-organizacional\/#breadcrumb\",\"itemListElement\":[{\"@type\":\"ListItem\",\"position\":1,\"name\":\"Portada\",\"item\":\"https:\/\/www.cubodeideas.com\/blog\/\"},{\"@type\":\"ListItem\",\"position\":2,\"name\":\"Gesti\u00f3n del conocimiento y aprendizaje organizacional\"}]},{\"@type\":\"WebSite\",\"@id\":\"https:\/\/www.cubodeideas.com\/blog\/#website\",\"url\":\"https:\/\/www.cubodeideas.com\/blog\/\",\"name\":\"Cubo de Ideas\",\"description\":\"Cubo de Ideas, El Blog\",\"publisher\":{\"@id\":\"https:\/\/www.cubodeideas.com\/blog\/#organization\"},\"potentialAction\":[{\"@type\":\"SearchAction\",\"target\":{\"@type\":\"EntryPoint\",\"urlTemplate\":\"https:\/\/www.cubodeideas.com\/blog\/?s={search_term_string}\"},\"query-input\":{\"@type\":\"PropertyValueSpecification\",\"valueRequired\":true,\"valueName\":\"search_term_string\"}}],\"inLanguage\":\"es\"},{\"@type\":\"Organization\",\"@id\":\"https:\/\/www.cubodeideas.com\/blog\/#organization\",\"name\":\"Cubo de Ideas\",\"url\":\"https:\/\/www.cubodeideas.com\/blog\/\",\"logo\":{\"@type\":\"ImageObject\",\"inLanguage\":\"es\",\"@id\":\"https:\/\/www.cubodeideas.com\/blog\/#\/schema\/logo\/image\/\",\"url\":\"https:\/\/www.cubodeideas.com\/blog\/wp-content\/uploads\/2021\/10\/android-icon-72x72-1.png\",\"contentUrl\":\"https:\/\/www.cubodeideas.com\/blog\/wp-content\/uploads\/2021\/10\/android-icon-72x72-1.png\",\"width\":72,\"height\":72,\"caption\":\"Cubo de Ideas\"},\"image\":{\"@id\":\"https:\/\/www.cubodeideas.com\/blog\/#\/schema\/logo\/image\/\"},\"sameAs\":[\"https:\/\/www.facebook.com\/somoscubodeideas\",\"https:\/\/x.com\/cubo_ideas\",\"https:\/\/www.instagram.com\/cubodeideas\"]},{\"@type\":\"Person\",\"@id\":\"https:\/\/www.cubodeideas.com\/blog\/#\/schema\/person\/5614e43eb76109017cff51a2c7928211\",\"name\":\"Noel Castro\",\"description\":\"LEM Noel Castro Monta\u00f1o es CEO de Cubo de Ideas, Director de Operaciones para Citosa Textiles. Asesor de nuevos mercados y estrategias digitales para el segmento Retail. Especialista en marketing para autoservicios y puntos de venta. Especialista en sistemas de gesti\u00f3n de la calidad con enfoque a la ISO 9001:2015\",\"sameAs\":[\"https:\/\/www.cubodeideas.com\/blog\"],\"url\":\"https:\/\/www.cubodeideas.com\/blog\/author\/admin\/\"}]}<\/script>\n<!-- \/ Yoast SEO plugin. -->","yoast_head_json":{"title":"Gesti\u00f3n del conocimiento y aprendizaje organizacional -","description":"Descubre c\u00f3mo la gesti\u00f3n del conocimiento y el aprendizaje organizacional pueden transformar tu PYME, impulsando la innovaci\u00f3n y el desarrollo continuo.","robots":{"index":"index","follow":"follow","max-snippet":"max-snippet:-1","max-image-preview":"max-image-preview:large","max-video-preview":"max-video-preview:-1"},"canonical":"https:\/\/www.cubodeideas.com\/blog\/negocios\/gestion-del-conocimiento-y-aprendizaje-organizacional\/","og_locale":"es_ES","og_type":"article","og_title":"Gesti\u00f3n del conocimiento y aprendizaje organizacional -","og_description":"Descubre c\u00f3mo la gesti\u00f3n del conocimiento y el aprendizaje organizacional pueden transformar tu PYME, impulsando la innovaci\u00f3n y el desarrollo continuo.","og_url":"https:\/\/www.cubodeideas.com\/blog\/negocios\/gestion-del-conocimiento-y-aprendizaje-organizacional\/","article_publisher":"https:\/\/www.facebook.com\/somoscubodeideas","article_published_time":"2024-02-04T05:43:51+00:00","og_image":[{"width":1280,"height":854,"url":"https:\/\/www.cubodeideas.com\/blog\/wp-content\/uploads\/2024\/02\/adult-1850177_1280.jpg","type":"image\/jpeg"}],"author":"Noel Castro","twitter_card":"summary_large_image","twitter_creator":"@cubo_ideas","twitter_site":"@cubo_ideas","twitter_misc":{"Escrito por":"Noel Castro","Tiempo de lectura":"3 minutos"},"schema":{"@context":"https:\/\/schema.org","@graph":[{"@type":"Article","@id":"https:\/\/www.cubodeideas.com\/blog\/negocios\/gestion-del-conocimiento-y-aprendizaje-organizacional\/#article","isPartOf":{"@id":"https:\/\/www.cubodeideas.com\/blog\/negocios\/gestion-del-conocimiento-y-aprendizaje-organizacional\/"},"author":{"name":"Noel Castro","@id":"https:\/\/www.cubodeideas.com\/blog\/#\/schema\/person\/5614e43eb76109017cff51a2c7928211"},"headline":"Gesti\u00f3n del conocimiento y aprendizaje organizacional","datePublished":"2024-02-04T05:43:51+00:00","mainEntityOfPage":{"@id":"https:\/\/www.cubodeideas.com\/blog\/negocios\/gestion-del-conocimiento-y-aprendizaje-organizacional\/"},"wordCount":641,"commentCount":0,"publisher":{"@id":"https:\/\/www.cubodeideas.com\/blog\/#organization"},"image":{"@id":"https:\/\/www.cubodeideas.com\/blog\/negocios\/gestion-del-conocimiento-y-aprendizaje-organizacional\/#primaryimage"},"thumbnailUrl":"https:\/\/www.cubodeideas.com\/blog\/wp-content\/uploads\/2024\/02\/adult-1850177_1280.jpg","keywords":["Aprendizaje Organizacional","Desarrollo Empresarial","Gesti\u00f3n del Conocimiento","Innovaci\u00f3n en Pymes","liderazgo efectivo"],"articleSection":["Negocios"],"inLanguage":"es","potentialAction":[{"@type":"CommentAction","name":"Comment","target":["https:\/\/www.cubodeideas.com\/blog\/negocios\/gestion-del-conocimiento-y-aprendizaje-organizacional\/#respond"]}]},{"@type":"WebPage","@id":"https:\/\/www.cubodeideas.com\/blog\/negocios\/gestion-del-conocimiento-y-aprendizaje-organizacional\/","url":"https:\/\/www.cubodeideas.com\/blog\/negocios\/gestion-del-conocimiento-y-aprendizaje-organizacional\/","name":"Gesti\u00f3n del conocimiento y aprendizaje organizacional -","isPartOf":{"@id":"https:\/\/www.cubodeideas.com\/blog\/#website"},"primaryImageOfPage":{"@id":"https:\/\/www.cubodeideas.com\/blog\/negocios\/gestion-del-conocimiento-y-aprendizaje-organizacional\/#primaryimage"},"image":{"@id":"https:\/\/www.cubodeideas.com\/blog\/negocios\/gestion-del-conocimiento-y-aprendizaje-organizacional\/#primaryimage"},"thumbnailUrl":"https:\/\/www.cubodeideas.com\/blog\/wp-content\/uploads\/2024\/02\/adult-1850177_1280.jpg","datePublished":"2024-02-04T05:43:51+00:00","description":"Descubre c\u00f3mo la gesti\u00f3n del conocimiento y el aprendizaje organizacional pueden transformar tu PYME, impulsando la innovaci\u00f3n y el desarrollo continuo.","breadcrumb":{"@id":"https:\/\/www.cubodeideas.com\/blog\/negocios\/gestion-del-conocimiento-y-aprendizaje-organizacional\/#breadcrumb"},"inLanguage":"es","potentialAction":[{"@type":"ReadAction","target":["https:\/\/www.cubodeideas.com\/blog\/negocios\/gestion-del-conocimiento-y-aprendizaje-organizacional\/"]}]},{"@type":"ImageObject","inLanguage":"es","@id":"https:\/\/www.cubodeideas.com\/blog\/negocios\/gestion-del-conocimiento-y-aprendizaje-organizacional\/#primaryimage","url":"https:\/\/www.cubodeideas.com\/blog\/wp-content\/uploads\/2024\/02\/adult-1850177_1280.jpg","contentUrl":"https:\/\/www.cubodeideas.com\/blog\/wp-content\/uploads\/2024\/02\/adult-1850177_1280.jpg","width":1280,"height":854,"caption":"Gesti\u00f3n del Conocimiento y Aprendizaje Organizacional"},{"@type":"BreadcrumbList","@id":"https:\/\/www.cubodeideas.com\/blog\/negocios\/gestion-del-conocimiento-y-aprendizaje-organizacional\/#breadcrumb","itemListElement":[{"@type":"ListItem","position":1,"name":"Portada","item":"https:\/\/www.cubodeideas.com\/blog\/"},{"@type":"ListItem","position":2,"name":"Gesti\u00f3n del conocimiento y aprendizaje organizacional"}]},{"@type":"WebSite","@id":"https:\/\/www.cubodeideas.com\/blog\/#website","url":"https:\/\/www.cubodeideas.com\/blog\/","name":"Cubo de Ideas","description":"Cubo de Ideas, El Blog","publisher":{"@id":"https:\/\/www.cubodeideas.com\/blog\/#organization"},"potentialAction":[{"@type":"SearchAction","target":{"@type":"EntryPoint","urlTemplate":"https:\/\/www.cubodeideas.com\/blog\/?s={search_term_string}"},"query-input":{"@type":"PropertyValueSpecification","valueRequired":true,"valueName":"search_term_string"}}],"inLanguage":"es"},{"@type":"Organization","@id":"https:\/\/www.cubodeideas.com\/blog\/#organization","name":"Cubo de Ideas","url":"https:\/\/www.cubodeideas.com\/blog\/","logo":{"@type":"ImageObject","inLanguage":"es","@id":"https:\/\/www.cubodeideas.com\/blog\/#\/schema\/logo\/image\/","url":"https:\/\/www.cubodeideas.com\/blog\/wp-content\/uploads\/2021\/10\/android-icon-72x72-1.png","contentUrl":"https:\/\/www.cubodeideas.com\/blog\/wp-content\/uploads\/2021\/10\/android-icon-72x72-1.png","width":72,"height":72,"caption":"Cubo de Ideas"},"image":{"@id":"https:\/\/www.cubodeideas.com\/blog\/#\/schema\/logo\/image\/"},"sameAs":["https:\/\/www.facebook.com\/somoscubodeideas","https:\/\/x.com\/cubo_ideas","https:\/\/www.instagram.com\/cubodeideas"]},{"@type":"Person","@id":"https:\/\/www.cubodeideas.com\/blog\/#\/schema\/person\/5614e43eb76109017cff51a2c7928211","name":"Noel Castro","description":"LEM Noel Castro Monta\u00f1o es CEO de Cubo de Ideas, Director de Operaciones para Citosa Textiles. Asesor de nuevos mercados y estrategias digitales para el segmento Retail. Especialista en marketing para autoservicios y puntos de venta. Especialista en sistemas de gesti\u00f3n de la calidad con enfoque a la ISO 9001:2015","sameAs":["https:\/\/www.cubodeideas.com\/blog"],"url":"https:\/\/www.cubodeideas.com\/blog\/author\/admin\/"}]}},"jetpack_publicize_connections":[],"_links":{"self":[{"href":"https:\/\/www.cubodeideas.com\/blog\/wp-json\/wp\/v2\/posts\/1408","targetHints":{"allow":["GET"]}}],"collection":[{"href":"https:\/\/www.cubodeideas.com\/blog\/wp-json\/wp\/v2\/posts"}],"about":[{"href":"https:\/\/www.cubodeideas.com\/blog\/wp-json\/wp\/v2\/types\/post"}],"author":[{"embeddable":true,"href":"https:\/\/www.cubodeideas.com\/blog\/wp-json\/wp\/v2\/users\/1"}],"replies":[{"embeddable":true,"href":"https:\/\/www.cubodeideas.com\/blog\/wp-json\/wp\/v2\/comments?post=1408"}],"version-history":[{"count":1,"href":"https:\/\/www.cubodeideas.com\/blog\/wp-json\/wp\/v2\/posts\/1408\/revisions"}],"predecessor-version":[{"id":1410,"href":"https:\/\/www.cubodeideas.com\/blog\/wp-json\/wp\/v2\/posts\/1408\/revisions\/1410"}],"wp:featuredmedia":[{"embeddable":true,"href":"https:\/\/www.cubodeideas.com\/blog\/wp-json\/wp\/v2\/media\/1409"}],"wp:attachment":[{"href":"https:\/\/www.cubodeideas.com\/blog\/wp-json\/wp\/v2\/media?parent=1408"}],"wp:term":[{"taxonomy":"category","embeddable":true,"href":"https:\/\/www.cubodeideas.com\/blog\/wp-json\/wp\/v2\/categories?post=1408"},{"taxonomy":"post_tag","embeddable":true,"href":"https:\/\/www.cubodeideas.com\/blog\/wp-json\/wp\/v2\/tags?post=1408"}],"curies":[{"name":"wp","href":"https:\/\/api.w.org\/{rel}","templated":true}]}}