{"id":1405,"date":"2024-02-04T05:38:56","date_gmt":"2024-02-04T05:38:56","guid":{"rendered":"https:\/\/www.cubodeideas.com\/blog\/?p=1405"},"modified":"2024-02-04T05:38:56","modified_gmt":"2024-02-04T05:38:56","slug":"cultura-organizacional-y-cambio-organizacional","status":"publish","type":"post","link":"https:\/\/www.cubodeideas.com\/blog\/negocios\/cultura-organizacional-y-cambio-organizacional\/","title":{"rendered":"Cultura organizacional y cambio organizacional"},"content":{"rendered":"<p>La cultura organizacional y el cambio organizacional son conceptos clave que pueden determinar el \u00e9xito o el fracaso de las peque\u00f1as y medianas empresas (pymes). Estos elementos influyen significativamente en c\u00f3mo se opera una empresa, c\u00f3mo se sienten los empleados en su lugar de trabajo y c\u00f3mo la empresa se adapta a los desaf\u00edos del mercado. Este art\u00edculo profundiza en c\u00f3mo las pymes pueden desarrollar una cultura organizacional s\u00f3lida y gestionar el cambio organizacional de manera efectiva.<\/p>\n<h2>El Poder de la Cultura Organizacional en Pymes<\/h2>\n<p>La cultura organizacional es el conjunto de valores, creencias, actitudes y comportamientos que caracterizan una organizaci\u00f3n. Es la esencia de c\u00f3mo se hacen las cosas en una empresa y juega un papel crucial en la formaci\u00f3n de su identidad.<\/p>\n<h3>Creaci\u00f3n y Fomento de una Cultura Organizacional Positiva<\/h3>\n<p>Crear y fomentar una cultura organizacional positiva es esencial para las pymes. Esto incluye definir claramente los valores y creencias centrales de la empresa y asegurarse de que se reflejen en todas las \u00e1reas de operaci\u00f3n. Una cultura organizacional fuerte puede aumentar la motivaci\u00f3n y la satisfacci\u00f3n de los empleados, mejorar la eficiencia y atraer talento de calidad.<\/p>\n<h4>Valores y Creencias como Piedra Angular<\/h4>\n<p>Los valores y creencias de una empresa deben ser m\u00e1s que palabras en un papel; deben ser vividos y respirados por todos, desde la alta direcci\u00f3n hasta los empleados de nivel de entrada. Estos valores deben ser claros, coherentes y, lo que es m\u00e1s importante, deben alinearse con las acciones y decisiones de la empresa.<\/p>\n<h4>Pr\u00e1cticas y Pol\u00edticas Consistentes<\/h4>\n<p>Las pr\u00e1cticas y pol\u00edticas de la empresa deben estar en consonancia con su cultura. Esto incluye desde las estrategias de contrataci\u00f3n y las pol\u00edticas de recursos humanos hasta el estilo de liderazgo y las operaciones del d\u00eda a d\u00eda. Las pol\u00edticas consistentes refuerzan los valores de la empresa y ayudan a mantener una cultura organizacional fuerte.<\/p>\n<h3>Gesti\u00f3n del Cambio Organizacional en Pymes<\/h3>\n<p>El cambio organizacional es inevitable en el ciclo de vida de cualquier empresa. La capacidad de gestionar este cambio de manera efectiva es crucial para el crecimiento y la supervivencia a largo plazo.<\/p>\n<h4>Identificaci\u00f3n y Adaptaci\u00f3n a los Cambios<\/h4>\n<p>Las pymes deben ser capaces de identificar la necesidad de cambio, ya sea debido a factores internos o externos, y adaptarse en consecuencia. Esto puede incluir cambios en la estructura organizacional, procesos, tecnolog\u00eda o estrategia de negocio.<\/p>\n<h4>Comunicaci\u00f3n y Participaci\u00f3n en el Proceso de Cambio<\/h4>\n<p>Una comunicaci\u00f3n efectiva es fundamental durante el proceso de cambio. Los l\u00edderes deben comunicar claramente la naturaleza y el prop\u00f3sito del cambio, y c\u00f3mo este beneficiar\u00e1 a la empresa y a sus empleados. Involucrar a los empleados en el proceso de cambio puede aumentar la aceptaci\u00f3n y minimizar la resistencia.<\/p>\n<h2>Conclusi\u00f3n<\/h2>\n<p>La cultura organizacional y el cambio organizacional son aspectos vitales para el desarrollo y \u00e9xito de las pymes. Una cultura organizacional s\u00f3lida puede proporcionar una base estable para el crecimiento y la eficiencia, mientras que una gesti\u00f3n de cambio efectiva puede asegurar que la empresa permanezca relevante y competitiva en un mercado en constante evoluci\u00f3n. Para los l\u00edderes de pymes, comprender y abrazar estos conceptos es fundamental para guiar sus empresas hacia el \u00e9xito sostenido.<\/p>\n<p>&nbsp;<\/p>\n<p>Imagen de <a href=\"https:\/\/pixabay.com\/es\/users\/mwitt1337-889520\/?utm_source=link-attribution&amp;utm_medium=referral&amp;utm_campaign=image&amp;utm_content=2284501\">Malachi Witt<\/a> en <a href=\"https:\/\/pixabay.com\/es\/\/?utm_source=link-attribution&amp;utm_medium=referral&amp;utm_campaign=image&amp;utm_content=2284501\">Pixabay<\/a><\/p>\n<div class=\"pvc_clear\"><\/div>\n<p id=\"pvc_stats_1405\" class=\"pvc_stats all  \" data-element-id=\"1405\" style=\"\"><i class=\"pvc-stats-icon medium\" aria-hidden=\"true\"><svg aria-hidden=\"true\" focusable=\"false\" data-prefix=\"far\" data-icon=\"chart-bar\" role=\"img\" xmlns=\"http:\/\/www.w3.org\/2000\/svg\" viewBox=\"0 0 512 512\" class=\"svg-inline--fa fa-chart-bar fa-w-16 fa-2x\"><path fill=\"currentColor\" d=\"M396.8 352h22.4c6.4 0 12.8-6.4 12.8-12.8V108.8c0-6.4-6.4-12.8-12.8-12.8h-22.4c-6.4 0-12.8 6.4-12.8 12.8v230.4c0 6.4 6.4 12.8 12.8 12.8zm-192 0h22.4c6.4 0 12.8-6.4 12.8-12.8V140.8c0-6.4-6.4-12.8-12.8-12.8h-22.4c-6.4 0-12.8 6.4-12.8 12.8v198.4c0 6.4 6.4 12.8 12.8 12.8zm96 0h22.4c6.4 0 12.8-6.4 12.8-12.8V204.8c0-6.4-6.4-12.8-12.8-12.8h-22.4c-6.4 0-12.8 6.4-12.8 12.8v134.4c0 6.4 6.4 12.8 12.8 12.8zM496 400H48V80c0-8.84-7.16-16-16-16H16C7.16 64 0 71.16 0 80v336c0 17.67 14.33 32 32 32h464c8.84 0 16-7.16 16-16v-16c0-8.84-7.16-16-16-16zm-387.2-48h22.4c6.4 0 12.8-6.4 12.8-12.8v-70.4c0-6.4-6.4-12.8-12.8-12.8h-22.4c-6.4 0-12.8 6.4-12.8 12.8v70.4c0 6.4 6.4 12.8 12.8 12.8z\" class=\"\"><\/path><\/svg><\/i> <img loading=\"lazy\" decoding=\"async\" width=\"16\" height=\"16\" alt=\"Loading\" src=\"https:\/\/www.cubodeideas.com\/blog\/wp-content\/plugins\/page-views-count\/ajax-loader-2x.gif\" border=0 \/><\/p>\n<div class=\"pvc_clear\"><\/div>\n","protected":false},"excerpt":{"rendered":"<p>La cultura organizacional y el cambio organizacional son conceptos clave que pueden determinar el \u00e9xito o el fracaso de las peque\u00f1as y medianas empresas (pymes). Estos elementos influyen significativamente en c\u00f3mo se opera una empresa, c\u00f3mo se sienten los empleados en su lugar de trabajo y c\u00f3mo la empresa se adapta a los desaf\u00edos del [&hellip;]<\/p>\n<div class=\"pvc_clear\"><\/div>\n<p id=\"pvc_stats_1405\" class=\"pvc_stats all  \" data-element-id=\"1405\" style=\"\"><i class=\"pvc-stats-icon medium\" aria-hidden=\"true\"><svg aria-hidden=\"true\" focusable=\"false\" data-prefix=\"far\" data-icon=\"chart-bar\" role=\"img\" xmlns=\"http:\/\/www.w3.org\/2000\/svg\" viewBox=\"0 0 512 512\" class=\"svg-inline--fa fa-chart-bar fa-w-16 fa-2x\"><path fill=\"currentColor\" d=\"M396.8 352h22.4c6.4 0 12.8-6.4 12.8-12.8V108.8c0-6.4-6.4-12.8-12.8-12.8h-22.4c-6.4 0-12.8 6.4-12.8 12.8v230.4c0 6.4 6.4 12.8 12.8 12.8zm-192 0h22.4c6.4 0 12.8-6.4 12.8-12.8V140.8c0-6.4-6.4-12.8-12.8-12.8h-22.4c-6.4 0-12.8 6.4-12.8 12.8v198.4c0 6.4 6.4 12.8 12.8 12.8zm96 0h22.4c6.4 0 12.8-6.4 12.8-12.8V204.8c0-6.4-6.4-12.8-12.8-12.8h-22.4c-6.4 0-12.8 6.4-12.8 12.8v134.4c0 6.4 6.4 12.8 12.8 12.8zM496 400H48V80c0-8.84-7.16-16-16-16H16C7.16 64 0 71.16 0 80v336c0 17.67 14.33 32 32 32h464c8.84 0 16-7.16 16-16v-16c0-8.84-7.16-16-16-16zm-387.2-48h22.4c6.4 0 12.8-6.4 12.8-12.8v-70.4c0-6.4-6.4-12.8-12.8-12.8h-22.4c-6.4 0-12.8 6.4-12.8 12.8v70.4c0 6.4 6.4 12.8 12.8 12.8z\" class=\"\"><\/path><\/svg><\/i> <img loading=\"lazy\" decoding=\"async\" width=\"16\" height=\"16\" alt=\"Loading\" src=\"https:\/\/www.cubodeideas.com\/blog\/wp-content\/plugins\/page-views-count\/ajax-loader-2x.gif\" border=0 \/><\/p>\n<div class=\"pvc_clear\"><\/div>\n","protected":false},"author":1,"featured_media":1406,"comment_status":"open","ping_status":"closed","sticky":false,"template":"","format":"standard","meta":{"footnotes":"","jetpack_publicize_message":"","jetpack_publicize_feature_enabled":true,"jetpack_social_post_already_shared":false,"jetpack_social_options":{"image_generator_settings":{"template":"highway","default_image_id":0,"font":"","enabled":false},"version":2}},"categories":[13],"tags":[130,82,491,490,263],"class_list":["post-1405","post","type-post","status-publish","format-standard","has-post-thumbnail","hentry","category-negocios","tag-cambio-organizacional","tag-cultura-organizacional","tag-desarrollo-organizacional","tag-gestion-de-pymes","tag-liderazgo-empresarial"],"blocksy_meta":[],"yoast_head":"<!-- This site is optimized with the Yoast SEO plugin v27.0 - https:\/\/yoast.com\/product\/yoast-seo-wordpress\/ -->\n<title>Cultura organizacional y cambio organizacional -<\/title>\n<meta name=\"description\" content=\"Descubre c\u00f3mo la cultura y el cambio organizacional pueden impulsar el \u00e9xito de tu PYME. Aprende estrategias efectivas para liderar y adaptarte.\" \/>\n<meta name=\"robots\" content=\"index, follow, max-snippet:-1, max-image-preview:large, max-video-preview:-1\" \/>\n<link rel=\"canonical\" href=\"https:\/\/www.cubodeideas.com\/blog\/negocios\/cultura-organizacional-y-cambio-organizacional\/\" \/>\n<meta property=\"og:locale\" content=\"es_ES\" \/>\n<meta property=\"og:type\" content=\"article\" \/>\n<meta property=\"og:title\" content=\"Cultura organizacional y cambio organizacional -\" \/>\n<meta property=\"og:description\" content=\"Descubre c\u00f3mo la cultura y el cambio organizacional pueden impulsar el \u00e9xito de tu PYME. Aprende estrategias efectivas para liderar y adaptarte.\" \/>\n<meta property=\"og:url\" content=\"https:\/\/www.cubodeideas.com\/blog\/negocios\/cultura-organizacional-y-cambio-organizacional\/\" \/>\n<meta property=\"article:publisher\" content=\"https:\/\/www.facebook.com\/somoscubodeideas\" \/>\n<meta property=\"article:published_time\" content=\"2024-02-04T05:38:56+00:00\" \/>\n<meta property=\"og:image\" content=\"https:\/\/www.cubodeideas.com\/blog\/wp-content\/uploads\/2024\/02\/meeting-2284501_1280.jpg\" \/>\n\t<meta property=\"og:image:width\" content=\"1280\" \/>\n\t<meta property=\"og:image:height\" content=\"800\" \/>\n\t<meta property=\"og:image:type\" content=\"image\/jpeg\" \/>\n<meta name=\"author\" content=\"Noel Castro\" \/>\n<meta name=\"twitter:card\" content=\"summary_large_image\" \/>\n<meta name=\"twitter:creator\" content=\"@cubo_ideas\" \/>\n<meta name=\"twitter:site\" content=\"@cubo_ideas\" \/>\n<meta name=\"twitter:label1\" content=\"Escrito por\" \/>\n\t<meta name=\"twitter:data1\" content=\"Noel Castro\" \/>\n\t<meta name=\"twitter:label2\" content=\"Tiempo de lectura\" \/>\n\t<meta name=\"twitter:data2\" content=\"3 minutos\" \/>\n<script type=\"application\/ld+json\" class=\"yoast-schema-graph\">{\"@context\":\"https:\/\/schema.org\",\"@graph\":[{\"@type\":\"Article\",\"@id\":\"https:\/\/www.cubodeideas.com\/blog\/negocios\/cultura-organizacional-y-cambio-organizacional\/#article\",\"isPartOf\":{\"@id\":\"https:\/\/www.cubodeideas.com\/blog\/negocios\/cultura-organizacional-y-cambio-organizacional\/\"},\"author\":{\"name\":\"Noel Castro\",\"@id\":\"https:\/\/www.cubodeideas.com\/blog\/#\/schema\/person\/5614e43eb76109017cff51a2c7928211\"},\"headline\":\"Cultura organizacional y cambio organizacional\",\"datePublished\":\"2024-02-04T05:38:56+00:00\",\"mainEntityOfPage\":{\"@id\":\"https:\/\/www.cubodeideas.com\/blog\/negocios\/cultura-organizacional-y-cambio-organizacional\/\"},\"wordCount\":582,\"commentCount\":0,\"publisher\":{\"@id\":\"https:\/\/www.cubodeideas.com\/blog\/#organization\"},\"image\":{\"@id\":\"https:\/\/www.cubodeideas.com\/blog\/negocios\/cultura-organizacional-y-cambio-organizacional\/#primaryimage\"},\"thumbnailUrl\":\"https:\/\/www.cubodeideas.com\/blog\/wp-content\/uploads\/2024\/02\/meeting-2284501_1280.jpg\",\"keywords\":[\"Cambio organizacional\",\"Cultura Organizacional.\",\"Desarrollo Organizacional\",\"Gesti\u00f3n de Pymes\",\"Liderazgo Empresarial\"],\"articleSection\":[\"Negocios\"],\"inLanguage\":\"es\",\"potentialAction\":[{\"@type\":\"CommentAction\",\"name\":\"Comment\",\"target\":[\"https:\/\/www.cubodeideas.com\/blog\/negocios\/cultura-organizacional-y-cambio-organizacional\/#respond\"]}]},{\"@type\":\"WebPage\",\"@id\":\"https:\/\/www.cubodeideas.com\/blog\/negocios\/cultura-organizacional-y-cambio-organizacional\/\",\"url\":\"https:\/\/www.cubodeideas.com\/blog\/negocios\/cultura-organizacional-y-cambio-organizacional\/\",\"name\":\"Cultura organizacional y cambio organizacional -\",\"isPartOf\":{\"@id\":\"https:\/\/www.cubodeideas.com\/blog\/#website\"},\"primaryImageOfPage\":{\"@id\":\"https:\/\/www.cubodeideas.com\/blog\/negocios\/cultura-organizacional-y-cambio-organizacional\/#primaryimage\"},\"image\":{\"@id\":\"https:\/\/www.cubodeideas.com\/blog\/negocios\/cultura-organizacional-y-cambio-organizacional\/#primaryimage\"},\"thumbnailUrl\":\"https:\/\/www.cubodeideas.com\/blog\/wp-content\/uploads\/2024\/02\/meeting-2284501_1280.jpg\",\"datePublished\":\"2024-02-04T05:38:56+00:00\",\"description\":\"Descubre c\u00f3mo la cultura y el cambio organizacional pueden impulsar el \u00e9xito de tu PYME. Aprende estrategias efectivas para liderar y adaptarte.\",\"breadcrumb\":{\"@id\":\"https:\/\/www.cubodeideas.com\/blog\/negocios\/cultura-organizacional-y-cambio-organizacional\/#breadcrumb\"},\"inLanguage\":\"es\",\"potentialAction\":[{\"@type\":\"ReadAction\",\"target\":[\"https:\/\/www.cubodeideas.com\/blog\/negocios\/cultura-organizacional-y-cambio-organizacional\/\"]}]},{\"@type\":\"ImageObject\",\"inLanguage\":\"es\",\"@id\":\"https:\/\/www.cubodeideas.com\/blog\/negocios\/cultura-organizacional-y-cambio-organizacional\/#primaryimage\",\"url\":\"https:\/\/www.cubodeideas.com\/blog\/wp-content\/uploads\/2024\/02\/meeting-2284501_1280.jpg\",\"contentUrl\":\"https:\/\/www.cubodeideas.com\/blog\/wp-content\/uploads\/2024\/02\/meeting-2284501_1280.jpg\",\"width\":1280,\"height\":800,\"caption\":\"gesti\u00f3n del talento\"},{\"@type\":\"BreadcrumbList\",\"@id\":\"https:\/\/www.cubodeideas.com\/blog\/negocios\/cultura-organizacional-y-cambio-organizacional\/#breadcrumb\",\"itemListElement\":[{\"@type\":\"ListItem\",\"position\":1,\"name\":\"Portada\",\"item\":\"https:\/\/www.cubodeideas.com\/blog\/\"},{\"@type\":\"ListItem\",\"position\":2,\"name\":\"Cultura organizacional y cambio organizacional\"}]},{\"@type\":\"WebSite\",\"@id\":\"https:\/\/www.cubodeideas.com\/blog\/#website\",\"url\":\"https:\/\/www.cubodeideas.com\/blog\/\",\"name\":\"Cubo de Ideas\",\"description\":\"Cubo de Ideas, El Blog\",\"publisher\":{\"@id\":\"https:\/\/www.cubodeideas.com\/blog\/#organization\"},\"potentialAction\":[{\"@type\":\"SearchAction\",\"target\":{\"@type\":\"EntryPoint\",\"urlTemplate\":\"https:\/\/www.cubodeideas.com\/blog\/?s={search_term_string}\"},\"query-input\":{\"@type\":\"PropertyValueSpecification\",\"valueRequired\":true,\"valueName\":\"search_term_string\"}}],\"inLanguage\":\"es\"},{\"@type\":\"Organization\",\"@id\":\"https:\/\/www.cubodeideas.com\/blog\/#organization\",\"name\":\"Cubo de Ideas\",\"url\":\"https:\/\/www.cubodeideas.com\/blog\/\",\"logo\":{\"@type\":\"ImageObject\",\"inLanguage\":\"es\",\"@id\":\"https:\/\/www.cubodeideas.com\/blog\/#\/schema\/logo\/image\/\",\"url\":\"https:\/\/www.cubodeideas.com\/blog\/wp-content\/uploads\/2021\/10\/android-icon-72x72-1.png\",\"contentUrl\":\"https:\/\/www.cubodeideas.com\/blog\/wp-content\/uploads\/2021\/10\/android-icon-72x72-1.png\",\"width\":72,\"height\":72,\"caption\":\"Cubo de Ideas\"},\"image\":{\"@id\":\"https:\/\/www.cubodeideas.com\/blog\/#\/schema\/logo\/image\/\"},\"sameAs\":[\"https:\/\/www.facebook.com\/somoscubodeideas\",\"https:\/\/x.com\/cubo_ideas\",\"https:\/\/www.instagram.com\/cubodeideas\"]},{\"@type\":\"Person\",\"@id\":\"https:\/\/www.cubodeideas.com\/blog\/#\/schema\/person\/5614e43eb76109017cff51a2c7928211\",\"name\":\"Noel Castro\",\"description\":\"LEM Noel Castro Monta\u00f1o es CEO de Cubo de Ideas, Director de Operaciones para Citosa Textiles. Asesor de nuevos mercados y estrategias digitales para el segmento Retail. Especialista en marketing para autoservicios y puntos de venta. Especialista en sistemas de gesti\u00f3n de la calidad con enfoque a la ISO 9001:2015\",\"sameAs\":[\"https:\/\/www.cubodeideas.com\/blog\"],\"url\":\"https:\/\/www.cubodeideas.com\/blog\/author\/admin\/\"}]}<\/script>\n<!-- \/ Yoast SEO plugin. -->","yoast_head_json":{"title":"Cultura organizacional y cambio organizacional -","description":"Descubre c\u00f3mo la cultura y el cambio organizacional pueden impulsar el \u00e9xito de tu PYME. Aprende estrategias efectivas para liderar y adaptarte.","robots":{"index":"index","follow":"follow","max-snippet":"max-snippet:-1","max-image-preview":"max-image-preview:large","max-video-preview":"max-video-preview:-1"},"canonical":"https:\/\/www.cubodeideas.com\/blog\/negocios\/cultura-organizacional-y-cambio-organizacional\/","og_locale":"es_ES","og_type":"article","og_title":"Cultura organizacional y cambio organizacional -","og_description":"Descubre c\u00f3mo la cultura y el cambio organizacional pueden impulsar el \u00e9xito de tu PYME. Aprende estrategias efectivas para liderar y adaptarte.","og_url":"https:\/\/www.cubodeideas.com\/blog\/negocios\/cultura-organizacional-y-cambio-organizacional\/","article_publisher":"https:\/\/www.facebook.com\/somoscubodeideas","article_published_time":"2024-02-04T05:38:56+00:00","og_image":[{"width":1280,"height":800,"url":"https:\/\/www.cubodeideas.com\/blog\/wp-content\/uploads\/2024\/02\/meeting-2284501_1280.jpg","type":"image\/jpeg"}],"author":"Noel Castro","twitter_card":"summary_large_image","twitter_creator":"@cubo_ideas","twitter_site":"@cubo_ideas","twitter_misc":{"Escrito por":"Noel Castro","Tiempo de lectura":"3 minutos"},"schema":{"@context":"https:\/\/schema.org","@graph":[{"@type":"Article","@id":"https:\/\/www.cubodeideas.com\/blog\/negocios\/cultura-organizacional-y-cambio-organizacional\/#article","isPartOf":{"@id":"https:\/\/www.cubodeideas.com\/blog\/negocios\/cultura-organizacional-y-cambio-organizacional\/"},"author":{"name":"Noel Castro","@id":"https:\/\/www.cubodeideas.com\/blog\/#\/schema\/person\/5614e43eb76109017cff51a2c7928211"},"headline":"Cultura organizacional y cambio organizacional","datePublished":"2024-02-04T05:38:56+00:00","mainEntityOfPage":{"@id":"https:\/\/www.cubodeideas.com\/blog\/negocios\/cultura-organizacional-y-cambio-organizacional\/"},"wordCount":582,"commentCount":0,"publisher":{"@id":"https:\/\/www.cubodeideas.com\/blog\/#organization"},"image":{"@id":"https:\/\/www.cubodeideas.com\/blog\/negocios\/cultura-organizacional-y-cambio-organizacional\/#primaryimage"},"thumbnailUrl":"https:\/\/www.cubodeideas.com\/blog\/wp-content\/uploads\/2024\/02\/meeting-2284501_1280.jpg","keywords":["Cambio organizacional","Cultura Organizacional.","Desarrollo Organizacional","Gesti\u00f3n de Pymes","Liderazgo Empresarial"],"articleSection":["Negocios"],"inLanguage":"es","potentialAction":[{"@type":"CommentAction","name":"Comment","target":["https:\/\/www.cubodeideas.com\/blog\/negocios\/cultura-organizacional-y-cambio-organizacional\/#respond"]}]},{"@type":"WebPage","@id":"https:\/\/www.cubodeideas.com\/blog\/negocios\/cultura-organizacional-y-cambio-organizacional\/","url":"https:\/\/www.cubodeideas.com\/blog\/negocios\/cultura-organizacional-y-cambio-organizacional\/","name":"Cultura organizacional y cambio organizacional -","isPartOf":{"@id":"https:\/\/www.cubodeideas.com\/blog\/#website"},"primaryImageOfPage":{"@id":"https:\/\/www.cubodeideas.com\/blog\/negocios\/cultura-organizacional-y-cambio-organizacional\/#primaryimage"},"image":{"@id":"https:\/\/www.cubodeideas.com\/blog\/negocios\/cultura-organizacional-y-cambio-organizacional\/#primaryimage"},"thumbnailUrl":"https:\/\/www.cubodeideas.com\/blog\/wp-content\/uploads\/2024\/02\/meeting-2284501_1280.jpg","datePublished":"2024-02-04T05:38:56+00:00","description":"Descubre c\u00f3mo la cultura y el cambio organizacional pueden impulsar el \u00e9xito de tu PYME. Aprende estrategias efectivas para liderar y adaptarte.","breadcrumb":{"@id":"https:\/\/www.cubodeideas.com\/blog\/negocios\/cultura-organizacional-y-cambio-organizacional\/#breadcrumb"},"inLanguage":"es","potentialAction":[{"@type":"ReadAction","target":["https:\/\/www.cubodeideas.com\/blog\/negocios\/cultura-organizacional-y-cambio-organizacional\/"]}]},{"@type":"ImageObject","inLanguage":"es","@id":"https:\/\/www.cubodeideas.com\/blog\/negocios\/cultura-organizacional-y-cambio-organizacional\/#primaryimage","url":"https:\/\/www.cubodeideas.com\/blog\/wp-content\/uploads\/2024\/02\/meeting-2284501_1280.jpg","contentUrl":"https:\/\/www.cubodeideas.com\/blog\/wp-content\/uploads\/2024\/02\/meeting-2284501_1280.jpg","width":1280,"height":800,"caption":"gesti\u00f3n del talento"},{"@type":"BreadcrumbList","@id":"https:\/\/www.cubodeideas.com\/blog\/negocios\/cultura-organizacional-y-cambio-organizacional\/#breadcrumb","itemListElement":[{"@type":"ListItem","position":1,"name":"Portada","item":"https:\/\/www.cubodeideas.com\/blog\/"},{"@type":"ListItem","position":2,"name":"Cultura organizacional y cambio organizacional"}]},{"@type":"WebSite","@id":"https:\/\/www.cubodeideas.com\/blog\/#website","url":"https:\/\/www.cubodeideas.com\/blog\/","name":"Cubo de Ideas","description":"Cubo de Ideas, El Blog","publisher":{"@id":"https:\/\/www.cubodeideas.com\/blog\/#organization"},"potentialAction":[{"@type":"SearchAction","target":{"@type":"EntryPoint","urlTemplate":"https:\/\/www.cubodeideas.com\/blog\/?s={search_term_string}"},"query-input":{"@type":"PropertyValueSpecification","valueRequired":true,"valueName":"search_term_string"}}],"inLanguage":"es"},{"@type":"Organization","@id":"https:\/\/www.cubodeideas.com\/blog\/#organization","name":"Cubo de Ideas","url":"https:\/\/www.cubodeideas.com\/blog\/","logo":{"@type":"ImageObject","inLanguage":"es","@id":"https:\/\/www.cubodeideas.com\/blog\/#\/schema\/logo\/image\/","url":"https:\/\/www.cubodeideas.com\/blog\/wp-content\/uploads\/2021\/10\/android-icon-72x72-1.png","contentUrl":"https:\/\/www.cubodeideas.com\/blog\/wp-content\/uploads\/2021\/10\/android-icon-72x72-1.png","width":72,"height":72,"caption":"Cubo de Ideas"},"image":{"@id":"https:\/\/www.cubodeideas.com\/blog\/#\/schema\/logo\/image\/"},"sameAs":["https:\/\/www.facebook.com\/somoscubodeideas","https:\/\/x.com\/cubo_ideas","https:\/\/www.instagram.com\/cubodeideas"]},{"@type":"Person","@id":"https:\/\/www.cubodeideas.com\/blog\/#\/schema\/person\/5614e43eb76109017cff51a2c7928211","name":"Noel Castro","description":"LEM Noel Castro Monta\u00f1o es CEO de Cubo de Ideas, Director de Operaciones para Citosa Textiles. Asesor de nuevos mercados y estrategias digitales para el segmento Retail. Especialista en marketing para autoservicios y puntos de venta. Especialista en sistemas de gesti\u00f3n de la calidad con enfoque a la ISO 9001:2015","sameAs":["https:\/\/www.cubodeideas.com\/blog"],"url":"https:\/\/www.cubodeideas.com\/blog\/author\/admin\/"}]}},"jetpack_publicize_connections":[],"_links":{"self":[{"href":"https:\/\/www.cubodeideas.com\/blog\/wp-json\/wp\/v2\/posts\/1405","targetHints":{"allow":["GET"]}}],"collection":[{"href":"https:\/\/www.cubodeideas.com\/blog\/wp-json\/wp\/v2\/posts"}],"about":[{"href":"https:\/\/www.cubodeideas.com\/blog\/wp-json\/wp\/v2\/types\/post"}],"author":[{"embeddable":true,"href":"https:\/\/www.cubodeideas.com\/blog\/wp-json\/wp\/v2\/users\/1"}],"replies":[{"embeddable":true,"href":"https:\/\/www.cubodeideas.com\/blog\/wp-json\/wp\/v2\/comments?post=1405"}],"version-history":[{"count":1,"href":"https:\/\/www.cubodeideas.com\/blog\/wp-json\/wp\/v2\/posts\/1405\/revisions"}],"predecessor-version":[{"id":1407,"href":"https:\/\/www.cubodeideas.com\/blog\/wp-json\/wp\/v2\/posts\/1405\/revisions\/1407"}],"wp:featuredmedia":[{"embeddable":true,"href":"https:\/\/www.cubodeideas.com\/blog\/wp-json\/wp\/v2\/media\/1406"}],"wp:attachment":[{"href":"https:\/\/www.cubodeideas.com\/blog\/wp-json\/wp\/v2\/media?parent=1405"}],"wp:term":[{"taxonomy":"category","embeddable":true,"href":"https:\/\/www.cubodeideas.com\/blog\/wp-json\/wp\/v2\/categories?post=1405"},{"taxonomy":"post_tag","embeddable":true,"href":"https:\/\/www.cubodeideas.com\/blog\/wp-json\/wp\/v2\/tags?post=1405"}],"curies":[{"name":"wp","href":"https:\/\/api.w.org\/{rel}","templated":true}]}}