{"id":1402,"date":"2024-02-04T05:33:56","date_gmt":"2024-02-04T05:33:56","guid":{"rendered":"https:\/\/www.cubodeideas.com\/blog\/?p=1402"},"modified":"2024-02-04T05:33:56","modified_gmt":"2024-02-04T05:33:56","slug":"comunicacion-efectiva-y-gestion-de-equipos","status":"publish","type":"post","link":"https:\/\/www.cubodeideas.com\/blog\/negocios\/comunicacion-efectiva-y-gestion-de-equipos\/","title":{"rendered":"Comunicaci\u00f3n efectiva y gesti\u00f3n de equipos"},"content":{"rendered":"<p>La comunicaci\u00f3n efectiva y la gesti\u00f3n de equipos son habilidades esenciales para los l\u00edderes en el entorno empresarial de hoy, especialmente en el contexto de las peque\u00f1as y medianas empresas (pymes). Estas habilidades son cruciales no solo para mantener un flujo de trabajo eficiente, sino tambi\u00e9n para fomentar un ambiente de trabajo positivo y colaborativo. En este art\u00edculo, exploraremos t\u00e9cnicas y estrategias para mejorar la comunicaci\u00f3n y la gesti\u00f3n de equipos, enfoc\u00e1ndonos en c\u00f3mo los l\u00edderes de pymes pueden aplicar estos conceptos para impulsar el \u00e9xito y el desarrollo organizacional.<\/p>\n<h2>La Importancia de la Comunicaci\u00f3n Efectiva en la Gesti\u00f3n de Equipos<\/h2>\n<p>Una comunicaci\u00f3n clara y efectiva es la piedra angular de una gesti\u00f3n de equipos exitosa. Facilita la comprensi\u00f3n mutua, ayuda a alinear los objetivos y fortalece las relaciones dentro del equipo.<\/p>\n<h3>Estrategias para Mejorar la Comunicaci\u00f3n en Equipos<\/h3>\n<h4>Fomentar un Entorno de Comunicaci\u00f3n Abierta<\/h4>\n<p>Crear un entorno donde los miembros del equipo se sientan c\u00f3modos compartiendo ideas y feedback es esencial. Los l\u00edderes deben promover una cultura de comunicaci\u00f3n abierta, donde las opiniones de todos sean valoradas y consideradas. Esto no solo mejora el flujo de informaci\u00f3n sino que tambi\u00e9n aumenta la confianza y el respeto dentro del equipo.<\/p>\n<h4>Uso Efectivo de Herramientas de Comunicaci\u00f3n<\/h4>\n<p>En la era digital, utilizar las herramientas de comunicaci\u00f3n adecuadas es crucial. Desde el correo electr\u00f3nico y las plataformas de mensajer\u00eda hasta las herramientas de gesti\u00f3n de proyectos y videoconferencias, seleccionar y utilizar eficazmente estas herramientas puede mejorar significativamente la claridad y la eficiencia de la comunicaci\u00f3n.<\/p>\n<h3>Superando Barreras en la Comunicaci\u00f3n<\/h3>\n<h4>Identificaci\u00f3n y Manejo de Barreras<\/h4>\n<p>Reconocer y abordar las barreras en la comunicaci\u00f3n es vital. Estas pueden incluir diferencias culturales, barreras ling\u00fc\u00edsticas o simplemente malentendidos. Los l\u00edderes deben ser proactivos en identificar estas barreras y trabajar para superarlas, asegurando que todos en el equipo est\u00e9n en la misma p\u00e1gina.<\/p>\n<h4>Capacitaci\u00f3n y Desarrollo en Habilidades Comunicativas<\/h4>\n<p>Ofrecer capacitaci\u00f3n y oportunidades de desarrollo para mejorar las habilidades comunicativas del equipo puede ser muy beneficioso. Esto puede incluir talleres sobre comunicaci\u00f3n efectiva, resoluci\u00f3n de conflictos y escucha activa.<\/p>\n<h2>Gesti\u00f3n Efectiva de Equipos en Pymes<\/h2>\n<p>La gesti\u00f3n de equipos implica m\u00e1s que solo supervisar el trabajo; se trata de motivar, guiar y apoyar a los miembros del equipo para alcanzar su m\u00e1ximo potencial.<\/p>\n<h3>Construyendo y Manteniendo Equipos Fuertes<\/h3>\n<h4>Selecci\u00f3n y Desarrollo de Equipos<\/h4>\n<p>Construir un equipo fuerte comienza con la selecci\u00f3n de los miembros adecuados. Los l\u00edderes deben buscar no solo habilidades y experiencia, sino tambi\u00e9n un buen ajuste con la cultura del equipo y la empresa. Una vez formado el equipo, el enfoque debe estar en su desarrollo continuo y en la construcci\u00f3n de una din\u00e1mica de equipo s\u00f3lida.<\/p>\n<h4>Fomento del Trabajo en Equipo y la Colaboraci\u00f3n<\/h4>\n<p>Promover un ambiente de trabajo en equipo y colaboraci\u00f3n es esencial. Esto implica no solo asignar tareas y proyectos de manera efectiva, sino tambi\u00e9n fomentar una atm\u00f3sfera donde la colaboraci\u00f3n y el apoyo mutuo sean la norma. Los l\u00edderes deben ser modelos a seguir en este aspecto, demostrando y valorando el trabajo en equipo en todas las interacciones.<\/p>\n<h3>Estrategias para Manejar Diversos Equipos<\/h3>\n<h4>Manejo de la Diversidad en el Lugar de Trabajo<\/h4>\n<p>La diversidad en el lugar de trabajo puede ser una gran fortaleza para cualquier equipo. Los l\u00edderes deben saber c\u00f3mo manejar y valorar la diversidad, asegurando que todos los miembros del equipo se sientan incluidos y respetados. Esto requiere una comprensi\u00f3n y apreciaci\u00f3n de las diferentes perspectivas y antecedentes.<\/p>\n<h4>Adaptaci\u00f3n a Diferentes Estilos de Trabajo<\/h4>\n<p>Cada miembro del equipo puede tener un estilo de trabajo \u00fanico. Los l\u00edderes exitosos son aquellos que pueden adaptar su enfoque de gesti\u00f3n para satisfacer las necesidades individuales, al tiempo que mantienen los objetivos y est\u00e1ndares del equipo.<\/p>\n<h2>Conclusi\u00f3n<\/h2>\n<p>Para los l\u00edderes de pymes, dominar la comunicaci\u00f3n efectiva y la gesti\u00f3n de equipos es fundamental para el \u00e9xito empresarial. Al implementar estrategias efectivas de comunicaci\u00f3n y desarrollar habilidades s\u00f3lidas en la gesti\u00f3n de equipos, los l\u00edderes pueden crear un entorno de trabajo din\u00e1mico y colaborativo que no solo mejora el rendimiento, sino que tambi\u00e9n impulsa la satisfacci\u00f3n y el crecimiento del equipo. Estos elementos son esenciales para construir una organizaci\u00f3n resiliente y preparada para enfrentar los desaf\u00edos del mercado actual.<\/p>\n<p>&nbsp;<\/p>\n<p>Imagen de <a href=\"https:\/\/pixabay.com\/es\/users\/mohamed_hassan-5229782\/?utm_source=link-attribution&amp;utm_medium=referral&amp;utm_campaign=image&amp;utm_content=3213924\">Mohamed Hassan<\/a> en <a href=\"https:\/\/pixabay.com\/es\/\/?utm_source=link-attribution&amp;utm_medium=referral&amp;utm_campaign=image&amp;utm_content=3213924\">Pixabay<\/a><\/p>\n<div class=\"pvc_clear\"><\/div>\n<p id=\"pvc_stats_1402\" class=\"pvc_stats all  \" data-element-id=\"1402\" style=\"\"><i class=\"pvc-stats-icon medium\" aria-hidden=\"true\"><svg aria-hidden=\"true\" focusable=\"false\" data-prefix=\"far\" data-icon=\"chart-bar\" role=\"img\" xmlns=\"http:\/\/www.w3.org\/2000\/svg\" viewBox=\"0 0 512 512\" class=\"svg-inline--fa fa-chart-bar fa-w-16 fa-2x\"><path fill=\"currentColor\" d=\"M396.8 352h22.4c6.4 0 12.8-6.4 12.8-12.8V108.8c0-6.4-6.4-12.8-12.8-12.8h-22.4c-6.4 0-12.8 6.4-12.8 12.8v230.4c0 6.4 6.4 12.8 12.8 12.8zm-192 0h22.4c6.4 0 12.8-6.4 12.8-12.8V140.8c0-6.4-6.4-12.8-12.8-12.8h-22.4c-6.4 0-12.8 6.4-12.8 12.8v198.4c0 6.4 6.4 12.8 12.8 12.8zm96 0h22.4c6.4 0 12.8-6.4 12.8-12.8V204.8c0-6.4-6.4-12.8-12.8-12.8h-22.4c-6.4 0-12.8 6.4-12.8 12.8v134.4c0 6.4 6.4 12.8 12.8 12.8zM496 400H48V80c0-8.84-7.16-16-16-16H16C7.16 64 0 71.16 0 80v336c0 17.67 14.33 32 32 32h464c8.84 0 16-7.16 16-16v-16c0-8.84-7.16-16-16-16zm-387.2-48h22.4c6.4 0 12.8-6.4 12.8-12.8v-70.4c0-6.4-6.4-12.8-12.8-12.8h-22.4c-6.4 0-12.8 6.4-12.8 12.8v70.4c0 6.4 6.4 12.8 12.8 12.8z\" class=\"\"><\/path><\/svg><\/i> <img loading=\"lazy\" decoding=\"async\" width=\"16\" height=\"16\" alt=\"Loading\" src=\"https:\/\/www.cubodeideas.com\/blog\/wp-content\/plugins\/page-views-count\/ajax-loader-2x.gif\" border=0 \/><\/p>\n<div class=\"pvc_clear\"><\/div>\n","protected":false},"excerpt":{"rendered":"<p>La comunicaci\u00f3n efectiva y la gesti\u00f3n de equipos son habilidades esenciales para los l\u00edderes en el entorno empresarial de hoy, especialmente en el contexto de las peque\u00f1as y medianas empresas (pymes). Estas habilidades son cruciales no solo para mantener un flujo de trabajo eficiente, sino tambi\u00e9n para fomentar un ambiente de trabajo positivo y colaborativo. [&hellip;]<\/p>\n<div class=\"pvc_clear\"><\/div>\n<p id=\"pvc_stats_1402\" class=\"pvc_stats all  \" data-element-id=\"1402\" style=\"\"><i class=\"pvc-stats-icon medium\" aria-hidden=\"true\"><svg aria-hidden=\"true\" focusable=\"false\" data-prefix=\"far\" data-icon=\"chart-bar\" role=\"img\" xmlns=\"http:\/\/www.w3.org\/2000\/svg\" viewBox=\"0 0 512 512\" class=\"svg-inline--fa fa-chart-bar fa-w-16 fa-2x\"><path fill=\"currentColor\" d=\"M396.8 352h22.4c6.4 0 12.8-6.4 12.8-12.8V108.8c0-6.4-6.4-12.8-12.8-12.8h-22.4c-6.4 0-12.8 6.4-12.8 12.8v230.4c0 6.4 6.4 12.8 12.8 12.8zm-192 0h22.4c6.4 0 12.8-6.4 12.8-12.8V140.8c0-6.4-6.4-12.8-12.8-12.8h-22.4c-6.4 0-12.8 6.4-12.8 12.8v198.4c0 6.4 6.4 12.8 12.8 12.8zm96 0h22.4c6.4 0 12.8-6.4 12.8-12.8V204.8c0-6.4-6.4-12.8-12.8-12.8h-22.4c-6.4 0-12.8 6.4-12.8 12.8v134.4c0 6.4 6.4 12.8 12.8 12.8zM496 400H48V80c0-8.84-7.16-16-16-16H16C7.16 64 0 71.16 0 80v336c0 17.67 14.33 32 32 32h464c8.84 0 16-7.16 16-16v-16c0-8.84-7.16-16-16-16zm-387.2-48h22.4c6.4 0 12.8-6.4 12.8-12.8v-70.4c0-6.4-6.4-12.8-12.8-12.8h-22.4c-6.4 0-12.8 6.4-12.8 12.8v70.4c0 6.4 6.4 12.8 12.8 12.8z\" class=\"\"><\/path><\/svg><\/i> <img loading=\"lazy\" decoding=\"async\" width=\"16\" height=\"16\" alt=\"Loading\" src=\"https:\/\/www.cubodeideas.com\/blog\/wp-content\/plugins\/page-views-count\/ajax-loader-2x.gif\" border=0 \/><\/p>\n<div class=\"pvc_clear\"><\/div>\n","protected":false},"author":1,"featured_media":1403,"comment_status":"open","ping_status":"closed","sticky":false,"template":"","format":"standard","meta":{"footnotes":"","jetpack_publicize_message":"","jetpack_publicize_feature_enabled":true,"jetpack_social_post_already_shared":false,"jetpack_social_options":{"image_generator_settings":{"template":"highway","default_image_id":0,"font":"","enabled":false},"version":2}},"categories":[13],"tags":[127,491,494,128,45],"class_list":["post-1402","post","type-post","status-publish","format-standard","has-post-thumbnail","hentry","category-negocios","tag-comunicacion-efectiva","tag-desarrollo-organizacional","tag-gestion-de-equipos","tag-liderazgo","tag-pymes"],"blocksy_meta":[],"yoast_head":"<!-- This site is optimized with the Yoast SEO plugin v27.0 - https:\/\/yoast.com\/product\/yoast-seo-wordpress\/ -->\n<title>Comunicaci\u00f3n efectiva y gesti\u00f3n de equipos -<\/title>\n<meta name=\"description\" content=\"Descubre estrategias esenciales de comunicaci\u00f3n y gesti\u00f3n de equipos para l\u00edderes de pymes. Aprende a fomentar la colaboraci\u00f3n y el rendimiento \u00f3ptimo.\" \/>\n<meta name=\"robots\" content=\"index, follow, max-snippet:-1, max-image-preview:large, max-video-preview:-1\" \/>\n<link rel=\"canonical\" href=\"https:\/\/www.cubodeideas.com\/blog\/negocios\/comunicacion-efectiva-y-gestion-de-equipos\/\" \/>\n<meta property=\"og:locale\" content=\"es_ES\" \/>\n<meta property=\"og:type\" content=\"article\" \/>\n<meta property=\"og:title\" content=\"Comunicaci\u00f3n efectiva y gesti\u00f3n de equipos -\" \/>\n<meta property=\"og:description\" content=\"Descubre estrategias esenciales de comunicaci\u00f3n y gesti\u00f3n de equipos para l\u00edderes de pymes. Aprende a fomentar la colaboraci\u00f3n y el rendimiento \u00f3ptimo.\" \/>\n<meta property=\"og:url\" content=\"https:\/\/www.cubodeideas.com\/blog\/negocios\/comunicacion-efectiva-y-gestion-de-equipos\/\" \/>\n<meta property=\"article:publisher\" content=\"https:\/\/www.facebook.com\/somoscubodeideas\" \/>\n<meta property=\"article:published_time\" content=\"2024-02-04T05:33:56+00:00\" \/>\n<meta property=\"og:image\" content=\"https:\/\/www.cubodeideas.com\/blog\/wp-content\/uploads\/2024\/02\/teamwork-3213924_1280.jpg\" \/>\n\t<meta property=\"og:image:width\" content=\"1280\" \/>\n\t<meta property=\"og:image:height\" content=\"807\" \/>\n\t<meta property=\"og:image:type\" content=\"image\/jpeg\" \/>\n<meta name=\"author\" content=\"Noel Castro\" \/>\n<meta name=\"twitter:card\" content=\"summary_large_image\" \/>\n<meta name=\"twitter:creator\" content=\"@cubo_ideas\" \/>\n<meta name=\"twitter:site\" content=\"@cubo_ideas\" \/>\n<meta name=\"twitter:label1\" content=\"Escrito por\" \/>\n\t<meta name=\"twitter:data1\" content=\"Noel Castro\" \/>\n\t<meta name=\"twitter:label2\" content=\"Tiempo de lectura\" \/>\n\t<meta name=\"twitter:data2\" content=\"4 minutos\" \/>\n<script type=\"application\/ld+json\" class=\"yoast-schema-graph\">{\"@context\":\"https:\/\/schema.org\",\"@graph\":[{\"@type\":\"Article\",\"@id\":\"https:\/\/www.cubodeideas.com\/blog\/negocios\/comunicacion-efectiva-y-gestion-de-equipos\/#article\",\"isPartOf\":{\"@id\":\"https:\/\/www.cubodeideas.com\/blog\/negocios\/comunicacion-efectiva-y-gestion-de-equipos\/\"},\"author\":{\"name\":\"Noel Castro\",\"@id\":\"https:\/\/www.cubodeideas.com\/blog\/#\/schema\/person\/5614e43eb76109017cff51a2c7928211\"},\"headline\":\"Comunicaci\u00f3n efectiva y gesti\u00f3n de equipos\",\"datePublished\":\"2024-02-04T05:33:56+00:00\",\"mainEntityOfPage\":{\"@id\":\"https:\/\/www.cubodeideas.com\/blog\/negocios\/comunicacion-efectiva-y-gestion-de-equipos\/\"},\"wordCount\":793,\"commentCount\":0,\"publisher\":{\"@id\":\"https:\/\/www.cubodeideas.com\/blog\/#organization\"},\"image\":{\"@id\":\"https:\/\/www.cubodeideas.com\/blog\/negocios\/comunicacion-efectiva-y-gestion-de-equipos\/#primaryimage\"},\"thumbnailUrl\":\"https:\/\/www.cubodeideas.com\/blog\/wp-content\/uploads\/2024\/02\/teamwork-3213924_1280.jpg\",\"keywords\":[\"comunicaci\u00f3n efectiva\",\"Desarrollo Organizacional\",\"Gesti\u00f3n de Equipos\",\"liderazgo\",\"PyMES\"],\"articleSection\":[\"Negocios\"],\"inLanguage\":\"es\",\"potentialAction\":[{\"@type\":\"CommentAction\",\"name\":\"Comment\",\"target\":[\"https:\/\/www.cubodeideas.com\/blog\/negocios\/comunicacion-efectiva-y-gestion-de-equipos\/#respond\"]}]},{\"@type\":\"WebPage\",\"@id\":\"https:\/\/www.cubodeideas.com\/blog\/negocios\/comunicacion-efectiva-y-gestion-de-equipos\/\",\"url\":\"https:\/\/www.cubodeideas.com\/blog\/negocios\/comunicacion-efectiva-y-gestion-de-equipos\/\",\"name\":\"Comunicaci\u00f3n efectiva y gesti\u00f3n de equipos -\",\"isPartOf\":{\"@id\":\"https:\/\/www.cubodeideas.com\/blog\/#website\"},\"primaryImageOfPage\":{\"@id\":\"https:\/\/www.cubodeideas.com\/blog\/negocios\/comunicacion-efectiva-y-gestion-de-equipos\/#primaryimage\"},\"image\":{\"@id\":\"https:\/\/www.cubodeideas.com\/blog\/negocios\/comunicacion-efectiva-y-gestion-de-equipos\/#primaryimage\"},\"thumbnailUrl\":\"https:\/\/www.cubodeideas.com\/blog\/wp-content\/uploads\/2024\/02\/teamwork-3213924_1280.jpg\",\"datePublished\":\"2024-02-04T05:33:56+00:00\",\"description\":\"Descubre estrategias esenciales de comunicaci\u00f3n y gesti\u00f3n de equipos para l\u00edderes de pymes. Aprende a fomentar la colaboraci\u00f3n y el rendimiento \u00f3ptimo.\",\"breadcrumb\":{\"@id\":\"https:\/\/www.cubodeideas.com\/blog\/negocios\/comunicacion-efectiva-y-gestion-de-equipos\/#breadcrumb\"},\"inLanguage\":\"es\",\"potentialAction\":[{\"@type\":\"ReadAction\",\"target\":[\"https:\/\/www.cubodeideas.com\/blog\/negocios\/comunicacion-efectiva-y-gestion-de-equipos\/\"]}]},{\"@type\":\"ImageObject\",\"inLanguage\":\"es\",\"@id\":\"https:\/\/www.cubodeideas.com\/blog\/negocios\/comunicacion-efectiva-y-gestion-de-equipos\/#primaryimage\",\"url\":\"https:\/\/www.cubodeideas.com\/blog\/wp-content\/uploads\/2024\/02\/teamwork-3213924_1280.jpg\",\"contentUrl\":\"https:\/\/www.cubodeideas.com\/blog\/wp-content\/uploads\/2024\/02\/teamwork-3213924_1280.jpg\",\"width\":1280,\"height\":807,\"caption\":\"gesti\u00f3n de la comunicaci\u00f3n interna en PYMEs\"},{\"@type\":\"BreadcrumbList\",\"@id\":\"https:\/\/www.cubodeideas.com\/blog\/negocios\/comunicacion-efectiva-y-gestion-de-equipos\/#breadcrumb\",\"itemListElement\":[{\"@type\":\"ListItem\",\"position\":1,\"name\":\"Portada\",\"item\":\"https:\/\/www.cubodeideas.com\/blog\/\"},{\"@type\":\"ListItem\",\"position\":2,\"name\":\"Comunicaci\u00f3n efectiva y gesti\u00f3n de equipos\"}]},{\"@type\":\"WebSite\",\"@id\":\"https:\/\/www.cubodeideas.com\/blog\/#website\",\"url\":\"https:\/\/www.cubodeideas.com\/blog\/\",\"name\":\"Cubo de Ideas\",\"description\":\"Cubo de Ideas, El Blog\",\"publisher\":{\"@id\":\"https:\/\/www.cubodeideas.com\/blog\/#organization\"},\"potentialAction\":[{\"@type\":\"SearchAction\",\"target\":{\"@type\":\"EntryPoint\",\"urlTemplate\":\"https:\/\/www.cubodeideas.com\/blog\/?s={search_term_string}\"},\"query-input\":{\"@type\":\"PropertyValueSpecification\",\"valueRequired\":true,\"valueName\":\"search_term_string\"}}],\"inLanguage\":\"es\"},{\"@type\":\"Organization\",\"@id\":\"https:\/\/www.cubodeideas.com\/blog\/#organization\",\"name\":\"Cubo de Ideas\",\"url\":\"https:\/\/www.cubodeideas.com\/blog\/\",\"logo\":{\"@type\":\"ImageObject\",\"inLanguage\":\"es\",\"@id\":\"https:\/\/www.cubodeideas.com\/blog\/#\/schema\/logo\/image\/\",\"url\":\"https:\/\/www.cubodeideas.com\/blog\/wp-content\/uploads\/2021\/10\/android-icon-72x72-1.png\",\"contentUrl\":\"https:\/\/www.cubodeideas.com\/blog\/wp-content\/uploads\/2021\/10\/android-icon-72x72-1.png\",\"width\":72,\"height\":72,\"caption\":\"Cubo de Ideas\"},\"image\":{\"@id\":\"https:\/\/www.cubodeideas.com\/blog\/#\/schema\/logo\/image\/\"},\"sameAs\":[\"https:\/\/www.facebook.com\/somoscubodeideas\",\"https:\/\/x.com\/cubo_ideas\",\"https:\/\/www.instagram.com\/cubodeideas\"]},{\"@type\":\"Person\",\"@id\":\"https:\/\/www.cubodeideas.com\/blog\/#\/schema\/person\/5614e43eb76109017cff51a2c7928211\",\"name\":\"Noel Castro\",\"description\":\"LEM Noel Castro Monta\u00f1o es CEO de Cubo de Ideas, Director de Operaciones para Citosa Textiles. Asesor de nuevos mercados y estrategias digitales para el segmento Retail. Especialista en marketing para autoservicios y puntos de venta. Especialista en sistemas de gesti\u00f3n de la calidad con enfoque a la ISO 9001:2015\",\"sameAs\":[\"https:\/\/www.cubodeideas.com\/blog\"],\"url\":\"https:\/\/www.cubodeideas.com\/blog\/author\/admin\/\"}]}<\/script>\n<!-- \/ Yoast SEO plugin. -->","yoast_head_json":{"title":"Comunicaci\u00f3n efectiva y gesti\u00f3n de equipos -","description":"Descubre estrategias esenciales de comunicaci\u00f3n y gesti\u00f3n de equipos para l\u00edderes de pymes. Aprende a fomentar la colaboraci\u00f3n y el rendimiento \u00f3ptimo.","robots":{"index":"index","follow":"follow","max-snippet":"max-snippet:-1","max-image-preview":"max-image-preview:large","max-video-preview":"max-video-preview:-1"},"canonical":"https:\/\/www.cubodeideas.com\/blog\/negocios\/comunicacion-efectiva-y-gestion-de-equipos\/","og_locale":"es_ES","og_type":"article","og_title":"Comunicaci\u00f3n efectiva y gesti\u00f3n de equipos -","og_description":"Descubre estrategias esenciales de comunicaci\u00f3n y gesti\u00f3n de equipos para l\u00edderes de pymes. Aprende a fomentar la colaboraci\u00f3n y el rendimiento \u00f3ptimo.","og_url":"https:\/\/www.cubodeideas.com\/blog\/negocios\/comunicacion-efectiva-y-gestion-de-equipos\/","article_publisher":"https:\/\/www.facebook.com\/somoscubodeideas","article_published_time":"2024-02-04T05:33:56+00:00","og_image":[{"width":1280,"height":807,"url":"https:\/\/www.cubodeideas.com\/blog\/wp-content\/uploads\/2024\/02\/teamwork-3213924_1280.jpg","type":"image\/jpeg"}],"author":"Noel Castro","twitter_card":"summary_large_image","twitter_creator":"@cubo_ideas","twitter_site":"@cubo_ideas","twitter_misc":{"Escrito por":"Noel Castro","Tiempo de lectura":"4 minutos"},"schema":{"@context":"https:\/\/schema.org","@graph":[{"@type":"Article","@id":"https:\/\/www.cubodeideas.com\/blog\/negocios\/comunicacion-efectiva-y-gestion-de-equipos\/#article","isPartOf":{"@id":"https:\/\/www.cubodeideas.com\/blog\/negocios\/comunicacion-efectiva-y-gestion-de-equipos\/"},"author":{"name":"Noel Castro","@id":"https:\/\/www.cubodeideas.com\/blog\/#\/schema\/person\/5614e43eb76109017cff51a2c7928211"},"headline":"Comunicaci\u00f3n efectiva y gesti\u00f3n de equipos","datePublished":"2024-02-04T05:33:56+00:00","mainEntityOfPage":{"@id":"https:\/\/www.cubodeideas.com\/blog\/negocios\/comunicacion-efectiva-y-gestion-de-equipos\/"},"wordCount":793,"commentCount":0,"publisher":{"@id":"https:\/\/www.cubodeideas.com\/blog\/#organization"},"image":{"@id":"https:\/\/www.cubodeideas.com\/blog\/negocios\/comunicacion-efectiva-y-gestion-de-equipos\/#primaryimage"},"thumbnailUrl":"https:\/\/www.cubodeideas.com\/blog\/wp-content\/uploads\/2024\/02\/teamwork-3213924_1280.jpg","keywords":["comunicaci\u00f3n efectiva","Desarrollo Organizacional","Gesti\u00f3n de Equipos","liderazgo","PyMES"],"articleSection":["Negocios"],"inLanguage":"es","potentialAction":[{"@type":"CommentAction","name":"Comment","target":["https:\/\/www.cubodeideas.com\/blog\/negocios\/comunicacion-efectiva-y-gestion-de-equipos\/#respond"]}]},{"@type":"WebPage","@id":"https:\/\/www.cubodeideas.com\/blog\/negocios\/comunicacion-efectiva-y-gestion-de-equipos\/","url":"https:\/\/www.cubodeideas.com\/blog\/negocios\/comunicacion-efectiva-y-gestion-de-equipos\/","name":"Comunicaci\u00f3n efectiva y gesti\u00f3n de equipos -","isPartOf":{"@id":"https:\/\/www.cubodeideas.com\/blog\/#website"},"primaryImageOfPage":{"@id":"https:\/\/www.cubodeideas.com\/blog\/negocios\/comunicacion-efectiva-y-gestion-de-equipos\/#primaryimage"},"image":{"@id":"https:\/\/www.cubodeideas.com\/blog\/negocios\/comunicacion-efectiva-y-gestion-de-equipos\/#primaryimage"},"thumbnailUrl":"https:\/\/www.cubodeideas.com\/blog\/wp-content\/uploads\/2024\/02\/teamwork-3213924_1280.jpg","datePublished":"2024-02-04T05:33:56+00:00","description":"Descubre estrategias esenciales de comunicaci\u00f3n y gesti\u00f3n de equipos para l\u00edderes de pymes. Aprende a fomentar la colaboraci\u00f3n y el rendimiento \u00f3ptimo.","breadcrumb":{"@id":"https:\/\/www.cubodeideas.com\/blog\/negocios\/comunicacion-efectiva-y-gestion-de-equipos\/#breadcrumb"},"inLanguage":"es","potentialAction":[{"@type":"ReadAction","target":["https:\/\/www.cubodeideas.com\/blog\/negocios\/comunicacion-efectiva-y-gestion-de-equipos\/"]}]},{"@type":"ImageObject","inLanguage":"es","@id":"https:\/\/www.cubodeideas.com\/blog\/negocios\/comunicacion-efectiva-y-gestion-de-equipos\/#primaryimage","url":"https:\/\/www.cubodeideas.com\/blog\/wp-content\/uploads\/2024\/02\/teamwork-3213924_1280.jpg","contentUrl":"https:\/\/www.cubodeideas.com\/blog\/wp-content\/uploads\/2024\/02\/teamwork-3213924_1280.jpg","width":1280,"height":807,"caption":"gesti\u00f3n de la comunicaci\u00f3n interna en PYMEs"},{"@type":"BreadcrumbList","@id":"https:\/\/www.cubodeideas.com\/blog\/negocios\/comunicacion-efectiva-y-gestion-de-equipos\/#breadcrumb","itemListElement":[{"@type":"ListItem","position":1,"name":"Portada","item":"https:\/\/www.cubodeideas.com\/blog\/"},{"@type":"ListItem","position":2,"name":"Comunicaci\u00f3n efectiva y gesti\u00f3n de equipos"}]},{"@type":"WebSite","@id":"https:\/\/www.cubodeideas.com\/blog\/#website","url":"https:\/\/www.cubodeideas.com\/blog\/","name":"Cubo de Ideas","description":"Cubo de Ideas, El Blog","publisher":{"@id":"https:\/\/www.cubodeideas.com\/blog\/#organization"},"potentialAction":[{"@type":"SearchAction","target":{"@type":"EntryPoint","urlTemplate":"https:\/\/www.cubodeideas.com\/blog\/?s={search_term_string}"},"query-input":{"@type":"PropertyValueSpecification","valueRequired":true,"valueName":"search_term_string"}}],"inLanguage":"es"},{"@type":"Organization","@id":"https:\/\/www.cubodeideas.com\/blog\/#organization","name":"Cubo de Ideas","url":"https:\/\/www.cubodeideas.com\/blog\/","logo":{"@type":"ImageObject","inLanguage":"es","@id":"https:\/\/www.cubodeideas.com\/blog\/#\/schema\/logo\/image\/","url":"https:\/\/www.cubodeideas.com\/blog\/wp-content\/uploads\/2021\/10\/android-icon-72x72-1.png","contentUrl":"https:\/\/www.cubodeideas.com\/blog\/wp-content\/uploads\/2021\/10\/android-icon-72x72-1.png","width":72,"height":72,"caption":"Cubo de Ideas"},"image":{"@id":"https:\/\/www.cubodeideas.com\/blog\/#\/schema\/logo\/image\/"},"sameAs":["https:\/\/www.facebook.com\/somoscubodeideas","https:\/\/x.com\/cubo_ideas","https:\/\/www.instagram.com\/cubodeideas"]},{"@type":"Person","@id":"https:\/\/www.cubodeideas.com\/blog\/#\/schema\/person\/5614e43eb76109017cff51a2c7928211","name":"Noel Castro","description":"LEM Noel Castro Monta\u00f1o es CEO de Cubo de Ideas, Director de Operaciones para Citosa Textiles. Asesor de nuevos mercados y estrategias digitales para el segmento Retail. Especialista en marketing para autoservicios y puntos de venta. Especialista en sistemas de gesti\u00f3n de la calidad con enfoque a la ISO 9001:2015","sameAs":["https:\/\/www.cubodeideas.com\/blog"],"url":"https:\/\/www.cubodeideas.com\/blog\/author\/admin\/"}]}},"jetpack_publicize_connections":[],"_links":{"self":[{"href":"https:\/\/www.cubodeideas.com\/blog\/wp-json\/wp\/v2\/posts\/1402","targetHints":{"allow":["GET"]}}],"collection":[{"href":"https:\/\/www.cubodeideas.com\/blog\/wp-json\/wp\/v2\/posts"}],"about":[{"href":"https:\/\/www.cubodeideas.com\/blog\/wp-json\/wp\/v2\/types\/post"}],"author":[{"embeddable":true,"href":"https:\/\/www.cubodeideas.com\/blog\/wp-json\/wp\/v2\/users\/1"}],"replies":[{"embeddable":true,"href":"https:\/\/www.cubodeideas.com\/blog\/wp-json\/wp\/v2\/comments?post=1402"}],"version-history":[{"count":1,"href":"https:\/\/www.cubodeideas.com\/blog\/wp-json\/wp\/v2\/posts\/1402\/revisions"}],"predecessor-version":[{"id":1404,"href":"https:\/\/www.cubodeideas.com\/blog\/wp-json\/wp\/v2\/posts\/1402\/revisions\/1404"}],"wp:featuredmedia":[{"embeddable":true,"href":"https:\/\/www.cubodeideas.com\/blog\/wp-json\/wp\/v2\/media\/1403"}],"wp:attachment":[{"href":"https:\/\/www.cubodeideas.com\/blog\/wp-json\/wp\/v2\/media?parent=1402"}],"wp:term":[{"taxonomy":"category","embeddable":true,"href":"https:\/\/www.cubodeideas.com\/blog\/wp-json\/wp\/v2\/categories?post=1402"},{"taxonomy":"post_tag","embeddable":true,"href":"https:\/\/www.cubodeideas.com\/blog\/wp-json\/wp\/v2\/tags?post=1402"}],"curies":[{"name":"wp","href":"https:\/\/api.w.org\/{rel}","templated":true}]}}