{"id":1377,"date":"2024-02-04T01:32:09","date_gmt":"2024-02-04T01:32:09","guid":{"rendered":"https:\/\/www.cubodeideas.com\/blog\/?p=1377"},"modified":"2024-02-04T01:32:09","modified_gmt":"2024-02-04T01:32:09","slug":"gestion-del-ciclo-de-vida-del-producto","status":"publish","type":"post","link":"https:\/\/www.cubodeideas.com\/blog\/negocios\/gestion-del-ciclo-de-vida-del-producto\/","title":{"rendered":"Gesti\u00f3n del ciclo de vida del producto"},"content":{"rendered":"<p>La gesti\u00f3n del ciclo de vida del producto (PLM, por sus siglas en ingl\u00e9s) es un aspecto cr\u00edtico para las peque\u00f1as y medianas empresas (pymes) que buscan maximizar el impacto y la longevidad de sus productos en el mercado. PLM abarca la planificaci\u00f3n, introducci\u00f3n, crecimiento, madurez y declive de un producto, proporcionando un marco para gestionar cambios, innovaciones y estrategias a lo largo de su vida \u00fatil. Este art\u00edculo detalla c\u00f3mo las pymes pueden implementar una gesti\u00f3n efectiva del ciclo de vida del producto para mejorar sus estrategias de desarrollo y comercializaci\u00f3n.<\/p>\n<h2>Comprendiendo el Ciclo de Vida del Producto<\/h2>\n<p>El ciclo de vida del producto es un concepto clave que ayuda a las empresas a comprender y planificar las diferentes etapas por las que pasa un producto desde su concepci\u00f3n hasta su retirada del mercado.<\/p>\n<h3>Etapas del Ciclo de Vida del Producto<\/h3>\n<p>El ciclo de vida del producto generalmente incluye varias etapas: introducci\u00f3n, crecimiento, madurez y declive. En la etapa de introducci\u00f3n, el producto se lanza al mercado. La fase de crecimiento ve un aumento en las ventas y la aceptaci\u00f3n del mercado. Durante la madurez, el crecimiento de las ventas se desacelera, y finalmente, en la etapa de declive, las ventas comienzan a disminuir.<\/p>\n<h3>Importancia de la Planificaci\u00f3n en Cada Etapa<\/h3>\n<p>Para cada etapa del ciclo de vida del producto, las pymes deben desarrollar estrategias espec\u00edficas que aborden los desaf\u00edos y oportunidades \u00fanicos de esa fase. Esto incluye decisiones sobre precios, marketing, desarrollo de productos y opciones de distribuci\u00f3n.<\/p>\n<h2>Estrategias para la Gesti\u00f3n Efectiva del Ciclo de Vida del Producto<\/h2>\n<p>Implementar estrategias efectivas de PLM es vital para extender la vida \u00fatil del producto y maximizar las ganancias.<\/p>\n<h3>Innovaci\u00f3n y Desarrollo Continuo<\/h3>\n<p>Durante las primeras etapas del ciclo de vida, la innovaci\u00f3n y el desarrollo continuo son fundamentales para mantener el producto relevante y atractivo. Esto puede implicar mejoras en el dise\u00f1o del producto, la adici\u00f3n de nuevas caracter\u00edsticas o la adaptaci\u00f3n a las cambiantes demandas del mercado.<\/p>\n<h3>Estrategias de Marketing y Adaptaci\u00f3n<\/h3>\n<p>A medida que el producto madura, las estrategias de marketing y adaptaci\u00f3n se vuelven cruciales. Las pymes deben considerar t\u00e1cticas como la diversificaci\u00f3n de productos, la reorientaci\u00f3n del mercado y las campa\u00f1as de marketing renovadas para mantener la visibilidad y el atractivo del producto.<\/p>\n<h2>Uso de la Tecnolog\u00eda en la Gesti\u00f3n del Ciclo de Vida del Producto<\/h2>\n<p>La tecnolog\u00eda juega un papel crucial en la gesti\u00f3n moderna del ciclo de vida del producto.<\/p>\n<h3>Sistemas de PLM y An\u00e1lisis de Datos<\/h3>\n<p>Los sistemas de PLM y el an\u00e1lisis de datos permiten a las pymes rastrear y analizar el rendimiento del producto a lo largo de su ciclo de vida. Esto incluye la recopilaci\u00f3n de datos de ventas, feedback de clientes y tendencias del mercado, que pueden ser utilizados para tomar decisiones informadas sobre el desarrollo y la estrategia del producto.<\/p>\n<h3>Automatizaci\u00f3n y Eficiencia<\/h3>\n<p>La automatizaci\u00f3n de ciertos aspectos de PLM puede mejorar la eficiencia y reducir los errores. Herramientas como la inteligencia artificial y el aprendizaje autom\u00e1tico pueden ayudar a predecir tendencias del mercado y optimizar las estrategias de producci\u00f3n y marketing.<\/p>\n<h2>Desaf\u00edos en la Gesti\u00f3n del Ciclo de Vida del Producto<\/h2>\n<h3>Adaptaci\u00f3n a los Cambios del Mercado<\/h3>\n<p>Uno de los mayores desaf\u00edos en la gesti\u00f3n del ciclo de vida del producto es la capacidad de adaptarse r\u00e1pidamente a los cambios en el mercado y la tecnolog\u00eda. Las pymes deben estar preparadas para pivotar o realizar ajustes estrat\u00e9gicos en respuesta a nuevos competidores, cambios en las preferencias de los clientes o avances tecnol\u00f3gicos.<\/p>\n<h3>Gesti\u00f3n del Declive del Producto<\/h3>\n<p>Manejar la etapa de declive del producto presenta sus propios desaf\u00edos. Las pymes deben tomar decisiones dif\u00edciles sobre si descontinuar un producto, encontrar formas de revitalizarlo o pivotar hacia nuevas oportunidades de mercado.<\/p>\n<h2>Conclusi\u00f3n<\/h2>\n<p>La gesti\u00f3n efectiva del ciclo de vida del producto es esencial para que las pymes maximicen el \u00e9xito y la longevidad de sus productos en el mercado. Al comprender y planificar las diversas etapas del ciclo de vida del producto, y al emplear estrategias y tecnolog\u00edas adecuadas, las empresas pueden garantizar un impacto sostenido y una rentabilidad continua de sus inversiones en productos. En \u00faltima instancia, una gesti\u00f3n estrat\u00e9gica del ciclo de vida del producto es una herramienta poderosa para impulsar la innovaci\u00f3n, la adaptabilidad y el crecimiento a largo plazo.<\/p>\n<p>&nbsp;<\/p>\n<p>&nbsp;<\/p>\n<p>Imagen de <a href=\"https:\/\/pixabay.com\/es\/users\/rdlaw-10461825\/?utm_source=link-attribution&amp;utm_medium=referral&amp;utm_campaign=image&amp;utm_content=4050245\">RD Law<\/a> en <a href=\"https:\/\/pixabay.com\/es\/\/?utm_source=link-attribution&amp;utm_medium=referral&amp;utm_campaign=image&amp;utm_content=4050245\">Pixabay<\/a><\/p>\n<div class=\"pvc_clear\"><\/div>\n<p id=\"pvc_stats_1377\" class=\"pvc_stats all  \" data-element-id=\"1377\" style=\"\"><i class=\"pvc-stats-icon medium\" aria-hidden=\"true\"><svg aria-hidden=\"true\" focusable=\"false\" data-prefix=\"far\" data-icon=\"chart-bar\" role=\"img\" xmlns=\"http:\/\/www.w3.org\/2000\/svg\" viewBox=\"0 0 512 512\" class=\"svg-inline--fa fa-chart-bar fa-w-16 fa-2x\"><path fill=\"currentColor\" d=\"M396.8 352h22.4c6.4 0 12.8-6.4 12.8-12.8V108.8c0-6.4-6.4-12.8-12.8-12.8h-22.4c-6.4 0-12.8 6.4-12.8 12.8v230.4c0 6.4 6.4 12.8 12.8 12.8zm-192 0h22.4c6.4 0 12.8-6.4 12.8-12.8V140.8c0-6.4-6.4-12.8-12.8-12.8h-22.4c-6.4 0-12.8 6.4-12.8 12.8v198.4c0 6.4 6.4 12.8 12.8 12.8zm96 0h22.4c6.4 0 12.8-6.4 12.8-12.8V204.8c0-6.4-6.4-12.8-12.8-12.8h-22.4c-6.4 0-12.8 6.4-12.8 12.8v134.4c0 6.4 6.4 12.8 12.8 12.8zM496 400H48V80c0-8.84-7.16-16-16-16H16C7.16 64 0 71.16 0 80v336c0 17.67 14.33 32 32 32h464c8.84 0 16-7.16 16-16v-16c0-8.84-7.16-16-16-16zm-387.2-48h22.4c6.4 0 12.8-6.4 12.8-12.8v-70.4c0-6.4-6.4-12.8-12.8-12.8h-22.4c-6.4 0-12.8 6.4-12.8 12.8v70.4c0 6.4 6.4 12.8 12.8 12.8z\" class=\"\"><\/path><\/svg><\/i> <img loading=\"lazy\" decoding=\"async\" width=\"16\" height=\"16\" alt=\"Loading\" src=\"https:\/\/www.cubodeideas.com\/blog\/wp-content\/plugins\/page-views-count\/ajax-loader-2x.gif\" border=0 \/><\/p>\n<div class=\"pvc_clear\"><\/div>\n","protected":false},"excerpt":{"rendered":"<p>La gesti\u00f3n del ciclo de vida del producto (PLM, por sus siglas en ingl\u00e9s) es un aspecto cr\u00edtico para las peque\u00f1as y medianas empresas (pymes) que buscan maximizar el impacto y la longevidad de sus productos en el mercado. PLM abarca la planificaci\u00f3n, introducci\u00f3n, crecimiento, madurez y declive de un producto, proporcionando un marco para [&hellip;]<\/p>\n<div class=\"pvc_clear\"><\/div>\n<p id=\"pvc_stats_1377\" class=\"pvc_stats all  \" data-element-id=\"1377\" style=\"\"><i class=\"pvc-stats-icon medium\" aria-hidden=\"true\"><svg aria-hidden=\"true\" focusable=\"false\" data-prefix=\"far\" data-icon=\"chart-bar\" role=\"img\" xmlns=\"http:\/\/www.w3.org\/2000\/svg\" viewBox=\"0 0 512 512\" class=\"svg-inline--fa fa-chart-bar fa-w-16 fa-2x\"><path fill=\"currentColor\" d=\"M396.8 352h22.4c6.4 0 12.8-6.4 12.8-12.8V108.8c0-6.4-6.4-12.8-12.8-12.8h-22.4c-6.4 0-12.8 6.4-12.8 12.8v230.4c0 6.4 6.4 12.8 12.8 12.8zm-192 0h22.4c6.4 0 12.8-6.4 12.8-12.8V140.8c0-6.4-6.4-12.8-12.8-12.8h-22.4c-6.4 0-12.8 6.4-12.8 12.8v198.4c0 6.4 6.4 12.8 12.8 12.8zm96 0h22.4c6.4 0 12.8-6.4 12.8-12.8V204.8c0-6.4-6.4-12.8-12.8-12.8h-22.4c-6.4 0-12.8 6.4-12.8 12.8v134.4c0 6.4 6.4 12.8 12.8 12.8zM496 400H48V80c0-8.84-7.16-16-16-16H16C7.16 64 0 71.16 0 80v336c0 17.67 14.33 32 32 32h464c8.84 0 16-7.16 16-16v-16c0-8.84-7.16-16-16-16zm-387.2-48h22.4c6.4 0 12.8-6.4 12.8-12.8v-70.4c0-6.4-6.4-12.8-12.8-12.8h-22.4c-6.4 0-12.8 6.4-12.8 12.8v70.4c0 6.4 6.4 12.8 12.8 12.8z\" class=\"\"><\/path><\/svg><\/i> <img loading=\"lazy\" decoding=\"async\" width=\"16\" height=\"16\" alt=\"Loading\" src=\"https:\/\/www.cubodeideas.com\/blog\/wp-content\/plugins\/page-views-count\/ajax-loader-2x.gif\" border=0 \/><\/p>\n<div class=\"pvc_clear\"><\/div>\n","protected":false},"author":1,"featured_media":1378,"comment_status":"open","ping_status":"closed","sticky":false,"template":"","format":"standard","meta":{"footnotes":"","jetpack_publicize_message":"","jetpack_publicize_feature_enabled":true,"jetpack_social_post_already_shared":false,"jetpack_social_options":{"image_generator_settings":{"template":"highway","default_image_id":0,"font":"","enabled":false},"version":2}},"categories":[13],"tags":[474,475,165,473,45],"class_list":["post-1377","post","type-post","status-publish","format-standard","has-post-thumbnail","hentry","category-negocios","tag-ciclo-de-vida","tag-desarrollo-de-producto","tag-estrategia-empresarial","tag-gestion-de-producto","tag-pymes"],"blocksy_meta":[],"yoast_head":"<!-- This site is optimized with the Yoast SEO plugin v27.0 - https:\/\/yoast.com\/product\/yoast-seo-wordpress\/ -->\n<title>Gesti\u00f3n del ciclo de vida del producto -<\/title>\n<meta name=\"description\" content=\"Descubre c\u00f3mo gestionar eficazmente el ciclo de vida del producto en tu PYME para maximizar el \u00e9xito y la longevidad en el mercado. Explora t\u00e1cticas clave en nuestro art\u00edculo\" \/>\n<meta name=\"robots\" content=\"index, follow, max-snippet:-1, max-image-preview:large, max-video-preview:-1\" \/>\n<link rel=\"canonical\" href=\"https:\/\/www.cubodeideas.com\/blog\/negocios\/gestion-del-ciclo-de-vida-del-producto\/\" \/>\n<meta property=\"og:locale\" content=\"es_ES\" \/>\n<meta property=\"og:type\" content=\"article\" \/>\n<meta property=\"og:title\" content=\"Gesti\u00f3n del ciclo de vida del producto -\" \/>\n<meta property=\"og:description\" content=\"Descubre c\u00f3mo gestionar eficazmente el ciclo de vida del producto en tu PYME para maximizar el \u00e9xito y la longevidad en el mercado. Explora t\u00e1cticas clave en nuestro art\u00edculo\" \/>\n<meta property=\"og:url\" content=\"https:\/\/www.cubodeideas.com\/blog\/negocios\/gestion-del-ciclo-de-vida-del-producto\/\" \/>\n<meta property=\"article:publisher\" content=\"https:\/\/www.facebook.com\/somoscubodeideas\" \/>\n<meta property=\"article:published_time\" content=\"2024-02-04T01:32:09+00:00\" \/>\n<meta property=\"og:image\" content=\"https:\/\/www.cubodeideas.com\/blog\/wp-content\/uploads\/2024\/02\/tomatoes-4050245_1280.jpg\" \/>\n\t<meta property=\"og:image:width\" content=\"1280\" \/>\n\t<meta property=\"og:image:height\" content=\"807\" \/>\n\t<meta property=\"og:image:type\" content=\"image\/jpeg\" \/>\n<meta name=\"author\" content=\"Noel Castro\" \/>\n<meta name=\"twitter:card\" content=\"summary_large_image\" \/>\n<meta name=\"twitter:creator\" content=\"@cubo_ideas\" \/>\n<meta name=\"twitter:site\" content=\"@cubo_ideas\" \/>\n<meta name=\"twitter:label1\" content=\"Escrito por\" \/>\n\t<meta name=\"twitter:data1\" content=\"Noel Castro\" \/>\n\t<meta name=\"twitter:label2\" content=\"Tiempo de lectura\" \/>\n\t<meta name=\"twitter:data2\" content=\"4 minutos\" \/>\n<script type=\"application\/ld+json\" class=\"yoast-schema-graph\">{\"@context\":\"https:\/\/schema.org\",\"@graph\":[{\"@type\":\"Article\",\"@id\":\"https:\/\/www.cubodeideas.com\/blog\/negocios\/gestion-del-ciclo-de-vida-del-producto\/#article\",\"isPartOf\":{\"@id\":\"https:\/\/www.cubodeideas.com\/blog\/negocios\/gestion-del-ciclo-de-vida-del-producto\/\"},\"author\":{\"name\":\"Noel Castro\",\"@id\":\"https:\/\/www.cubodeideas.com\/blog\/#\/schema\/person\/5614e43eb76109017cff51a2c7928211\"},\"headline\":\"Gesti\u00f3n del ciclo de vida del producto\",\"datePublished\":\"2024-02-04T01:32:09+00:00\",\"mainEntityOfPage\":{\"@id\":\"https:\/\/www.cubodeideas.com\/blog\/negocios\/gestion-del-ciclo-de-vida-del-producto\/\"},\"wordCount\":792,\"commentCount\":0,\"publisher\":{\"@id\":\"https:\/\/www.cubodeideas.com\/blog\/#organization\"},\"image\":{\"@id\":\"https:\/\/www.cubodeideas.com\/blog\/negocios\/gestion-del-ciclo-de-vida-del-producto\/#primaryimage\"},\"thumbnailUrl\":\"https:\/\/www.cubodeideas.com\/blog\/wp-content\/uploads\/2024\/02\/tomatoes-4050245_1280.jpg\",\"keywords\":[\"Ciclo de Vida\",\"Desarrollo de Producto\",\"estrategia empresarial\",\"Gesti\u00f3n de Producto\",\"PyMES\"],\"articleSection\":[\"Negocios\"],\"inLanguage\":\"es\",\"potentialAction\":[{\"@type\":\"CommentAction\",\"name\":\"Comment\",\"target\":[\"https:\/\/www.cubodeideas.com\/blog\/negocios\/gestion-del-ciclo-de-vida-del-producto\/#respond\"]}]},{\"@type\":\"WebPage\",\"@id\":\"https:\/\/www.cubodeideas.com\/blog\/negocios\/gestion-del-ciclo-de-vida-del-producto\/\",\"url\":\"https:\/\/www.cubodeideas.com\/blog\/negocios\/gestion-del-ciclo-de-vida-del-producto\/\",\"name\":\"Gesti\u00f3n del ciclo de vida del producto -\",\"isPartOf\":{\"@id\":\"https:\/\/www.cubodeideas.com\/blog\/#website\"},\"primaryImageOfPage\":{\"@id\":\"https:\/\/www.cubodeideas.com\/blog\/negocios\/gestion-del-ciclo-de-vida-del-producto\/#primaryimage\"},\"image\":{\"@id\":\"https:\/\/www.cubodeideas.com\/blog\/negocios\/gestion-del-ciclo-de-vida-del-producto\/#primaryimage\"},\"thumbnailUrl\":\"https:\/\/www.cubodeideas.com\/blog\/wp-content\/uploads\/2024\/02\/tomatoes-4050245_1280.jpg\",\"datePublished\":\"2024-02-04T01:32:09+00:00\",\"description\":\"Descubre c\u00f3mo gestionar eficazmente el ciclo de vida del producto en tu PYME para maximizar el \u00e9xito y la longevidad en el mercado. Explora t\u00e1cticas clave en nuestro art\u00edculo\",\"breadcrumb\":{\"@id\":\"https:\/\/www.cubodeideas.com\/blog\/negocios\/gestion-del-ciclo-de-vida-del-producto\/#breadcrumb\"},\"inLanguage\":\"es\",\"potentialAction\":[{\"@type\":\"ReadAction\",\"target\":[\"https:\/\/www.cubodeideas.com\/blog\/negocios\/gestion-del-ciclo-de-vida-del-producto\/\"]}]},{\"@type\":\"ImageObject\",\"inLanguage\":\"es\",\"@id\":\"https:\/\/www.cubodeideas.com\/blog\/negocios\/gestion-del-ciclo-de-vida-del-producto\/#primaryimage\",\"url\":\"https:\/\/www.cubodeideas.com\/blog\/wp-content\/uploads\/2024\/02\/tomatoes-4050245_1280.jpg\",\"contentUrl\":\"https:\/\/www.cubodeideas.com\/blog\/wp-content\/uploads\/2024\/02\/tomatoes-4050245_1280.jpg\",\"width\":1280,\"height\":807,\"caption\":\"Gesti\u00f3n del Ciclo de Vida del Producto\"},{\"@type\":\"BreadcrumbList\",\"@id\":\"https:\/\/www.cubodeideas.com\/blog\/negocios\/gestion-del-ciclo-de-vida-del-producto\/#breadcrumb\",\"itemListElement\":[{\"@type\":\"ListItem\",\"position\":1,\"name\":\"Portada\",\"item\":\"https:\/\/www.cubodeideas.com\/blog\/\"},{\"@type\":\"ListItem\",\"position\":2,\"name\":\"Gesti\u00f3n del ciclo de vida del producto\"}]},{\"@type\":\"WebSite\",\"@id\":\"https:\/\/www.cubodeideas.com\/blog\/#website\",\"url\":\"https:\/\/www.cubodeideas.com\/blog\/\",\"name\":\"Cubo de Ideas\",\"description\":\"Cubo de Ideas, El Blog\",\"publisher\":{\"@id\":\"https:\/\/www.cubodeideas.com\/blog\/#organization\"},\"potentialAction\":[{\"@type\":\"SearchAction\",\"target\":{\"@type\":\"EntryPoint\",\"urlTemplate\":\"https:\/\/www.cubodeideas.com\/blog\/?s={search_term_string}\"},\"query-input\":{\"@type\":\"PropertyValueSpecification\",\"valueRequired\":true,\"valueName\":\"search_term_string\"}}],\"inLanguage\":\"es\"},{\"@type\":\"Organization\",\"@id\":\"https:\/\/www.cubodeideas.com\/blog\/#organization\",\"name\":\"Cubo de Ideas\",\"url\":\"https:\/\/www.cubodeideas.com\/blog\/\",\"logo\":{\"@type\":\"ImageObject\",\"inLanguage\":\"es\",\"@id\":\"https:\/\/www.cubodeideas.com\/blog\/#\/schema\/logo\/image\/\",\"url\":\"https:\/\/www.cubodeideas.com\/blog\/wp-content\/uploads\/2021\/10\/android-icon-72x72-1.png\",\"contentUrl\":\"https:\/\/www.cubodeideas.com\/blog\/wp-content\/uploads\/2021\/10\/android-icon-72x72-1.png\",\"width\":72,\"height\":72,\"caption\":\"Cubo de Ideas\"},\"image\":{\"@id\":\"https:\/\/www.cubodeideas.com\/blog\/#\/schema\/logo\/image\/\"},\"sameAs\":[\"https:\/\/www.facebook.com\/somoscubodeideas\",\"https:\/\/x.com\/cubo_ideas\",\"https:\/\/www.instagram.com\/cubodeideas\"]},{\"@type\":\"Person\",\"@id\":\"https:\/\/www.cubodeideas.com\/blog\/#\/schema\/person\/5614e43eb76109017cff51a2c7928211\",\"name\":\"Noel Castro\",\"description\":\"LEM Noel Castro Monta\u00f1o es CEO de Cubo de Ideas, Director de Operaciones para Citosa Textiles. Asesor de nuevos mercados y estrategias digitales para el segmento Retail. Especialista en marketing para autoservicios y puntos de venta. Especialista en sistemas de gesti\u00f3n de la calidad con enfoque a la ISO 9001:2015\",\"sameAs\":[\"https:\/\/www.cubodeideas.com\/blog\"],\"url\":\"https:\/\/www.cubodeideas.com\/blog\/author\/admin\/\"}]}<\/script>\n<!-- \/ Yoast SEO plugin. -->","yoast_head_json":{"title":"Gesti\u00f3n del ciclo de vida del producto -","description":"Descubre c\u00f3mo gestionar eficazmente el ciclo de vida del producto en tu PYME para maximizar el \u00e9xito y la longevidad en el mercado. Explora t\u00e1cticas clave en nuestro art\u00edculo","robots":{"index":"index","follow":"follow","max-snippet":"max-snippet:-1","max-image-preview":"max-image-preview:large","max-video-preview":"max-video-preview:-1"},"canonical":"https:\/\/www.cubodeideas.com\/blog\/negocios\/gestion-del-ciclo-de-vida-del-producto\/","og_locale":"es_ES","og_type":"article","og_title":"Gesti\u00f3n del ciclo de vida del producto -","og_description":"Descubre c\u00f3mo gestionar eficazmente el ciclo de vida del producto en tu PYME para maximizar el \u00e9xito y la longevidad en el mercado. Explora t\u00e1cticas clave en nuestro art\u00edculo","og_url":"https:\/\/www.cubodeideas.com\/blog\/negocios\/gestion-del-ciclo-de-vida-del-producto\/","article_publisher":"https:\/\/www.facebook.com\/somoscubodeideas","article_published_time":"2024-02-04T01:32:09+00:00","og_image":[{"width":1280,"height":807,"url":"https:\/\/www.cubodeideas.com\/blog\/wp-content\/uploads\/2024\/02\/tomatoes-4050245_1280.jpg","type":"image\/jpeg"}],"author":"Noel Castro","twitter_card":"summary_large_image","twitter_creator":"@cubo_ideas","twitter_site":"@cubo_ideas","twitter_misc":{"Escrito por":"Noel Castro","Tiempo de lectura":"4 minutos"},"schema":{"@context":"https:\/\/schema.org","@graph":[{"@type":"Article","@id":"https:\/\/www.cubodeideas.com\/blog\/negocios\/gestion-del-ciclo-de-vida-del-producto\/#article","isPartOf":{"@id":"https:\/\/www.cubodeideas.com\/blog\/negocios\/gestion-del-ciclo-de-vida-del-producto\/"},"author":{"name":"Noel Castro","@id":"https:\/\/www.cubodeideas.com\/blog\/#\/schema\/person\/5614e43eb76109017cff51a2c7928211"},"headline":"Gesti\u00f3n del ciclo de vida del producto","datePublished":"2024-02-04T01:32:09+00:00","mainEntityOfPage":{"@id":"https:\/\/www.cubodeideas.com\/blog\/negocios\/gestion-del-ciclo-de-vida-del-producto\/"},"wordCount":792,"commentCount":0,"publisher":{"@id":"https:\/\/www.cubodeideas.com\/blog\/#organization"},"image":{"@id":"https:\/\/www.cubodeideas.com\/blog\/negocios\/gestion-del-ciclo-de-vida-del-producto\/#primaryimage"},"thumbnailUrl":"https:\/\/www.cubodeideas.com\/blog\/wp-content\/uploads\/2024\/02\/tomatoes-4050245_1280.jpg","keywords":["Ciclo de Vida","Desarrollo de Producto","estrategia empresarial","Gesti\u00f3n de Producto","PyMES"],"articleSection":["Negocios"],"inLanguage":"es","potentialAction":[{"@type":"CommentAction","name":"Comment","target":["https:\/\/www.cubodeideas.com\/blog\/negocios\/gestion-del-ciclo-de-vida-del-producto\/#respond"]}]},{"@type":"WebPage","@id":"https:\/\/www.cubodeideas.com\/blog\/negocios\/gestion-del-ciclo-de-vida-del-producto\/","url":"https:\/\/www.cubodeideas.com\/blog\/negocios\/gestion-del-ciclo-de-vida-del-producto\/","name":"Gesti\u00f3n del ciclo de vida del producto -","isPartOf":{"@id":"https:\/\/www.cubodeideas.com\/blog\/#website"},"primaryImageOfPage":{"@id":"https:\/\/www.cubodeideas.com\/blog\/negocios\/gestion-del-ciclo-de-vida-del-producto\/#primaryimage"},"image":{"@id":"https:\/\/www.cubodeideas.com\/blog\/negocios\/gestion-del-ciclo-de-vida-del-producto\/#primaryimage"},"thumbnailUrl":"https:\/\/www.cubodeideas.com\/blog\/wp-content\/uploads\/2024\/02\/tomatoes-4050245_1280.jpg","datePublished":"2024-02-04T01:32:09+00:00","description":"Descubre c\u00f3mo gestionar eficazmente el ciclo de vida del producto en tu PYME para maximizar el \u00e9xito y la longevidad en el mercado. Explora t\u00e1cticas clave en nuestro art\u00edculo","breadcrumb":{"@id":"https:\/\/www.cubodeideas.com\/blog\/negocios\/gestion-del-ciclo-de-vida-del-producto\/#breadcrumb"},"inLanguage":"es","potentialAction":[{"@type":"ReadAction","target":["https:\/\/www.cubodeideas.com\/blog\/negocios\/gestion-del-ciclo-de-vida-del-producto\/"]}]},{"@type":"ImageObject","inLanguage":"es","@id":"https:\/\/www.cubodeideas.com\/blog\/negocios\/gestion-del-ciclo-de-vida-del-producto\/#primaryimage","url":"https:\/\/www.cubodeideas.com\/blog\/wp-content\/uploads\/2024\/02\/tomatoes-4050245_1280.jpg","contentUrl":"https:\/\/www.cubodeideas.com\/blog\/wp-content\/uploads\/2024\/02\/tomatoes-4050245_1280.jpg","width":1280,"height":807,"caption":"Gesti\u00f3n del Ciclo de Vida del Producto"},{"@type":"BreadcrumbList","@id":"https:\/\/www.cubodeideas.com\/blog\/negocios\/gestion-del-ciclo-de-vida-del-producto\/#breadcrumb","itemListElement":[{"@type":"ListItem","position":1,"name":"Portada","item":"https:\/\/www.cubodeideas.com\/blog\/"},{"@type":"ListItem","position":2,"name":"Gesti\u00f3n del ciclo de vida del producto"}]},{"@type":"WebSite","@id":"https:\/\/www.cubodeideas.com\/blog\/#website","url":"https:\/\/www.cubodeideas.com\/blog\/","name":"Cubo de Ideas","description":"Cubo de Ideas, El Blog","publisher":{"@id":"https:\/\/www.cubodeideas.com\/blog\/#organization"},"potentialAction":[{"@type":"SearchAction","target":{"@type":"EntryPoint","urlTemplate":"https:\/\/www.cubodeideas.com\/blog\/?s={search_term_string}"},"query-input":{"@type":"PropertyValueSpecification","valueRequired":true,"valueName":"search_term_string"}}],"inLanguage":"es"},{"@type":"Organization","@id":"https:\/\/www.cubodeideas.com\/blog\/#organization","name":"Cubo de Ideas","url":"https:\/\/www.cubodeideas.com\/blog\/","logo":{"@type":"ImageObject","inLanguage":"es","@id":"https:\/\/www.cubodeideas.com\/blog\/#\/schema\/logo\/image\/","url":"https:\/\/www.cubodeideas.com\/blog\/wp-content\/uploads\/2021\/10\/android-icon-72x72-1.png","contentUrl":"https:\/\/www.cubodeideas.com\/blog\/wp-content\/uploads\/2021\/10\/android-icon-72x72-1.png","width":72,"height":72,"caption":"Cubo de Ideas"},"image":{"@id":"https:\/\/www.cubodeideas.com\/blog\/#\/schema\/logo\/image\/"},"sameAs":["https:\/\/www.facebook.com\/somoscubodeideas","https:\/\/x.com\/cubo_ideas","https:\/\/www.instagram.com\/cubodeideas"]},{"@type":"Person","@id":"https:\/\/www.cubodeideas.com\/blog\/#\/schema\/person\/5614e43eb76109017cff51a2c7928211","name":"Noel Castro","description":"LEM Noel Castro Monta\u00f1o es CEO de Cubo de Ideas, Director de Operaciones para Citosa Textiles. Asesor de nuevos mercados y estrategias digitales para el segmento Retail. Especialista en marketing para autoservicios y puntos de venta. Especialista en sistemas de gesti\u00f3n de la calidad con enfoque a la ISO 9001:2015","sameAs":["https:\/\/www.cubodeideas.com\/blog"],"url":"https:\/\/www.cubodeideas.com\/blog\/author\/admin\/"}]}},"jetpack_publicize_connections":[],"_links":{"self":[{"href":"https:\/\/www.cubodeideas.com\/blog\/wp-json\/wp\/v2\/posts\/1377","targetHints":{"allow":["GET"]}}],"collection":[{"href":"https:\/\/www.cubodeideas.com\/blog\/wp-json\/wp\/v2\/posts"}],"about":[{"href":"https:\/\/www.cubodeideas.com\/blog\/wp-json\/wp\/v2\/types\/post"}],"author":[{"embeddable":true,"href":"https:\/\/www.cubodeideas.com\/blog\/wp-json\/wp\/v2\/users\/1"}],"replies":[{"embeddable":true,"href":"https:\/\/www.cubodeideas.com\/blog\/wp-json\/wp\/v2\/comments?post=1377"}],"version-history":[{"count":1,"href":"https:\/\/www.cubodeideas.com\/blog\/wp-json\/wp\/v2\/posts\/1377\/revisions"}],"predecessor-version":[{"id":1379,"href":"https:\/\/www.cubodeideas.com\/blog\/wp-json\/wp\/v2\/posts\/1377\/revisions\/1379"}],"wp:featuredmedia":[{"embeddable":true,"href":"https:\/\/www.cubodeideas.com\/blog\/wp-json\/wp\/v2\/media\/1378"}],"wp:attachment":[{"href":"https:\/\/www.cubodeideas.com\/blog\/wp-json\/wp\/v2\/media?parent=1377"}],"wp:term":[{"taxonomy":"category","embeddable":true,"href":"https:\/\/www.cubodeideas.com\/blog\/wp-json\/wp\/v2\/categories?post=1377"},{"taxonomy":"post_tag","embeddable":true,"href":"https:\/\/www.cubodeideas.com\/blog\/wp-json\/wp\/v2\/tags?post=1377"}],"curies":[{"name":"wp","href":"https:\/\/api.w.org\/{rel}","templated":true}]}}