{"id":1349,"date":"2024-01-31T04:14:02","date_gmt":"2024-01-31T04:14:02","guid":{"rendered":"https:\/\/www.cubodeideas.com\/blog\/?p=1349"},"modified":"2024-01-31T04:14:02","modified_gmt":"2024-01-31T04:14:02","slug":"gestion-de-la-calidad-en-la-cadena-de-suministro","status":"publish","type":"post","link":"https:\/\/www.cubodeideas.com\/blog\/negocios\/gestion-de-la-calidad-en-la-cadena-de-suministro\/","title":{"rendered":"Gesti\u00f3n de la calidad en la cadena de suministro"},"content":{"rendered":"<div class=\"flex flex-grow flex-col max-w-full\">\n<div class=\"text-message flex flex-col items-start gap-3 whitespace-pre-wrap break-words [.text-message+&amp;]:mt-5 overflow-x-auto\" data-message-author-role=\"assistant\" data-message-id=\"e16f543a-ea69-4bd1-85f6-d2b596898743\">\n<div class=\"markdown prose w-full break-words dark:prose-invert light\">\n<p>La gesti\u00f3n de la calidad en la cadena de suministro es un aspecto cr\u00edtico para las peque\u00f1as y medianas empresas (pymes) que buscan asegurar la excelencia en sus productos y servicios. En un mercado cada vez m\u00e1s competitivo, mantener altos est\u00e1ndares de calidad en cada etapa de la cadena de suministro no solo mejora la satisfacci\u00f3n del cliente, sino que tambi\u00e9n fortalece la reputaci\u00f3n de la marca y la viabilidad a largo plazo del negocio. Este art\u00edculo detalla las estrategias y pr\u00e1cticas fundamentales que las pymes pueden implementar para gestionar eficazmente la calidad en su cadena de suministro.<\/p>\n<h2>Entendiendo la Importancia de la Calidad en la Cadena de Suministro<\/h2>\n<p>La calidad en la cadena de suministro abarca todo, desde la adquisici\u00f3n de materias primas hasta la entrega final de productos o servicios al cliente.<\/p>\n<h3>Impacto de la Calidad en la Satisfacci\u00f3n del Cliente<\/h3>\n<p>La calidad del producto o servicio final es a menudo la primera y m\u00e1s duradera impresi\u00f3n que un cliente tiene de una empresa. Una gesti\u00f3n eficaz de la calidad asegura que los productos o servicios cumplan o superen las expectativas del cliente, lo que lleva a una mayor satisfacci\u00f3n y lealtad del cliente, as\u00ed como a referencias positivas.<\/p>\n<h3>Relevancia de la Calidad para la Reputaci\u00f3n de la Marca<\/h3>\n<p>La reputaci\u00f3n de una marca est\u00e1 intr\u00ednsecamente ligada a la calidad de sus productos o servicios. Las pymes deben garantizar que la calidad sea una prioridad en cada paso de la cadena de suministro para mantener una imagen positiva de la marca y fomentar la confianza del cliente.<\/p>\n<h2>Estrategias para la Gesti\u00f3n de la Calidad en la Cadena de Suministro<\/h2>\n<p>Implementar estrategias efectivas de gesti\u00f3n de la calidad es esencial para mantener la integridad de la cadena de suministro.<\/p>\n<h3>Establecimiento de Est\u00e1ndares de Calidad<\/h3>\n<p>El primer paso para una gesti\u00f3n eficaz de la calidad es establecer est\u00e1ndares claros y alcanzables. Esto implica definir criterios de calidad espec\u00edficos para cada producto o servicio y asegurar que estos est\u00e1ndares se comuniquen y entiendan a lo largo de toda la cadena de suministro.<\/p>\n<h3>Evaluaci\u00f3n y Selecci\u00f3n de Proveedores<\/h3>\n<p>La calidad de los productos o servicios de una PYME comienza con la elecci\u00f3n de proveedores confiables y de alta calidad. Las pymes deben realizar evaluaciones exhaustivas de los proveedores, incluyendo auditor\u00edas y revisiones de calidad, para asegurar que sus materiales y servicios cumplan con los est\u00e1ndares establecidos.<\/p>\n<h2>Implementaci\u00f3n de Sistemas de Gesti\u00f3n de Calidad<\/h2>\n<p>Un sistema de gesti\u00f3n de calidad (SGC) proporciona un marco para el monitoreo y la mejora continua de la calidad.<\/p>\n<h3>Adopci\u00f3n de Normativas y Certificaciones<\/h3>\n<p>Adoptar normativas y obtener certificaciones de calidad reconocidas, como ISO 9001, puede ayudar a las pymes a estructurar sus procesos de gesti\u00f3n de la calidad de manera m\u00e1s efectiva. Estas normativas ofrecen directrices para mantener la calidad en todos los aspectos de la cadena de suministro.<\/p>\n<h3>Monitoreo Continuo y Mejora de la Calidad<\/h3>\n<p>La mejora continua es un componente clave de cualquier SGC. Las pymes deben implementar procesos para monitorear continuamente la calidad en cada etapa de la cadena de suministro y utilizar los datos recopilados para realizar mejoras constantes.<\/p>\n<h2>Desaf\u00edos en la Gesti\u00f3n de la Calidad y C\u00f3mo Superarlos<\/h2>\n<h3>Gestionar la Variabilidad y la Complejidad<\/h3>\n<p>Gestionar la variabilidad y la complejidad en diferentes etapas de la cadena de suministro puede ser un desaf\u00edo. Las pymes deben desarrollar estrategias flexibles y resilientes que les permitan adaptarse r\u00e1pidamente a los cambios y mantener la calidad.<\/p>\n<h3>Alineaci\u00f3n y Comunicaci\u00f3n con Socios<\/h3>\n<p>Asegurar que todos los socios y proveedores en la cadena de suministro est\u00e9n alineados con los est\u00e1ndares de calidad establecidos es esencial. Las pymes deben fomentar una comunicaci\u00f3n abierta y colaborativa para garantizar que todos los involucrados comprendan y se comprometan con los objetivos de calidad.<\/p>\n<h2>Conclusi\u00f3n<\/h2>\n<p>La gesti\u00f3n de la calidad en la cadena de suministro es un factor determinante para el \u00e9xito y la sostenibilidad de las pymes. Al implementar estrategias efectivas de gesti\u00f3n de la calidad, adoptar sistemas de gesti\u00f3n de calidad robustos y superar los desaf\u00edos relacionados, las pymes pueden garantizar la entrega de productos y servicios de alta calidad que satisfagan las necesidades de sus clientes y fortalezcan su posici\u00f3n en el mercado. En \u00faltima instancia, una cadena de suministro que prioriza la calidad es un activo invaluable que impulsa el crecimiento y la competitividad de cualquier empresa.<\/p>\n<\/div>\n<\/div>\n<\/div>\n<div class=\"mt-1 flex justify-start gap-3 empty:hidden\">\n<div class=\"text-gray-400 flex self-end lg:self-center justify-center lg:justify-start mt-0 -ml-1 visible\"><\/div>\n<\/div>\n<p>Imagen de <a href=\"https:\/\/pixabay.com\/es\/users\/good_ideas-4105319\/?utm_source=link-attribution&amp;utm_medium=referral&amp;utm_campaign=image&amp;utm_content=7139791\">Mike<\/a> en <a href=\"https:\/\/pixabay.com\/es\/\/?utm_source=link-attribution&amp;utm_medium=referral&amp;utm_campaign=image&amp;utm_content=7139791\">Pixabay<\/a><\/p>\n<div class=\"pvc_clear\"><\/div>\n<p id=\"pvc_stats_1349\" class=\"pvc_stats all  \" data-element-id=\"1349\" style=\"\"><i class=\"pvc-stats-icon medium\" aria-hidden=\"true\"><svg aria-hidden=\"true\" focusable=\"false\" data-prefix=\"far\" data-icon=\"chart-bar\" role=\"img\" xmlns=\"http:\/\/www.w3.org\/2000\/svg\" viewBox=\"0 0 512 512\" class=\"svg-inline--fa fa-chart-bar fa-w-16 fa-2x\"><path fill=\"currentColor\" d=\"M396.8 352h22.4c6.4 0 12.8-6.4 12.8-12.8V108.8c0-6.4-6.4-12.8-12.8-12.8h-22.4c-6.4 0-12.8 6.4-12.8 12.8v230.4c0 6.4 6.4 12.8 12.8 12.8zm-192 0h22.4c6.4 0 12.8-6.4 12.8-12.8V140.8c0-6.4-6.4-12.8-12.8-12.8h-22.4c-6.4 0-12.8 6.4-12.8 12.8v198.4c0 6.4 6.4 12.8 12.8 12.8zm96 0h22.4c6.4 0 12.8-6.4 12.8-12.8V204.8c0-6.4-6.4-12.8-12.8-12.8h-22.4c-6.4 0-12.8 6.4-12.8 12.8v134.4c0 6.4 6.4 12.8 12.8 12.8zM496 400H48V80c0-8.84-7.16-16-16-16H16C7.16 64 0 71.16 0 80v336c0 17.67 14.33 32 32 32h464c8.84 0 16-7.16 16-16v-16c0-8.84-7.16-16-16-16zm-387.2-48h22.4c6.4 0 12.8-6.4 12.8-12.8v-70.4c0-6.4-6.4-12.8-12.8-12.8h-22.4c-6.4 0-12.8 6.4-12.8 12.8v70.4c0 6.4 6.4 12.8 12.8 12.8z\" class=\"\"><\/path><\/svg><\/i> <img loading=\"lazy\" decoding=\"async\" width=\"16\" height=\"16\" alt=\"Loading\" src=\"https:\/\/www.cubodeideas.com\/blog\/wp-content\/plugins\/page-views-count\/ajax-loader-2x.gif\" border=0 \/><\/p>\n<div class=\"pvc_clear\"><\/div>\n","protected":false},"excerpt":{"rendered":"<p>La gesti\u00f3n de la calidad en la cadena de suministro es un aspecto cr\u00edtico para las peque\u00f1as y medianas empresas (pymes) que buscan asegurar la excelencia en sus productos y servicios. En un mercado cada vez m\u00e1s competitivo, mantener altos est\u00e1ndares de calidad en cada etapa de la cadena de suministro no solo mejora la [&hellip;]<\/p>\n<div class=\"pvc_clear\"><\/div>\n<p id=\"pvc_stats_1349\" class=\"pvc_stats all  \" data-element-id=\"1349\" style=\"\"><i class=\"pvc-stats-icon medium\" aria-hidden=\"true\"><svg aria-hidden=\"true\" focusable=\"false\" data-prefix=\"far\" data-icon=\"chart-bar\" role=\"img\" xmlns=\"http:\/\/www.w3.org\/2000\/svg\" viewBox=\"0 0 512 512\" class=\"svg-inline--fa fa-chart-bar fa-w-16 fa-2x\"><path fill=\"currentColor\" d=\"M396.8 352h22.4c6.4 0 12.8-6.4 12.8-12.8V108.8c0-6.4-6.4-12.8-12.8-12.8h-22.4c-6.4 0-12.8 6.4-12.8 12.8v230.4c0 6.4 6.4 12.8 12.8 12.8zm-192 0h22.4c6.4 0 12.8-6.4 12.8-12.8V140.8c0-6.4-6.4-12.8-12.8-12.8h-22.4c-6.4 0-12.8 6.4-12.8 12.8v198.4c0 6.4 6.4 12.8 12.8 12.8zm96 0h22.4c6.4 0 12.8-6.4 12.8-12.8V204.8c0-6.4-6.4-12.8-12.8-12.8h-22.4c-6.4 0-12.8 6.4-12.8 12.8v134.4c0 6.4 6.4 12.8 12.8 12.8zM496 400H48V80c0-8.84-7.16-16-16-16H16C7.16 64 0 71.16 0 80v336c0 17.67 14.33 32 32 32h464c8.84 0 16-7.16 16-16v-16c0-8.84-7.16-16-16-16zm-387.2-48h22.4c6.4 0 12.8-6.4 12.8-12.8v-70.4c0-6.4-6.4-12.8-12.8-12.8h-22.4c-6.4 0-12.8 6.4-12.8 12.8v70.4c0 6.4 6.4 12.8 12.8 12.8z\" class=\"\"><\/path><\/svg><\/i> <img loading=\"lazy\" decoding=\"async\" width=\"16\" height=\"16\" alt=\"Loading\" src=\"https:\/\/www.cubodeideas.com\/blog\/wp-content\/plugins\/page-views-count\/ajax-loader-2x.gif\" border=0 \/><\/p>\n<div class=\"pvc_clear\"><\/div>\n","protected":false},"author":1,"featured_media":1350,"comment_status":"open","ping_status":"closed","sticky":false,"template":"","format":"standard","meta":{"footnotes":"","jetpack_publicize_message":"","jetpack_publicize_feature_enabled":true,"jetpack_social_post_already_shared":false,"jetpack_social_options":{"image_generator_settings":{"template":"highway","default_image_id":0,"font":"","enabled":false},"version":2}},"categories":[13],"tags":[73,459,56,52,45],"class_list":["post-1349","post","type-post","status-publish","format-standard","has-post-thumbnail","hentry","category-negocios","tag-cadena-de-suministro","tag-estandares-de-calidad","tag-gestion-de-calidad","tag-mejora-continua","tag-pymes"],"blocksy_meta":[],"yoast_head":"<!-- This site is optimized with the Yoast SEO plugin v27.0 - https:\/\/yoast.com\/product\/yoast-seo-wordpress\/ -->\n<title>Gesti\u00f3n de la calidad en la cadena de suministro -<\/title>\n<meta name=\"description\" content=\"Descubre c\u00f3mo implementar una gesti\u00f3n de calidad efectiva en la cadena de suministro de tu PYME para mejorar la eficiencia y la satisfacci\u00f3n del cliente.\" \/>\n<meta name=\"robots\" content=\"index, follow, max-snippet:-1, max-image-preview:large, max-video-preview:-1\" \/>\n<link rel=\"canonical\" href=\"https:\/\/www.cubodeideas.com\/blog\/negocios\/gestion-de-la-calidad-en-la-cadena-de-suministro\/\" \/>\n<meta property=\"og:locale\" content=\"es_ES\" \/>\n<meta property=\"og:type\" content=\"article\" \/>\n<meta property=\"og:title\" content=\"Gesti\u00f3n de la calidad en la cadena de suministro -\" \/>\n<meta property=\"og:description\" content=\"Descubre c\u00f3mo implementar una gesti\u00f3n de calidad efectiva en la cadena de suministro de tu PYME para mejorar la eficiencia y la satisfacci\u00f3n del cliente.\" \/>\n<meta property=\"og:url\" content=\"https:\/\/www.cubodeideas.com\/blog\/negocios\/gestion-de-la-calidad-en-la-cadena-de-suministro\/\" \/>\n<meta property=\"article:publisher\" content=\"https:\/\/www.facebook.com\/somoscubodeideas\" \/>\n<meta property=\"article:published_time\" content=\"2024-01-31T04:14:02+00:00\" \/>\n<meta property=\"og:image\" content=\"https:\/\/www.cubodeideas.com\/blog\/wp-content\/uploads\/2024\/01\/supply-7139791_1280.jpg\" \/>\n\t<meta property=\"og:image:width\" content=\"1280\" \/>\n\t<meta property=\"og:image:height\" content=\"600\" \/>\n\t<meta property=\"og:image:type\" content=\"image\/jpeg\" \/>\n<meta name=\"author\" content=\"Noel Castro\" \/>\n<meta name=\"twitter:card\" content=\"summary_large_image\" \/>\n<meta name=\"twitter:creator\" content=\"@cubo_ideas\" \/>\n<meta name=\"twitter:site\" content=\"@cubo_ideas\" \/>\n<meta name=\"twitter:label1\" content=\"Escrito por\" \/>\n\t<meta name=\"twitter:data1\" content=\"Noel Castro\" \/>\n\t<meta name=\"twitter:label2\" content=\"Tiempo de lectura\" \/>\n\t<meta name=\"twitter:data2\" content=\"4 minutos\" \/>\n<script type=\"application\/ld+json\" class=\"yoast-schema-graph\">{\"@context\":\"https:\/\/schema.org\",\"@graph\":[{\"@type\":\"Article\",\"@id\":\"https:\/\/www.cubodeideas.com\/blog\/negocios\/gestion-de-la-calidad-en-la-cadena-de-suministro\/#article\",\"isPartOf\":{\"@id\":\"https:\/\/www.cubodeideas.com\/blog\/negocios\/gestion-de-la-calidad-en-la-cadena-de-suministro\/\"},\"author\":{\"name\":\"Noel Castro\",\"@id\":\"https:\/\/www.cubodeideas.com\/blog\/#\/schema\/person\/5614e43eb76109017cff51a2c7928211\"},\"headline\":\"Gesti\u00f3n de la calidad en la cadena de suministro\",\"datePublished\":\"2024-01-31T04:14:02+00:00\",\"mainEntityOfPage\":{\"@id\":\"https:\/\/www.cubodeideas.com\/blog\/negocios\/gestion-de-la-calidad-en-la-cadena-de-suministro\/\"},\"wordCount\":785,\"commentCount\":0,\"publisher\":{\"@id\":\"https:\/\/www.cubodeideas.com\/blog\/#organization\"},\"image\":{\"@id\":\"https:\/\/www.cubodeideas.com\/blog\/negocios\/gestion-de-la-calidad-en-la-cadena-de-suministro\/#primaryimage\"},\"thumbnailUrl\":\"https:\/\/www.cubodeideas.com\/blog\/wp-content\/uploads\/2024\/01\/supply-7139791_1280.jpg\",\"keywords\":[\"Cadena de suministro\",\"Est\u00e1ndares de Calidad\",\"Gesti\u00f3n de Calidad\",\"Mejora Continua\",\"PyMES\"],\"articleSection\":[\"Negocios\"],\"inLanguage\":\"es\",\"potentialAction\":[{\"@type\":\"CommentAction\",\"name\":\"Comment\",\"target\":[\"https:\/\/www.cubodeideas.com\/blog\/negocios\/gestion-de-la-calidad-en-la-cadena-de-suministro\/#respond\"]}]},{\"@type\":\"WebPage\",\"@id\":\"https:\/\/www.cubodeideas.com\/blog\/negocios\/gestion-de-la-calidad-en-la-cadena-de-suministro\/\",\"url\":\"https:\/\/www.cubodeideas.com\/blog\/negocios\/gestion-de-la-calidad-en-la-cadena-de-suministro\/\",\"name\":\"Gesti\u00f3n de la calidad en la cadena de suministro -\",\"isPartOf\":{\"@id\":\"https:\/\/www.cubodeideas.com\/blog\/#website\"},\"primaryImageOfPage\":{\"@id\":\"https:\/\/www.cubodeideas.com\/blog\/negocios\/gestion-de-la-calidad-en-la-cadena-de-suministro\/#primaryimage\"},\"image\":{\"@id\":\"https:\/\/www.cubodeideas.com\/blog\/negocios\/gestion-de-la-calidad-en-la-cadena-de-suministro\/#primaryimage\"},\"thumbnailUrl\":\"https:\/\/www.cubodeideas.com\/blog\/wp-content\/uploads\/2024\/01\/supply-7139791_1280.jpg\",\"datePublished\":\"2024-01-31T04:14:02+00:00\",\"description\":\"Descubre c\u00f3mo implementar una gesti\u00f3n de calidad efectiva en la cadena de suministro de tu PYME para mejorar la eficiencia y la satisfacci\u00f3n del cliente.\",\"breadcrumb\":{\"@id\":\"https:\/\/www.cubodeideas.com\/blog\/negocios\/gestion-de-la-calidad-en-la-cadena-de-suministro\/#breadcrumb\"},\"inLanguage\":\"es\",\"potentialAction\":[{\"@type\":\"ReadAction\",\"target\":[\"https:\/\/www.cubodeideas.com\/blog\/negocios\/gestion-de-la-calidad-en-la-cadena-de-suministro\/\"]}]},{\"@type\":\"ImageObject\",\"inLanguage\":\"es\",\"@id\":\"https:\/\/www.cubodeideas.com\/blog\/negocios\/gestion-de-la-calidad-en-la-cadena-de-suministro\/#primaryimage\",\"url\":\"https:\/\/www.cubodeideas.com\/blog\/wp-content\/uploads\/2024\/01\/supply-7139791_1280.jpg\",\"contentUrl\":\"https:\/\/www.cubodeideas.com\/blog\/wp-content\/uploads\/2024\/01\/supply-7139791_1280.jpg\",\"width\":1280,\"height\":600,\"caption\":\"cadena de suministro\"},{\"@type\":\"BreadcrumbList\",\"@id\":\"https:\/\/www.cubodeideas.com\/blog\/negocios\/gestion-de-la-calidad-en-la-cadena-de-suministro\/#breadcrumb\",\"itemListElement\":[{\"@type\":\"ListItem\",\"position\":1,\"name\":\"Portada\",\"item\":\"https:\/\/www.cubodeideas.com\/blog\/\"},{\"@type\":\"ListItem\",\"position\":2,\"name\":\"Gesti\u00f3n de la calidad en la cadena de suministro\"}]},{\"@type\":\"WebSite\",\"@id\":\"https:\/\/www.cubodeideas.com\/blog\/#website\",\"url\":\"https:\/\/www.cubodeideas.com\/blog\/\",\"name\":\"Cubo de Ideas\",\"description\":\"Cubo de Ideas, El Blog\",\"publisher\":{\"@id\":\"https:\/\/www.cubodeideas.com\/blog\/#organization\"},\"potentialAction\":[{\"@type\":\"SearchAction\",\"target\":{\"@type\":\"EntryPoint\",\"urlTemplate\":\"https:\/\/www.cubodeideas.com\/blog\/?s={search_term_string}\"},\"query-input\":{\"@type\":\"PropertyValueSpecification\",\"valueRequired\":true,\"valueName\":\"search_term_string\"}}],\"inLanguage\":\"es\"},{\"@type\":\"Organization\",\"@id\":\"https:\/\/www.cubodeideas.com\/blog\/#organization\",\"name\":\"Cubo de Ideas\",\"url\":\"https:\/\/www.cubodeideas.com\/blog\/\",\"logo\":{\"@type\":\"ImageObject\",\"inLanguage\":\"es\",\"@id\":\"https:\/\/www.cubodeideas.com\/blog\/#\/schema\/logo\/image\/\",\"url\":\"https:\/\/www.cubodeideas.com\/blog\/wp-content\/uploads\/2021\/10\/android-icon-72x72-1.png\",\"contentUrl\":\"https:\/\/www.cubodeideas.com\/blog\/wp-content\/uploads\/2021\/10\/android-icon-72x72-1.png\",\"width\":72,\"height\":72,\"caption\":\"Cubo de Ideas\"},\"image\":{\"@id\":\"https:\/\/www.cubodeideas.com\/blog\/#\/schema\/logo\/image\/\"},\"sameAs\":[\"https:\/\/www.facebook.com\/somoscubodeideas\",\"https:\/\/x.com\/cubo_ideas\",\"https:\/\/www.instagram.com\/cubodeideas\"]},{\"@type\":\"Person\",\"@id\":\"https:\/\/www.cubodeideas.com\/blog\/#\/schema\/person\/5614e43eb76109017cff51a2c7928211\",\"name\":\"Noel Castro\",\"description\":\"LEM Noel Castro Monta\u00f1o es CEO de Cubo de Ideas, Director de Operaciones para Citosa Textiles. Asesor de nuevos mercados y estrategias digitales para el segmento Retail. Especialista en marketing para autoservicios y puntos de venta. Especialista en sistemas de gesti\u00f3n de la calidad con enfoque a la ISO 9001:2015\",\"sameAs\":[\"https:\/\/www.cubodeideas.com\/blog\"],\"url\":\"https:\/\/www.cubodeideas.com\/blog\/author\/admin\/\"}]}<\/script>\n<!-- \/ Yoast SEO plugin. -->","yoast_head_json":{"title":"Gesti\u00f3n de la calidad en la cadena de suministro -","description":"Descubre c\u00f3mo implementar una gesti\u00f3n de calidad efectiva en la cadena de suministro de tu PYME para mejorar la eficiencia y la satisfacci\u00f3n del cliente.","robots":{"index":"index","follow":"follow","max-snippet":"max-snippet:-1","max-image-preview":"max-image-preview:large","max-video-preview":"max-video-preview:-1"},"canonical":"https:\/\/www.cubodeideas.com\/blog\/negocios\/gestion-de-la-calidad-en-la-cadena-de-suministro\/","og_locale":"es_ES","og_type":"article","og_title":"Gesti\u00f3n de la calidad en la cadena de suministro -","og_description":"Descubre c\u00f3mo implementar una gesti\u00f3n de calidad efectiva en la cadena de suministro de tu PYME para mejorar la eficiencia y la satisfacci\u00f3n del cliente.","og_url":"https:\/\/www.cubodeideas.com\/blog\/negocios\/gestion-de-la-calidad-en-la-cadena-de-suministro\/","article_publisher":"https:\/\/www.facebook.com\/somoscubodeideas","article_published_time":"2024-01-31T04:14:02+00:00","og_image":[{"width":1280,"height":600,"url":"https:\/\/www.cubodeideas.com\/blog\/wp-content\/uploads\/2024\/01\/supply-7139791_1280.jpg","type":"image\/jpeg"}],"author":"Noel Castro","twitter_card":"summary_large_image","twitter_creator":"@cubo_ideas","twitter_site":"@cubo_ideas","twitter_misc":{"Escrito por":"Noel Castro","Tiempo de lectura":"4 minutos"},"schema":{"@context":"https:\/\/schema.org","@graph":[{"@type":"Article","@id":"https:\/\/www.cubodeideas.com\/blog\/negocios\/gestion-de-la-calidad-en-la-cadena-de-suministro\/#article","isPartOf":{"@id":"https:\/\/www.cubodeideas.com\/blog\/negocios\/gestion-de-la-calidad-en-la-cadena-de-suministro\/"},"author":{"name":"Noel Castro","@id":"https:\/\/www.cubodeideas.com\/blog\/#\/schema\/person\/5614e43eb76109017cff51a2c7928211"},"headline":"Gesti\u00f3n de la calidad en la cadena de suministro","datePublished":"2024-01-31T04:14:02+00:00","mainEntityOfPage":{"@id":"https:\/\/www.cubodeideas.com\/blog\/negocios\/gestion-de-la-calidad-en-la-cadena-de-suministro\/"},"wordCount":785,"commentCount":0,"publisher":{"@id":"https:\/\/www.cubodeideas.com\/blog\/#organization"},"image":{"@id":"https:\/\/www.cubodeideas.com\/blog\/negocios\/gestion-de-la-calidad-en-la-cadena-de-suministro\/#primaryimage"},"thumbnailUrl":"https:\/\/www.cubodeideas.com\/blog\/wp-content\/uploads\/2024\/01\/supply-7139791_1280.jpg","keywords":["Cadena de suministro","Est\u00e1ndares de Calidad","Gesti\u00f3n de Calidad","Mejora Continua","PyMES"],"articleSection":["Negocios"],"inLanguage":"es","potentialAction":[{"@type":"CommentAction","name":"Comment","target":["https:\/\/www.cubodeideas.com\/blog\/negocios\/gestion-de-la-calidad-en-la-cadena-de-suministro\/#respond"]}]},{"@type":"WebPage","@id":"https:\/\/www.cubodeideas.com\/blog\/negocios\/gestion-de-la-calidad-en-la-cadena-de-suministro\/","url":"https:\/\/www.cubodeideas.com\/blog\/negocios\/gestion-de-la-calidad-en-la-cadena-de-suministro\/","name":"Gesti\u00f3n de la calidad en la cadena de suministro -","isPartOf":{"@id":"https:\/\/www.cubodeideas.com\/blog\/#website"},"primaryImageOfPage":{"@id":"https:\/\/www.cubodeideas.com\/blog\/negocios\/gestion-de-la-calidad-en-la-cadena-de-suministro\/#primaryimage"},"image":{"@id":"https:\/\/www.cubodeideas.com\/blog\/negocios\/gestion-de-la-calidad-en-la-cadena-de-suministro\/#primaryimage"},"thumbnailUrl":"https:\/\/www.cubodeideas.com\/blog\/wp-content\/uploads\/2024\/01\/supply-7139791_1280.jpg","datePublished":"2024-01-31T04:14:02+00:00","description":"Descubre c\u00f3mo implementar una gesti\u00f3n de calidad efectiva en la cadena de suministro de tu PYME para mejorar la eficiencia y la satisfacci\u00f3n del cliente.","breadcrumb":{"@id":"https:\/\/www.cubodeideas.com\/blog\/negocios\/gestion-de-la-calidad-en-la-cadena-de-suministro\/#breadcrumb"},"inLanguage":"es","potentialAction":[{"@type":"ReadAction","target":["https:\/\/www.cubodeideas.com\/blog\/negocios\/gestion-de-la-calidad-en-la-cadena-de-suministro\/"]}]},{"@type":"ImageObject","inLanguage":"es","@id":"https:\/\/www.cubodeideas.com\/blog\/negocios\/gestion-de-la-calidad-en-la-cadena-de-suministro\/#primaryimage","url":"https:\/\/www.cubodeideas.com\/blog\/wp-content\/uploads\/2024\/01\/supply-7139791_1280.jpg","contentUrl":"https:\/\/www.cubodeideas.com\/blog\/wp-content\/uploads\/2024\/01\/supply-7139791_1280.jpg","width":1280,"height":600,"caption":"cadena de suministro"},{"@type":"BreadcrumbList","@id":"https:\/\/www.cubodeideas.com\/blog\/negocios\/gestion-de-la-calidad-en-la-cadena-de-suministro\/#breadcrumb","itemListElement":[{"@type":"ListItem","position":1,"name":"Portada","item":"https:\/\/www.cubodeideas.com\/blog\/"},{"@type":"ListItem","position":2,"name":"Gesti\u00f3n de la calidad en la cadena de suministro"}]},{"@type":"WebSite","@id":"https:\/\/www.cubodeideas.com\/blog\/#website","url":"https:\/\/www.cubodeideas.com\/blog\/","name":"Cubo de Ideas","description":"Cubo de Ideas, El Blog","publisher":{"@id":"https:\/\/www.cubodeideas.com\/blog\/#organization"},"potentialAction":[{"@type":"SearchAction","target":{"@type":"EntryPoint","urlTemplate":"https:\/\/www.cubodeideas.com\/blog\/?s={search_term_string}"},"query-input":{"@type":"PropertyValueSpecification","valueRequired":true,"valueName":"search_term_string"}}],"inLanguage":"es"},{"@type":"Organization","@id":"https:\/\/www.cubodeideas.com\/blog\/#organization","name":"Cubo de Ideas","url":"https:\/\/www.cubodeideas.com\/blog\/","logo":{"@type":"ImageObject","inLanguage":"es","@id":"https:\/\/www.cubodeideas.com\/blog\/#\/schema\/logo\/image\/","url":"https:\/\/www.cubodeideas.com\/blog\/wp-content\/uploads\/2021\/10\/android-icon-72x72-1.png","contentUrl":"https:\/\/www.cubodeideas.com\/blog\/wp-content\/uploads\/2021\/10\/android-icon-72x72-1.png","width":72,"height":72,"caption":"Cubo de Ideas"},"image":{"@id":"https:\/\/www.cubodeideas.com\/blog\/#\/schema\/logo\/image\/"},"sameAs":["https:\/\/www.facebook.com\/somoscubodeideas","https:\/\/x.com\/cubo_ideas","https:\/\/www.instagram.com\/cubodeideas"]},{"@type":"Person","@id":"https:\/\/www.cubodeideas.com\/blog\/#\/schema\/person\/5614e43eb76109017cff51a2c7928211","name":"Noel Castro","description":"LEM Noel Castro Monta\u00f1o es CEO de Cubo de Ideas, Director de Operaciones para Citosa Textiles. Asesor de nuevos mercados y estrategias digitales para el segmento Retail. Especialista en marketing para autoservicios y puntos de venta. Especialista en sistemas de gesti\u00f3n de la calidad con enfoque a la ISO 9001:2015","sameAs":["https:\/\/www.cubodeideas.com\/blog"],"url":"https:\/\/www.cubodeideas.com\/blog\/author\/admin\/"}]}},"jetpack_publicize_connections":[],"_links":{"self":[{"href":"https:\/\/www.cubodeideas.com\/blog\/wp-json\/wp\/v2\/posts\/1349","targetHints":{"allow":["GET"]}}],"collection":[{"href":"https:\/\/www.cubodeideas.com\/blog\/wp-json\/wp\/v2\/posts"}],"about":[{"href":"https:\/\/www.cubodeideas.com\/blog\/wp-json\/wp\/v2\/types\/post"}],"author":[{"embeddable":true,"href":"https:\/\/www.cubodeideas.com\/blog\/wp-json\/wp\/v2\/users\/1"}],"replies":[{"embeddable":true,"href":"https:\/\/www.cubodeideas.com\/blog\/wp-json\/wp\/v2\/comments?post=1349"}],"version-history":[{"count":1,"href":"https:\/\/www.cubodeideas.com\/blog\/wp-json\/wp\/v2\/posts\/1349\/revisions"}],"predecessor-version":[{"id":1351,"href":"https:\/\/www.cubodeideas.com\/blog\/wp-json\/wp\/v2\/posts\/1349\/revisions\/1351"}],"wp:featuredmedia":[{"embeddable":true,"href":"https:\/\/www.cubodeideas.com\/blog\/wp-json\/wp\/v2\/media\/1350"}],"wp:attachment":[{"href":"https:\/\/www.cubodeideas.com\/blog\/wp-json\/wp\/v2\/media?parent=1349"}],"wp:term":[{"taxonomy":"category","embeddable":true,"href":"https:\/\/www.cubodeideas.com\/blog\/wp-json\/wp\/v2\/categories?post=1349"},{"taxonomy":"post_tag","embeddable":true,"href":"https:\/\/www.cubodeideas.com\/blog\/wp-json\/wp\/v2\/tags?post=1349"}],"curies":[{"name":"wp","href":"https:\/\/api.w.org\/{rel}","templated":true}]}}