{"id":1346,"date":"2024-01-31T04:09:24","date_gmt":"2024-01-31T04:09:24","guid":{"rendered":"https:\/\/www.cubodeideas.com\/blog\/?p=1346"},"modified":"2024-01-31T04:09:24","modified_gmt":"2024-01-31T04:09:24","slug":"integracion-de-la-cadena-de-suministro-y-erp","status":"publish","type":"post","link":"https:\/\/www.cubodeideas.com\/blog\/negocios\/integracion-de-la-cadena-de-suministro-y-erp\/","title":{"rendered":"Integraci\u00f3n de la cadena de suministro y ERP"},"content":{"rendered":"<p>La integraci\u00f3n de la cadena de suministro y los sistemas de planificaci\u00f3n de recursos empresariales (ERP) son fundamentales para las peque\u00f1as y medianas empresas (pymes) que buscan mejorar la eficiencia, la transparencia y la gesti\u00f3n de sus operaciones. En un entorno empresarial cada vez m\u00e1s competitivo y globalizado, la capacidad de sincronizar la cadena de suministro con sistemas ERP avanzados puede marcar una diferencia significativa en el \u00e9xito de una PYME. Este art\u00edculo explora c\u00f3mo la integraci\u00f3n efectiva de la cadena de suministro y ERP puede ayudar a las pymes a optimizar sus procesos, mejorar la toma de decisiones y aumentar su competitividad.<\/p>\n<h2>Entendiendo la Cadena de Suministro y los Sistemas ERP<\/h2>\n<p>Para comprender el impacto de la integraci\u00f3n de la cadena de suministro y ERP, es esencial tener una visi\u00f3n clara de qu\u00e9 son y c\u00f3mo funcionan.<\/p>\n<h3>La Cadena de Suministro en las Pymes<\/h3>\n<p>La cadena de suministro en las pymes abarca todas las actividades relacionadas con el flujo y la transformaci\u00f3n de bienes desde la materia prima hasta el cliente final. Esto incluye la gesti\u00f3n de inventarios, la producci\u00f3n, el transporte, la distribuci\u00f3n y la log\u00edstica. Para las pymes, una cadena de suministro eficiente es crucial para mantener costos bajos, mejorar la eficiencia operativa y garantizar la satisfacci\u00f3n del cliente.<\/p>\n<h3>Fundamentos de los Sistemas ERP<\/h3>\n<p>Los sistemas ERP son soluciones de software que integran y gestionan los procesos de negocio principales de una organizaci\u00f3n. Estos sistemas proporcionan una plataforma unificada para la planificaci\u00f3n de recursos, la gesti\u00f3n de inventarios, la contabilidad, las finanzas, los recursos humanos y otras funciones clave. La integraci\u00f3n de ERP en la cadena de suministro permite una visi\u00f3n hol\u00edstica y coordinada de todas las operaciones.<\/p>\n<h2>Beneficios de la Integraci\u00f3n de la Cadena de Suministro y ERP<\/h2>\n<p>La integraci\u00f3n de la cadena de suministro y los sistemas ERP ofrece numerosos beneficios para las pymes.<\/p>\n<h3>Mejora de la Eficiencia Operativa<\/h3>\n<p>La integraci\u00f3n de la cadena de suministro con ERP ayuda a mejorar la eficiencia operativa al automatizar procesos, reducir redundancias y errores, y permitir un flujo de informaci\u00f3n m\u00e1s fluido. Esto se traduce en ciclos de producci\u00f3n m\u00e1s r\u00e1pidos, reducci\u00f3n de costos de operaci\u00f3n y mejor gesti\u00f3n del inventario.<\/p>\n<h3>Toma de Decisiones Basada en Datos<\/h3>\n<p>Un sistema ERP integrado proporciona datos en tiempo real y an\u00e1lisis profundos, lo que permite a las pymes tomar decisiones m\u00e1s informadas y r\u00e1pidas. Esta capacidad de respuesta mejorada ayuda a anticipar cambios en el mercado, gestionar riesgos y aprovechar oportunidades de manera oportuna.<\/p>\n<h2>Implementaci\u00f3n de Sistemas ERP en la Cadena de Suministro<\/h2>\n<p>La implementaci\u00f3n efectiva de sistemas ERP en la cadena de suministro requiere una planificaci\u00f3n y estrategia cuidadosas.<\/p>\n<h3>Selecci\u00f3n del Sistema ERP Adecuado<\/h3>\n<p>Elegir el sistema ERP adecuado es fundamental. Las pymes deben considerar factores como la escala de sus operaciones, las necesidades espec\u00edficas de su cadena de suministro, la facilidad de uso, la capacidad de integraci\u00f3n y el costo. La elecci\u00f3n correcta del sistema ERP puede marcar una gran diferencia en la eficacia de su integraci\u00f3n en la cadena de suministro.<\/p>\n<h3>Estrategias de Implementaci\u00f3n y Formaci\u00f3n<\/h3>\n<p>Una vez seleccionado el sistema ERP, es crucial desarrollar una estrategia de implementaci\u00f3n que minimice las interrupciones en las operaciones diarias. Esto incluye una formaci\u00f3n adecuada para los empleados, la migraci\u00f3n de datos y la personalizaci\u00f3n del software para satisfacer las necesidades espec\u00edficas de la empresa.<\/p>\n<h2>Desaf\u00edos y Soluciones en la Integraci\u00f3n de ERP<\/h2>\n<h3>Gestionando la Resistencia al Cambio<\/h3>\n<p>La implementaci\u00f3n de un sistema ERP puede encontrarse con resistencia al cambio por parte de los empleados. Las pymes deben gestionar este proceso cuidadosamente, comunicando los beneficios del sistema, proporcionando formaci\u00f3n adecuada y apoyando a los empleados durante la transici\u00f3n.<\/p>\n<h3>Manteniendo la Seguridad y la Integridad de los Datos<\/h3>\n<p>La seguridad y la integridad de los datos son de suma importancia en la implementaci\u00f3n de un ERP. Las pymes deben asegurarse de que su sistema ERP tenga robustas medidas de seguridad y respaldos de datos para proteger la informaci\u00f3n sensible y garantizar la continuidad del negocio.<\/p>\n<h2>Conclusi\u00f3n<\/h2>\n<p>La integraci\u00f3n de la cadena de suministro y los sistemas ERP es una estrategia poderosa para las pymes que buscan mejorar su eficiencia operativa y su competitividad en el mercado. Al seleccionar e implementar el sistema ERP adecuado y abordar proactivamente los desaf\u00edos asociados, las pymes pueden disfrutar de una gesti\u00f3n de la cadena de suministro m\u00e1s coordinada y eficaz, lo que se traduce en una mayor rentabilidad y \u00e9xito a largo plazo. En el din\u00e1mico entorno empresarial de hoy, aprovechar la tecnolog\u00eda y las soluciones integradas es clave para mantenerse un paso adelante.<\/p>\n<p>&nbsp;<\/p>\n<p>Imagen de <a href=\"https:\/\/pixabay.com\/es\/users\/good_ideas-4105319\/?utm_source=link-attribution&amp;utm_medium=referral&amp;utm_campaign=image&amp;utm_content=7139794\">Mike<\/a> en <a href=\"https:\/\/pixabay.com\/es\/\/?utm_source=link-attribution&amp;utm_medium=referral&amp;utm_campaign=image&amp;utm_content=7139794\">Pixabay<\/a><\/p>\n<div class=\"pvc_clear\"><\/div>\n<p id=\"pvc_stats_1346\" class=\"pvc_stats all  \" data-element-id=\"1346\" style=\"\"><i class=\"pvc-stats-icon medium\" aria-hidden=\"true\"><svg aria-hidden=\"true\" focusable=\"false\" data-prefix=\"far\" data-icon=\"chart-bar\" role=\"img\" xmlns=\"http:\/\/www.w3.org\/2000\/svg\" viewBox=\"0 0 512 512\" class=\"svg-inline--fa fa-chart-bar fa-w-16 fa-2x\"><path fill=\"currentColor\" d=\"M396.8 352h22.4c6.4 0 12.8-6.4 12.8-12.8V108.8c0-6.4-6.4-12.8-12.8-12.8h-22.4c-6.4 0-12.8 6.4-12.8 12.8v230.4c0 6.4 6.4 12.8 12.8 12.8zm-192 0h22.4c6.4 0 12.8-6.4 12.8-12.8V140.8c0-6.4-6.4-12.8-12.8-12.8h-22.4c-6.4 0-12.8 6.4-12.8 12.8v198.4c0 6.4 6.4 12.8 12.8 12.8zm96 0h22.4c6.4 0 12.8-6.4 12.8-12.8V204.8c0-6.4-6.4-12.8-12.8-12.8h-22.4c-6.4 0-12.8 6.4-12.8 12.8v134.4c0 6.4 6.4 12.8 12.8 12.8zM496 400H48V80c0-8.84-7.16-16-16-16H16C7.16 64 0 71.16 0 80v336c0 17.67 14.33 32 32 32h464c8.84 0 16-7.16 16-16v-16c0-8.84-7.16-16-16-16zm-387.2-48h22.4c6.4 0 12.8-6.4 12.8-12.8v-70.4c0-6.4-6.4-12.8-12.8-12.8h-22.4c-6.4 0-12.8 6.4-12.8 12.8v70.4c0 6.4 6.4 12.8 12.8 12.8z\" class=\"\"><\/path><\/svg><\/i> <img loading=\"lazy\" decoding=\"async\" width=\"16\" height=\"16\" alt=\"Loading\" src=\"https:\/\/www.cubodeideas.com\/blog\/wp-content\/plugins\/page-views-count\/ajax-loader-2x.gif\" border=0 \/><\/p>\n<div class=\"pvc_clear\"><\/div>\n","protected":false},"excerpt":{"rendered":"<p>La integraci\u00f3n de la cadena de suministro y los sistemas de planificaci\u00f3n de recursos empresariales (ERP) son fundamentales para las peque\u00f1as y medianas empresas (pymes) que buscan mejorar la eficiencia, la transparencia y la gesti\u00f3n de sus operaciones. En un entorno empresarial cada vez m\u00e1s competitivo y globalizado, la capacidad de sincronizar la cadena de [&hellip;]<\/p>\n<div class=\"pvc_clear\"><\/div>\n<p id=\"pvc_stats_1346\" class=\"pvc_stats all  \" data-element-id=\"1346\" style=\"\"><i class=\"pvc-stats-icon medium\" aria-hidden=\"true\"><svg aria-hidden=\"true\" focusable=\"false\" data-prefix=\"far\" data-icon=\"chart-bar\" role=\"img\" xmlns=\"http:\/\/www.w3.org\/2000\/svg\" viewBox=\"0 0 512 512\" class=\"svg-inline--fa fa-chart-bar fa-w-16 fa-2x\"><path fill=\"currentColor\" d=\"M396.8 352h22.4c6.4 0 12.8-6.4 12.8-12.8V108.8c0-6.4-6.4-12.8-12.8-12.8h-22.4c-6.4 0-12.8 6.4-12.8 12.8v230.4c0 6.4 6.4 12.8 12.8 12.8zm-192 0h22.4c6.4 0 12.8-6.4 12.8-12.8V140.8c0-6.4-6.4-12.8-12.8-12.8h-22.4c-6.4 0-12.8 6.4-12.8 12.8v198.4c0 6.4 6.4 12.8 12.8 12.8zm96 0h22.4c6.4 0 12.8-6.4 12.8-12.8V204.8c0-6.4-6.4-12.8-12.8-12.8h-22.4c-6.4 0-12.8 6.4-12.8 12.8v134.4c0 6.4 6.4 12.8 12.8 12.8zM496 400H48V80c0-8.84-7.16-16-16-16H16C7.16 64 0 71.16 0 80v336c0 17.67 14.33 32 32 32h464c8.84 0 16-7.16 16-16v-16c0-8.84-7.16-16-16-16zm-387.2-48h22.4c6.4 0 12.8-6.4 12.8-12.8v-70.4c0-6.4-6.4-12.8-12.8-12.8h-22.4c-6.4 0-12.8 6.4-12.8 12.8v70.4c0 6.4 6.4 12.8 12.8 12.8z\" class=\"\"><\/path><\/svg><\/i> <img loading=\"lazy\" decoding=\"async\" width=\"16\" height=\"16\" alt=\"Loading\" src=\"https:\/\/www.cubodeideas.com\/blog\/wp-content\/plugins\/page-views-count\/ajax-loader-2x.gif\" border=0 \/><\/p>\n<div class=\"pvc_clear\"><\/div>\n","protected":false},"author":1,"featured_media":1347,"comment_status":"open","ping_status":"closed","sticky":false,"template":"","format":"standard","meta":{"footnotes":"","jetpack_publicize_message":"","jetpack_publicize_feature_enabled":true,"jetpack_social_post_already_shared":false,"jetpack_social_options":{"image_generator_settings":{"template":"highway","default_image_id":0,"font":"","enabled":false},"version":2}},"categories":[13],"tags":[73,457,18,49,458],"class_list":["post-1346","post","type-post","status-publish","format-standard","has-post-thumbnail","hentry","category-negocios","tag-cadena-de-suministro","tag-eficiencia-en-pymes","tag-erp","tag-gestion-empresarial","tag-integracion-de-sistemas"],"blocksy_meta":[],"yoast_head":"<!-- This site is optimized with the Yoast SEO plugin v27.0 - https:\/\/yoast.com\/product\/yoast-seo-wordpress\/ -->\n<title>Integraci\u00f3n de la cadena de suministro y ERP -<\/title>\n<meta name=\"description\" content=\"Descubre c\u00f3mo la integraci\u00f3n de ERP en la cadena de suministro puede transformar tu PYME, mejorando la eficiencia y la toma de decisiones. Lee nuestro an\u00e1lisis completo.\" \/>\n<meta name=\"robots\" content=\"index, follow, max-snippet:-1, max-image-preview:large, max-video-preview:-1\" \/>\n<link rel=\"canonical\" href=\"https:\/\/www.cubodeideas.com\/blog\/negocios\/integracion-de-la-cadena-de-suministro-y-erp\/\" \/>\n<meta property=\"og:locale\" content=\"es_ES\" \/>\n<meta property=\"og:type\" content=\"article\" \/>\n<meta property=\"og:title\" content=\"Integraci\u00f3n de la cadena de suministro y ERP -\" \/>\n<meta property=\"og:description\" content=\"Descubre c\u00f3mo la integraci\u00f3n de ERP en la cadena de suministro puede transformar tu PYME, mejorando la eficiencia y la toma de decisiones. Lee nuestro an\u00e1lisis completo.\" \/>\n<meta property=\"og:url\" content=\"https:\/\/www.cubodeideas.com\/blog\/negocios\/integracion-de-la-cadena-de-suministro-y-erp\/\" \/>\n<meta property=\"article:publisher\" content=\"https:\/\/www.facebook.com\/somoscubodeideas\" \/>\n<meta property=\"article:published_time\" content=\"2024-01-31T04:09:24+00:00\" \/>\n<meta property=\"og:image\" content=\"https:\/\/www.cubodeideas.com\/blog\/wp-content\/uploads\/2024\/01\/supply-7139794_1280.jpg\" \/>\n\t<meta property=\"og:image:width\" content=\"1280\" \/>\n\t<meta property=\"og:image:height\" content=\"600\" \/>\n\t<meta property=\"og:image:type\" content=\"image\/jpeg\" \/>\n<meta name=\"author\" content=\"Noel Castro\" \/>\n<meta name=\"twitter:card\" content=\"summary_large_image\" \/>\n<meta name=\"twitter:creator\" content=\"@cubo_ideas\" \/>\n<meta name=\"twitter:site\" content=\"@cubo_ideas\" \/>\n<meta name=\"twitter:label1\" content=\"Escrito por\" \/>\n\t<meta name=\"twitter:data1\" content=\"Noel Castro\" \/>\n\t<meta name=\"twitter:label2\" content=\"Tiempo de lectura\" \/>\n\t<meta name=\"twitter:data2\" content=\"4 minutos\" \/>\n<script type=\"application\/ld+json\" class=\"yoast-schema-graph\">{\"@context\":\"https:\/\/schema.org\",\"@graph\":[{\"@type\":\"Article\",\"@id\":\"https:\/\/www.cubodeideas.com\/blog\/negocios\/integracion-de-la-cadena-de-suministro-y-erp\/#article\",\"isPartOf\":{\"@id\":\"https:\/\/www.cubodeideas.com\/blog\/negocios\/integracion-de-la-cadena-de-suministro-y-erp\/\"},\"author\":{\"name\":\"Noel Castro\",\"@id\":\"https:\/\/www.cubodeideas.com\/blog\/#\/schema\/person\/5614e43eb76109017cff51a2c7928211\"},\"headline\":\"Integraci\u00f3n de la cadena de suministro y ERP\",\"datePublished\":\"2024-01-31T04:09:24+00:00\",\"mainEntityOfPage\":{\"@id\":\"https:\/\/www.cubodeideas.com\/blog\/negocios\/integracion-de-la-cadena-de-suministro-y-erp\/\"},\"wordCount\":839,\"commentCount\":0,\"publisher\":{\"@id\":\"https:\/\/www.cubodeideas.com\/blog\/#organization\"},\"image\":{\"@id\":\"https:\/\/www.cubodeideas.com\/blog\/negocios\/integracion-de-la-cadena-de-suministro-y-erp\/#primaryimage\"},\"thumbnailUrl\":\"https:\/\/www.cubodeideas.com\/blog\/wp-content\/uploads\/2024\/01\/supply-7139794_1280.jpg\",\"keywords\":[\"Cadena de suministro\",\"Eficiencia en Pymes\",\"ERP\",\"Gesti\u00f3n empresarial\",\"Integraci\u00f3n de Sistemas\"],\"articleSection\":[\"Negocios\"],\"inLanguage\":\"es\",\"potentialAction\":[{\"@type\":\"CommentAction\",\"name\":\"Comment\",\"target\":[\"https:\/\/www.cubodeideas.com\/blog\/negocios\/integracion-de-la-cadena-de-suministro-y-erp\/#respond\"]}]},{\"@type\":\"WebPage\",\"@id\":\"https:\/\/www.cubodeideas.com\/blog\/negocios\/integracion-de-la-cadena-de-suministro-y-erp\/\",\"url\":\"https:\/\/www.cubodeideas.com\/blog\/negocios\/integracion-de-la-cadena-de-suministro-y-erp\/\",\"name\":\"Integraci\u00f3n de la cadena de suministro y ERP -\",\"isPartOf\":{\"@id\":\"https:\/\/www.cubodeideas.com\/blog\/#website\"},\"primaryImageOfPage\":{\"@id\":\"https:\/\/www.cubodeideas.com\/blog\/negocios\/integracion-de-la-cadena-de-suministro-y-erp\/#primaryimage\"},\"image\":{\"@id\":\"https:\/\/www.cubodeideas.com\/blog\/negocios\/integracion-de-la-cadena-de-suministro-y-erp\/#primaryimage\"},\"thumbnailUrl\":\"https:\/\/www.cubodeideas.com\/blog\/wp-content\/uploads\/2024\/01\/supply-7139794_1280.jpg\",\"datePublished\":\"2024-01-31T04:09:24+00:00\",\"description\":\"Descubre c\u00f3mo la integraci\u00f3n de ERP en la cadena de suministro puede transformar tu PYME, mejorando la eficiencia y la toma de decisiones. Lee nuestro an\u00e1lisis completo.\",\"breadcrumb\":{\"@id\":\"https:\/\/www.cubodeideas.com\/blog\/negocios\/integracion-de-la-cadena-de-suministro-y-erp\/#breadcrumb\"},\"inLanguage\":\"es\",\"potentialAction\":[{\"@type\":\"ReadAction\",\"target\":[\"https:\/\/www.cubodeideas.com\/blog\/negocios\/integracion-de-la-cadena-de-suministro-y-erp\/\"]}]},{\"@type\":\"ImageObject\",\"inLanguage\":\"es\",\"@id\":\"https:\/\/www.cubodeideas.com\/blog\/negocios\/integracion-de-la-cadena-de-suministro-y-erp\/#primaryimage\",\"url\":\"https:\/\/www.cubodeideas.com\/blog\/wp-content\/uploads\/2024\/01\/supply-7139794_1280.jpg\",\"contentUrl\":\"https:\/\/www.cubodeideas.com\/blog\/wp-content\/uploads\/2024\/01\/supply-7139794_1280.jpg\",\"width\":1280,\"height\":600,\"caption\":\"Integraci\u00f3n de la cadena de suministro y ERP\"},{\"@type\":\"BreadcrumbList\",\"@id\":\"https:\/\/www.cubodeideas.com\/blog\/negocios\/integracion-de-la-cadena-de-suministro-y-erp\/#breadcrumb\",\"itemListElement\":[{\"@type\":\"ListItem\",\"position\":1,\"name\":\"Portada\",\"item\":\"https:\/\/www.cubodeideas.com\/blog\/\"},{\"@type\":\"ListItem\",\"position\":2,\"name\":\"Integraci\u00f3n de la cadena de suministro y ERP\"}]},{\"@type\":\"WebSite\",\"@id\":\"https:\/\/www.cubodeideas.com\/blog\/#website\",\"url\":\"https:\/\/www.cubodeideas.com\/blog\/\",\"name\":\"Cubo de Ideas\",\"description\":\"Cubo de Ideas, El Blog\",\"publisher\":{\"@id\":\"https:\/\/www.cubodeideas.com\/blog\/#organization\"},\"potentialAction\":[{\"@type\":\"SearchAction\",\"target\":{\"@type\":\"EntryPoint\",\"urlTemplate\":\"https:\/\/www.cubodeideas.com\/blog\/?s={search_term_string}\"},\"query-input\":{\"@type\":\"PropertyValueSpecification\",\"valueRequired\":true,\"valueName\":\"search_term_string\"}}],\"inLanguage\":\"es\"},{\"@type\":\"Organization\",\"@id\":\"https:\/\/www.cubodeideas.com\/blog\/#organization\",\"name\":\"Cubo de Ideas\",\"url\":\"https:\/\/www.cubodeideas.com\/blog\/\",\"logo\":{\"@type\":\"ImageObject\",\"inLanguage\":\"es\",\"@id\":\"https:\/\/www.cubodeideas.com\/blog\/#\/schema\/logo\/image\/\",\"url\":\"https:\/\/www.cubodeideas.com\/blog\/wp-content\/uploads\/2021\/10\/android-icon-72x72-1.png\",\"contentUrl\":\"https:\/\/www.cubodeideas.com\/blog\/wp-content\/uploads\/2021\/10\/android-icon-72x72-1.png\",\"width\":72,\"height\":72,\"caption\":\"Cubo de Ideas\"},\"image\":{\"@id\":\"https:\/\/www.cubodeideas.com\/blog\/#\/schema\/logo\/image\/\"},\"sameAs\":[\"https:\/\/www.facebook.com\/somoscubodeideas\",\"https:\/\/x.com\/cubo_ideas\",\"https:\/\/www.instagram.com\/cubodeideas\"]},{\"@type\":\"Person\",\"@id\":\"https:\/\/www.cubodeideas.com\/blog\/#\/schema\/person\/5614e43eb76109017cff51a2c7928211\",\"name\":\"Noel Castro\",\"description\":\"LEM Noel Castro Monta\u00f1o es CEO de Cubo de Ideas, Director de Operaciones para Citosa Textiles. Asesor de nuevos mercados y estrategias digitales para el segmento Retail. Especialista en marketing para autoservicios y puntos de venta. Especialista en sistemas de gesti\u00f3n de la calidad con enfoque a la ISO 9001:2015\",\"sameAs\":[\"https:\/\/www.cubodeideas.com\/blog\"],\"url\":\"https:\/\/www.cubodeideas.com\/blog\/author\/admin\/\"}]}<\/script>\n<!-- \/ Yoast SEO plugin. -->","yoast_head_json":{"title":"Integraci\u00f3n de la cadena de suministro y ERP -","description":"Descubre c\u00f3mo la integraci\u00f3n de ERP en la cadena de suministro puede transformar tu PYME, mejorando la eficiencia y la toma de decisiones. Lee nuestro an\u00e1lisis completo.","robots":{"index":"index","follow":"follow","max-snippet":"max-snippet:-1","max-image-preview":"max-image-preview:large","max-video-preview":"max-video-preview:-1"},"canonical":"https:\/\/www.cubodeideas.com\/blog\/negocios\/integracion-de-la-cadena-de-suministro-y-erp\/","og_locale":"es_ES","og_type":"article","og_title":"Integraci\u00f3n de la cadena de suministro y ERP -","og_description":"Descubre c\u00f3mo la integraci\u00f3n de ERP en la cadena de suministro puede transformar tu PYME, mejorando la eficiencia y la toma de decisiones. Lee nuestro an\u00e1lisis completo.","og_url":"https:\/\/www.cubodeideas.com\/blog\/negocios\/integracion-de-la-cadena-de-suministro-y-erp\/","article_publisher":"https:\/\/www.facebook.com\/somoscubodeideas","article_published_time":"2024-01-31T04:09:24+00:00","og_image":[{"width":1280,"height":600,"url":"https:\/\/www.cubodeideas.com\/blog\/wp-content\/uploads\/2024\/01\/supply-7139794_1280.jpg","type":"image\/jpeg"}],"author":"Noel Castro","twitter_card":"summary_large_image","twitter_creator":"@cubo_ideas","twitter_site":"@cubo_ideas","twitter_misc":{"Escrito por":"Noel Castro","Tiempo de lectura":"4 minutos"},"schema":{"@context":"https:\/\/schema.org","@graph":[{"@type":"Article","@id":"https:\/\/www.cubodeideas.com\/blog\/negocios\/integracion-de-la-cadena-de-suministro-y-erp\/#article","isPartOf":{"@id":"https:\/\/www.cubodeideas.com\/blog\/negocios\/integracion-de-la-cadena-de-suministro-y-erp\/"},"author":{"name":"Noel Castro","@id":"https:\/\/www.cubodeideas.com\/blog\/#\/schema\/person\/5614e43eb76109017cff51a2c7928211"},"headline":"Integraci\u00f3n de la cadena de suministro y ERP","datePublished":"2024-01-31T04:09:24+00:00","mainEntityOfPage":{"@id":"https:\/\/www.cubodeideas.com\/blog\/negocios\/integracion-de-la-cadena-de-suministro-y-erp\/"},"wordCount":839,"commentCount":0,"publisher":{"@id":"https:\/\/www.cubodeideas.com\/blog\/#organization"},"image":{"@id":"https:\/\/www.cubodeideas.com\/blog\/negocios\/integracion-de-la-cadena-de-suministro-y-erp\/#primaryimage"},"thumbnailUrl":"https:\/\/www.cubodeideas.com\/blog\/wp-content\/uploads\/2024\/01\/supply-7139794_1280.jpg","keywords":["Cadena de suministro","Eficiencia en Pymes","ERP","Gesti\u00f3n empresarial","Integraci\u00f3n de Sistemas"],"articleSection":["Negocios"],"inLanguage":"es","potentialAction":[{"@type":"CommentAction","name":"Comment","target":["https:\/\/www.cubodeideas.com\/blog\/negocios\/integracion-de-la-cadena-de-suministro-y-erp\/#respond"]}]},{"@type":"WebPage","@id":"https:\/\/www.cubodeideas.com\/blog\/negocios\/integracion-de-la-cadena-de-suministro-y-erp\/","url":"https:\/\/www.cubodeideas.com\/blog\/negocios\/integracion-de-la-cadena-de-suministro-y-erp\/","name":"Integraci\u00f3n de la cadena de suministro y ERP -","isPartOf":{"@id":"https:\/\/www.cubodeideas.com\/blog\/#website"},"primaryImageOfPage":{"@id":"https:\/\/www.cubodeideas.com\/blog\/negocios\/integracion-de-la-cadena-de-suministro-y-erp\/#primaryimage"},"image":{"@id":"https:\/\/www.cubodeideas.com\/blog\/negocios\/integracion-de-la-cadena-de-suministro-y-erp\/#primaryimage"},"thumbnailUrl":"https:\/\/www.cubodeideas.com\/blog\/wp-content\/uploads\/2024\/01\/supply-7139794_1280.jpg","datePublished":"2024-01-31T04:09:24+00:00","description":"Descubre c\u00f3mo la integraci\u00f3n de ERP en la cadena de suministro puede transformar tu PYME, mejorando la eficiencia y la toma de decisiones. Lee nuestro an\u00e1lisis completo.","breadcrumb":{"@id":"https:\/\/www.cubodeideas.com\/blog\/negocios\/integracion-de-la-cadena-de-suministro-y-erp\/#breadcrumb"},"inLanguage":"es","potentialAction":[{"@type":"ReadAction","target":["https:\/\/www.cubodeideas.com\/blog\/negocios\/integracion-de-la-cadena-de-suministro-y-erp\/"]}]},{"@type":"ImageObject","inLanguage":"es","@id":"https:\/\/www.cubodeideas.com\/blog\/negocios\/integracion-de-la-cadena-de-suministro-y-erp\/#primaryimage","url":"https:\/\/www.cubodeideas.com\/blog\/wp-content\/uploads\/2024\/01\/supply-7139794_1280.jpg","contentUrl":"https:\/\/www.cubodeideas.com\/blog\/wp-content\/uploads\/2024\/01\/supply-7139794_1280.jpg","width":1280,"height":600,"caption":"Integraci\u00f3n de la cadena de suministro y ERP"},{"@type":"BreadcrumbList","@id":"https:\/\/www.cubodeideas.com\/blog\/negocios\/integracion-de-la-cadena-de-suministro-y-erp\/#breadcrumb","itemListElement":[{"@type":"ListItem","position":1,"name":"Portada","item":"https:\/\/www.cubodeideas.com\/blog\/"},{"@type":"ListItem","position":2,"name":"Integraci\u00f3n de la cadena de suministro y ERP"}]},{"@type":"WebSite","@id":"https:\/\/www.cubodeideas.com\/blog\/#website","url":"https:\/\/www.cubodeideas.com\/blog\/","name":"Cubo de Ideas","description":"Cubo de Ideas, El Blog","publisher":{"@id":"https:\/\/www.cubodeideas.com\/blog\/#organization"},"potentialAction":[{"@type":"SearchAction","target":{"@type":"EntryPoint","urlTemplate":"https:\/\/www.cubodeideas.com\/blog\/?s={search_term_string}"},"query-input":{"@type":"PropertyValueSpecification","valueRequired":true,"valueName":"search_term_string"}}],"inLanguage":"es"},{"@type":"Organization","@id":"https:\/\/www.cubodeideas.com\/blog\/#organization","name":"Cubo de Ideas","url":"https:\/\/www.cubodeideas.com\/blog\/","logo":{"@type":"ImageObject","inLanguage":"es","@id":"https:\/\/www.cubodeideas.com\/blog\/#\/schema\/logo\/image\/","url":"https:\/\/www.cubodeideas.com\/blog\/wp-content\/uploads\/2021\/10\/android-icon-72x72-1.png","contentUrl":"https:\/\/www.cubodeideas.com\/blog\/wp-content\/uploads\/2021\/10\/android-icon-72x72-1.png","width":72,"height":72,"caption":"Cubo de Ideas"},"image":{"@id":"https:\/\/www.cubodeideas.com\/blog\/#\/schema\/logo\/image\/"},"sameAs":["https:\/\/www.facebook.com\/somoscubodeideas","https:\/\/x.com\/cubo_ideas","https:\/\/www.instagram.com\/cubodeideas"]},{"@type":"Person","@id":"https:\/\/www.cubodeideas.com\/blog\/#\/schema\/person\/5614e43eb76109017cff51a2c7928211","name":"Noel Castro","description":"LEM Noel Castro Monta\u00f1o es CEO de Cubo de Ideas, Director de Operaciones para Citosa Textiles. Asesor de nuevos mercados y estrategias digitales para el segmento Retail. Especialista en marketing para autoservicios y puntos de venta. Especialista en sistemas de gesti\u00f3n de la calidad con enfoque a la ISO 9001:2015","sameAs":["https:\/\/www.cubodeideas.com\/blog"],"url":"https:\/\/www.cubodeideas.com\/blog\/author\/admin\/"}]}},"jetpack_publicize_connections":[],"_links":{"self":[{"href":"https:\/\/www.cubodeideas.com\/blog\/wp-json\/wp\/v2\/posts\/1346","targetHints":{"allow":["GET"]}}],"collection":[{"href":"https:\/\/www.cubodeideas.com\/blog\/wp-json\/wp\/v2\/posts"}],"about":[{"href":"https:\/\/www.cubodeideas.com\/blog\/wp-json\/wp\/v2\/types\/post"}],"author":[{"embeddable":true,"href":"https:\/\/www.cubodeideas.com\/blog\/wp-json\/wp\/v2\/users\/1"}],"replies":[{"embeddable":true,"href":"https:\/\/www.cubodeideas.com\/blog\/wp-json\/wp\/v2\/comments?post=1346"}],"version-history":[{"count":1,"href":"https:\/\/www.cubodeideas.com\/blog\/wp-json\/wp\/v2\/posts\/1346\/revisions"}],"predecessor-version":[{"id":1348,"href":"https:\/\/www.cubodeideas.com\/blog\/wp-json\/wp\/v2\/posts\/1346\/revisions\/1348"}],"wp:featuredmedia":[{"embeddable":true,"href":"https:\/\/www.cubodeideas.com\/blog\/wp-json\/wp\/v2\/media\/1347"}],"wp:attachment":[{"href":"https:\/\/www.cubodeideas.com\/blog\/wp-json\/wp\/v2\/media?parent=1346"}],"wp:term":[{"taxonomy":"category","embeddable":true,"href":"https:\/\/www.cubodeideas.com\/blog\/wp-json\/wp\/v2\/categories?post=1346"},{"taxonomy":"post_tag","embeddable":true,"href":"https:\/\/www.cubodeideas.com\/blog\/wp-json\/wp\/v2\/tags?post=1346"}],"curies":[{"name":"wp","href":"https:\/\/api.w.org\/{rel}","templated":true}]}}