{"id":1282,"date":"2024-01-29T01:19:50","date_gmt":"2024-01-29T01:19:50","guid":{"rendered":"https:\/\/www.cubodeideas.com\/blog\/?p=1282"},"modified":"2024-01-29T01:19:50","modified_gmt":"2024-01-29T01:19:50","slug":"monitoreo-y-ajuste-del-plan-estrategico","status":"publish","type":"post","link":"https:\/\/www.cubodeideas.com\/blog\/negocios\/monitoreo-y-ajuste-del-plan-estrategico\/","title":{"rendered":"Monitoreo y Ajuste del Plan Estrat\u00e9gico"},"content":{"rendered":"<p>El desarrollo de un plan estrat\u00e9gico es solo el primer paso hacia el \u00e9xito empresarial. Para las peque\u00f1as y medianas empresas (pymes), la capacidad de monitorear y ajustar este plan a lo largo del tiempo es igualmente crucial. En un mundo empresarial que cambia r\u00e1pidamente, la flexibilidad y la adaptabilidad son esenciales. Este art\u00edculo se centrar\u00e1 en c\u00f3mo las pymes pueden implementar procesos efectivos de monitoreo y ajuste de sus planes estrat\u00e9gicos, asegurando as\u00ed que sigan siendo relevantes y efectivos en el logro de sus objetivos a largo plazo.<\/p>\n<h2>H2: La Importancia del Monitoreo y Ajuste en la Planificaci\u00f3n Estrat\u00e9gica<\/h2>\n<p>El monitoreo continuo y el ajuste del plan estrat\u00e9gico permiten a las empresas responder de manera proactiva a los cambios en el mercado, la competencia y el entorno interno. Esta capacidad de adaptaci\u00f3n no solo ayuda a mitigar los riesgos, sino que tambi\u00e9n abre nuevas oportunidades para el crecimiento y la mejora.<\/p>\n<h3>H3: Identificaci\u00f3n de Cambios y Tendencias<\/h3>\n<p>El monitoreo eficaz implica mantenerse al tanto de las tendencias del mercado, los cambios en el comportamiento del cliente y las innovaciones en la industria. Esto permite a las pymes identificar oportunidades emergentes y amenazas potenciales a tiempo. La clave es establecer un sistema que recopile y analice regularmente datos relevantes, proporcionando una base s\u00f3lida para la toma de decisiones informadas.<\/p>\n<h3>H3: Medici\u00f3n del Rendimiento<\/h3>\n<p>La medici\u00f3n del rendimiento contra los objetivos establecidos en el plan estrat\u00e9gico es crucial. Esto no solo incluye indicadores financieros, sino tambi\u00e9n m\u00e9tricas relacionadas con el cliente, procesos internos y desarrollo del personal. El uso de indicadores clave de rendimiento (KPIs) efectivos y relevantes es esencial para evaluar el progreso y determinar si se est\u00e1n alcanzando los objetivos estrat\u00e9gicos.<\/p>\n<h2>H2: Proceso de Monitoreo y Ajuste del Plan Estrat\u00e9gico<\/h2>\n<h3>H3: Establecimiento de un Sistema de Monitoreo<\/h3>\n<p>El primer paso es establecer un sistema de monitoreo que recoja datos de forma continua y sistem\u00e1tica. Esto puede incluir el an\u00e1lisis de informes financieros, encuestas de satisfacci\u00f3n del cliente, estudios de mercado y otros indicadores relevantes. La tecnolog\u00eda juega un papel crucial aqu\u00ed, con herramientas como sistemas de gesti\u00f3n de relaciones con clientes (CRM), software de an\u00e1lisis de datos y plataformas de inteligencia de negocios que pueden facilitar la recopilaci\u00f3n y el an\u00e1lisis de datos.<\/p>\n<h3>H3: Revisiones Peri\u00f3dicas y Evaluaci\u00f3n<\/h3>\n<p>Las revisiones peri\u00f3dicas del plan estrat\u00e9gico son fundamentales. Estas revisiones deben ser programadas regularmente, ya sean mensuales, trimestrales o anuales, y deben incluir a los miembros clave del equipo de gesti\u00f3n. Durante estas sesiones, se debe evaluar el progreso hacia los objetivos estrat\u00e9gicos, identificar \u00e1reas que requieren atenci\u00f3n y discutir posibles ajustes al plan.<\/p>\n<h2>H2: Implementando Ajustes al Plan Estrat\u00e9gico<\/h2>\n<h3>H3: Respuesta a Cambios en el Mercado<\/h3>\n<p>Cuando se identifican cambios significativos en el mercado o en el entorno operativo, es vital responder con ajustes estrat\u00e9gicos. Esto puede implicar cambiar las prioridades, reasignar recursos o incluso redefinir ciertos objetivos. La clave es mantener un equilibrio entre mantenerse fiel a la visi\u00f3n a largo plazo de la empresa y ser lo suficientemente flexible para adaptarse a las circunstancias cambiantes.<\/p>\n<h3>H3: Cultura de Mejora Continua<\/h3>\n<p>Desarrollar una cultura de mejora continua es esencial para el \u00e9xito de cualquier proceso de ajuste. Esto implica fomentar un entorno donde el feedback de los empleados, los clientes y otros stakeholders sea valorado y utilizado para informar las decisiones estrat\u00e9gicas. La mejora continua debe verse como un proceso iterativo y constante, donde el aprendizaje y la adaptaci\u00f3n son partes integrales de la operaci\u00f3n empresarial.<\/p>\n<h2>H2: Desaf\u00edos Comunes y Soluciones en el Monitoreo y Ajuste del Plan Estrat\u00e9gico<\/h2>\n<h3>H3: Resistencia al Cambio<\/h3>\n<p>Uno de los mayores desaf\u00edos en el proceso de ajuste es la resistencia al cambio, tanto a nivel organizacional como individual. Para superar esto, es crucial comunicar claramente la necesidad y los beneficios de los ajustes propuestos. Involucrar a los empleados en el proceso de toma de decisiones y proporcionar capacitaci\u00f3n y apoyo adecuados puede facilitar la transici\u00f3n.<\/p>\n<h3>H3: Mantener la Alineaci\u00f3n con la Visi\u00f3n y Misi\u00f3n<\/h3>\n<p>Asegurarse de que los ajustes al plan estrat\u00e9gico permanezcan alineados con la visi\u00f3n y misi\u00f3n generales de la empresa es esencial. Cualquier cambio realizado debe ser evaluado en t\u00e9rminos de c\u00f3mo contribuye a los objetivos a largo plazo de la empresa. Mantener esta alineaci\u00f3n asegura que la empresa no se desv\u00ede de su camino y valores fundamentales.<\/p>\n<h2>H2: Conclusi\u00f3n<\/h2>\n<p>El monitoreo y ajuste constantes del plan estrat\u00e9gico son vitales para la supervivencia y el \u00e9xito a largo plazo de las pymes. Al implementar un sistema efectivo de monitoreo y estar dispuestos a realizar ajustes estrat\u00e9gicos, las empresas pueden asegurarse de permanecer relevantes, competitivas y en el camino hacia el logro de sus objetivos. Recuerda, un plan estrat\u00e9gico no es un documento est\u00e1tico, sino un mapa vivo que gu\u00eda a tu empresa a trav\u00e9s del paisaje en constante cambio del mundo de los negocios.<\/p>\n<p>&nbsp;<\/p>\n<p>Imagen de <a href=\"https:\/\/pixabay.com\/es\/users\/startupstockphotos-690514\/?utm_source=link-attribution&amp;utm_medium=referral&amp;utm_campaign=image&amp;utm_content=849804\">StartupStockPhotos<\/a> en <a href=\"https:\/\/pixabay.com\/es\/\/?utm_source=link-attribution&amp;utm_medium=referral&amp;utm_campaign=image&amp;utm_content=849804\">Pixabay<\/a><\/p>\n<div class=\"pvc_clear\"><\/div>\n<p id=\"pvc_stats_1282\" class=\"pvc_stats all  \" data-element-id=\"1282\" style=\"\"><i class=\"pvc-stats-icon medium\" aria-hidden=\"true\"><svg aria-hidden=\"true\" focusable=\"false\" data-prefix=\"far\" data-icon=\"chart-bar\" role=\"img\" xmlns=\"http:\/\/www.w3.org\/2000\/svg\" viewBox=\"0 0 512 512\" class=\"svg-inline--fa fa-chart-bar fa-w-16 fa-2x\"><path fill=\"currentColor\" d=\"M396.8 352h22.4c6.4 0 12.8-6.4 12.8-12.8V108.8c0-6.4-6.4-12.8-12.8-12.8h-22.4c-6.4 0-12.8 6.4-12.8 12.8v230.4c0 6.4 6.4 12.8 12.8 12.8zm-192 0h22.4c6.4 0 12.8-6.4 12.8-12.8V140.8c0-6.4-6.4-12.8-12.8-12.8h-22.4c-6.4 0-12.8 6.4-12.8 12.8v198.4c0 6.4 6.4 12.8 12.8 12.8zm96 0h22.4c6.4 0 12.8-6.4 12.8-12.8V204.8c0-6.4-6.4-12.8-12.8-12.8h-22.4c-6.4 0-12.8 6.4-12.8 12.8v134.4c0 6.4 6.4 12.8 12.8 12.8zM496 400H48V80c0-8.84-7.16-16-16-16H16C7.16 64 0 71.16 0 80v336c0 17.67 14.33 32 32 32h464c8.84 0 16-7.16 16-16v-16c0-8.84-7.16-16-16-16zm-387.2-48h22.4c6.4 0 12.8-6.4 12.8-12.8v-70.4c0-6.4-6.4-12.8-12.8-12.8h-22.4c-6.4 0-12.8 6.4-12.8 12.8v70.4c0 6.4 6.4 12.8 12.8 12.8z\" class=\"\"><\/path><\/svg><\/i> <img loading=\"lazy\" decoding=\"async\" width=\"16\" height=\"16\" alt=\"Loading\" src=\"https:\/\/www.cubodeideas.com\/blog\/wp-content\/plugins\/page-views-count\/ajax-loader-2x.gif\" border=0 \/><\/p>\n<div class=\"pvc_clear\"><\/div>\n","protected":false},"excerpt":{"rendered":"<p>El desarrollo de un plan estrat\u00e9gico es solo el primer paso hacia el \u00e9xito empresarial. Para las peque\u00f1as y medianas empresas (pymes), la capacidad de monitorear y ajustar este plan a lo largo del tiempo es igualmente crucial. En un mundo empresarial que cambia r\u00e1pidamente, la flexibilidad y la adaptabilidad son esenciales. Este art\u00edculo se [&hellip;]<\/p>\n<div class=\"pvc_clear\"><\/div>\n<p id=\"pvc_stats_1282\" class=\"pvc_stats all  \" data-element-id=\"1282\" style=\"\"><i class=\"pvc-stats-icon medium\" aria-hidden=\"true\"><svg aria-hidden=\"true\" focusable=\"false\" data-prefix=\"far\" data-icon=\"chart-bar\" role=\"img\" xmlns=\"http:\/\/www.w3.org\/2000\/svg\" viewBox=\"0 0 512 512\" class=\"svg-inline--fa fa-chart-bar fa-w-16 fa-2x\"><path fill=\"currentColor\" d=\"M396.8 352h22.4c6.4 0 12.8-6.4 12.8-12.8V108.8c0-6.4-6.4-12.8-12.8-12.8h-22.4c-6.4 0-12.8 6.4-12.8 12.8v230.4c0 6.4 6.4 12.8 12.8 12.8zm-192 0h22.4c6.4 0 12.8-6.4 12.8-12.8V140.8c0-6.4-6.4-12.8-12.8-12.8h-22.4c-6.4 0-12.8 6.4-12.8 12.8v198.4c0 6.4 6.4 12.8 12.8 12.8zm96 0h22.4c6.4 0 12.8-6.4 12.8-12.8V204.8c0-6.4-6.4-12.8-12.8-12.8h-22.4c-6.4 0-12.8 6.4-12.8 12.8v134.4c0 6.4 6.4 12.8 12.8 12.8zM496 400H48V80c0-8.84-7.16-16-16-16H16C7.16 64 0 71.16 0 80v336c0 17.67 14.33 32 32 32h464c8.84 0 16-7.16 16-16v-16c0-8.84-7.16-16-16-16zm-387.2-48h22.4c6.4 0 12.8-6.4 12.8-12.8v-70.4c0-6.4-6.4-12.8-12.8-12.8h-22.4c-6.4 0-12.8 6.4-12.8 12.8v70.4c0 6.4 6.4 12.8 12.8 12.8z\" class=\"\"><\/path><\/svg><\/i> <img loading=\"lazy\" decoding=\"async\" width=\"16\" height=\"16\" alt=\"Loading\" src=\"https:\/\/www.cubodeideas.com\/blog\/wp-content\/plugins\/page-views-count\/ajax-loader-2x.gif\" border=0 \/><\/p>\n<div class=\"pvc_clear\"><\/div>\n","protected":false},"author":1,"featured_media":1283,"comment_status":"open","ping_status":"closed","sticky":false,"template":"","format":"standard","meta":{"footnotes":"","jetpack_publicize_message":"","jetpack_publicize_feature_enabled":true,"jetpack_social_post_already_shared":false,"jetpack_social_options":{"image_generator_settings":{"template":"highway","default_image_id":0,"font":"","enabled":false},"version":2}},"categories":[13],"tags":[328,118,413,412,406,368],"class_list":["post-1282","post","type-post","status-publish","format-standard","has-post-thumbnail","hentry","category-negocios","tag-adaptabilidad-empresarial","tag-estrategia-de-negocios","tag-gestion-pyme","tag-monitoreo-de-negocios","tag-planeacion-estrategica","tag-planificacion-estrategica"],"blocksy_meta":[],"yoast_head":"<!-- This site is optimized with the Yoast SEO plugin v27.0 - https:\/\/yoast.com\/product\/yoast-seo-wordpress\/ -->\n<title>Monitoreo y Ajuste del Plan Estrat\u00e9gico -<\/title>\n<meta name=\"description\" content=\"Aprende c\u00f3mo el monitoreo y ajuste continuos de tu plan estrat\u00e9gico pueden mantener tu PYME \u00e1gil, relevante y en el camino hacia el \u00e9xito.\" \/>\n<meta name=\"robots\" content=\"index, follow, max-snippet:-1, max-image-preview:large, max-video-preview:-1\" \/>\n<link rel=\"canonical\" href=\"https:\/\/www.cubodeideas.com\/blog\/negocios\/monitoreo-y-ajuste-del-plan-estrategico\/\" \/>\n<meta property=\"og:locale\" content=\"es_ES\" \/>\n<meta property=\"og:type\" content=\"article\" \/>\n<meta property=\"og:title\" content=\"Monitoreo y Ajuste del Plan Estrat\u00e9gico -\" \/>\n<meta property=\"og:description\" content=\"Aprende c\u00f3mo el monitoreo y ajuste continuos de tu plan estrat\u00e9gico pueden mantener tu PYME \u00e1gil, relevante y en el camino hacia el \u00e9xito.\" \/>\n<meta property=\"og:url\" content=\"https:\/\/www.cubodeideas.com\/blog\/negocios\/monitoreo-y-ajuste-del-plan-estrategico\/\" \/>\n<meta property=\"article:publisher\" content=\"https:\/\/www.facebook.com\/somoscubodeideas\" \/>\n<meta property=\"article:published_time\" content=\"2024-01-29T01:19:50+00:00\" \/>\n<meta property=\"og:image\" content=\"https:\/\/www.cubodeideas.com\/blog\/wp-content\/uploads\/2024\/01\/startup-849804_1280.jpg\" \/>\n\t<meta property=\"og:image:width\" content=\"1280\" \/>\n\t<meta property=\"og:image:height\" content=\"914\" \/>\n\t<meta property=\"og:image:type\" content=\"image\/jpeg\" \/>\n<meta name=\"author\" content=\"Noel Castro\" \/>\n<meta name=\"twitter:card\" content=\"summary_large_image\" \/>\n<meta name=\"twitter:creator\" content=\"@cubo_ideas\" \/>\n<meta name=\"twitter:site\" content=\"@cubo_ideas\" \/>\n<meta name=\"twitter:label1\" content=\"Escrito por\" \/>\n\t<meta name=\"twitter:data1\" content=\"Noel Castro\" \/>\n\t<meta name=\"twitter:label2\" content=\"Tiempo de lectura\" \/>\n\t<meta name=\"twitter:data2\" content=\"4 minutos\" \/>\n<script type=\"application\/ld+json\" class=\"yoast-schema-graph\">{\"@context\":\"https:\/\/schema.org\",\"@graph\":[{\"@type\":\"Article\",\"@id\":\"https:\/\/www.cubodeideas.com\/blog\/negocios\/monitoreo-y-ajuste-del-plan-estrategico\/#article\",\"isPartOf\":{\"@id\":\"https:\/\/www.cubodeideas.com\/blog\/negocios\/monitoreo-y-ajuste-del-plan-estrategico\/\"},\"author\":{\"name\":\"Noel Castro\",\"@id\":\"https:\/\/www.cubodeideas.com\/blog\/#\/schema\/person\/5614e43eb76109017cff51a2c7928211\"},\"headline\":\"Monitoreo y Ajuste del Plan Estrat\u00e9gico\",\"datePublished\":\"2024-01-29T01:19:50+00:00\",\"mainEntityOfPage\":{\"@id\":\"https:\/\/www.cubodeideas.com\/blog\/negocios\/monitoreo-y-ajuste-del-plan-estrategico\/\"},\"wordCount\":881,\"commentCount\":0,\"publisher\":{\"@id\":\"https:\/\/www.cubodeideas.com\/blog\/#organization\"},\"image\":{\"@id\":\"https:\/\/www.cubodeideas.com\/blog\/negocios\/monitoreo-y-ajuste-del-plan-estrategico\/#primaryimage\"},\"thumbnailUrl\":\"https:\/\/www.cubodeideas.com\/blog\/wp-content\/uploads\/2024\/01\/startup-849804_1280.jpg\",\"keywords\":[\"Adaptabilidad Empresarial\",\"Estrategia de negocios\",\"Gesti\u00f3n PYME\",\"Monitoreo de Negocios\",\"Planeaci\u00f3n estrat\u00e9gica\",\"Planificaci\u00f3n Estrat\u00e9gica\"],\"articleSection\":[\"Negocios\"],\"inLanguage\":\"es\",\"potentialAction\":[{\"@type\":\"CommentAction\",\"name\":\"Comment\",\"target\":[\"https:\/\/www.cubodeideas.com\/blog\/negocios\/monitoreo-y-ajuste-del-plan-estrategico\/#respond\"]}]},{\"@type\":\"WebPage\",\"@id\":\"https:\/\/www.cubodeideas.com\/blog\/negocios\/monitoreo-y-ajuste-del-plan-estrategico\/\",\"url\":\"https:\/\/www.cubodeideas.com\/blog\/negocios\/monitoreo-y-ajuste-del-plan-estrategico\/\",\"name\":\"Monitoreo y Ajuste del Plan Estrat\u00e9gico -\",\"isPartOf\":{\"@id\":\"https:\/\/www.cubodeideas.com\/blog\/#website\"},\"primaryImageOfPage\":{\"@id\":\"https:\/\/www.cubodeideas.com\/blog\/negocios\/monitoreo-y-ajuste-del-plan-estrategico\/#primaryimage\"},\"image\":{\"@id\":\"https:\/\/www.cubodeideas.com\/blog\/negocios\/monitoreo-y-ajuste-del-plan-estrategico\/#primaryimage\"},\"thumbnailUrl\":\"https:\/\/www.cubodeideas.com\/blog\/wp-content\/uploads\/2024\/01\/startup-849804_1280.jpg\",\"datePublished\":\"2024-01-29T01:19:50+00:00\",\"description\":\"Aprende c\u00f3mo el monitoreo y ajuste continuos de tu plan estrat\u00e9gico pueden mantener tu PYME \u00e1gil, relevante y en el camino hacia el \u00e9xito.\",\"breadcrumb\":{\"@id\":\"https:\/\/www.cubodeideas.com\/blog\/negocios\/monitoreo-y-ajuste-del-plan-estrategico\/#breadcrumb\"},\"inLanguage\":\"es\",\"potentialAction\":[{\"@type\":\"ReadAction\",\"target\":[\"https:\/\/www.cubodeideas.com\/blog\/negocios\/monitoreo-y-ajuste-del-plan-estrategico\/\"]}]},{\"@type\":\"ImageObject\",\"inLanguage\":\"es\",\"@id\":\"https:\/\/www.cubodeideas.com\/blog\/negocios\/monitoreo-y-ajuste-del-plan-estrategico\/#primaryimage\",\"url\":\"https:\/\/www.cubodeideas.com\/blog\/wp-content\/uploads\/2024\/01\/startup-849804_1280.jpg\",\"contentUrl\":\"https:\/\/www.cubodeideas.com\/blog\/wp-content\/uploads\/2024\/01\/startup-849804_1280.jpg\",\"width\":1280,\"height\":914,\"caption\":\"plan estrat\u00e9gico pyme\"},{\"@type\":\"BreadcrumbList\",\"@id\":\"https:\/\/www.cubodeideas.com\/blog\/negocios\/monitoreo-y-ajuste-del-plan-estrategico\/#breadcrumb\",\"itemListElement\":[{\"@type\":\"ListItem\",\"position\":1,\"name\":\"Portada\",\"item\":\"https:\/\/www.cubodeideas.com\/blog\/\"},{\"@type\":\"ListItem\",\"position\":2,\"name\":\"Monitoreo y Ajuste del Plan Estrat\u00e9gico\"}]},{\"@type\":\"WebSite\",\"@id\":\"https:\/\/www.cubodeideas.com\/blog\/#website\",\"url\":\"https:\/\/www.cubodeideas.com\/blog\/\",\"name\":\"Cubo de Ideas\",\"description\":\"Cubo de Ideas, El Blog\",\"publisher\":{\"@id\":\"https:\/\/www.cubodeideas.com\/blog\/#organization\"},\"potentialAction\":[{\"@type\":\"SearchAction\",\"target\":{\"@type\":\"EntryPoint\",\"urlTemplate\":\"https:\/\/www.cubodeideas.com\/blog\/?s={search_term_string}\"},\"query-input\":{\"@type\":\"PropertyValueSpecification\",\"valueRequired\":true,\"valueName\":\"search_term_string\"}}],\"inLanguage\":\"es\"},{\"@type\":\"Organization\",\"@id\":\"https:\/\/www.cubodeideas.com\/blog\/#organization\",\"name\":\"Cubo de Ideas\",\"url\":\"https:\/\/www.cubodeideas.com\/blog\/\",\"logo\":{\"@type\":\"ImageObject\",\"inLanguage\":\"es\",\"@id\":\"https:\/\/www.cubodeideas.com\/blog\/#\/schema\/logo\/image\/\",\"url\":\"https:\/\/www.cubodeideas.com\/blog\/wp-content\/uploads\/2021\/10\/android-icon-72x72-1.png\",\"contentUrl\":\"https:\/\/www.cubodeideas.com\/blog\/wp-content\/uploads\/2021\/10\/android-icon-72x72-1.png\",\"width\":72,\"height\":72,\"caption\":\"Cubo de Ideas\"},\"image\":{\"@id\":\"https:\/\/www.cubodeideas.com\/blog\/#\/schema\/logo\/image\/\"},\"sameAs\":[\"https:\/\/www.facebook.com\/somoscubodeideas\",\"https:\/\/x.com\/cubo_ideas\",\"https:\/\/www.instagram.com\/cubodeideas\"]},{\"@type\":\"Person\",\"@id\":\"https:\/\/www.cubodeideas.com\/blog\/#\/schema\/person\/5614e43eb76109017cff51a2c7928211\",\"name\":\"Noel Castro\",\"description\":\"LEM Noel Castro Monta\u00f1o es CEO de Cubo de Ideas, Director de Operaciones para Citosa Textiles. Asesor de nuevos mercados y estrategias digitales para el segmento Retail. Especialista en marketing para autoservicios y puntos de venta. Especialista en sistemas de gesti\u00f3n de la calidad con enfoque a la ISO 9001:2015\",\"sameAs\":[\"https:\/\/www.cubodeideas.com\/blog\"],\"url\":\"https:\/\/www.cubodeideas.com\/blog\/author\/admin\/\"}]}<\/script>\n<!-- \/ Yoast SEO plugin. -->","yoast_head_json":{"title":"Monitoreo y Ajuste del Plan Estrat\u00e9gico -","description":"Aprende c\u00f3mo el monitoreo y ajuste continuos de tu plan estrat\u00e9gico pueden mantener tu PYME \u00e1gil, relevante y en el camino hacia el \u00e9xito.","robots":{"index":"index","follow":"follow","max-snippet":"max-snippet:-1","max-image-preview":"max-image-preview:large","max-video-preview":"max-video-preview:-1"},"canonical":"https:\/\/www.cubodeideas.com\/blog\/negocios\/monitoreo-y-ajuste-del-plan-estrategico\/","og_locale":"es_ES","og_type":"article","og_title":"Monitoreo y Ajuste del Plan Estrat\u00e9gico -","og_description":"Aprende c\u00f3mo el monitoreo y ajuste continuos de tu plan estrat\u00e9gico pueden mantener tu PYME \u00e1gil, relevante y en el camino hacia el \u00e9xito.","og_url":"https:\/\/www.cubodeideas.com\/blog\/negocios\/monitoreo-y-ajuste-del-plan-estrategico\/","article_publisher":"https:\/\/www.facebook.com\/somoscubodeideas","article_published_time":"2024-01-29T01:19:50+00:00","og_image":[{"width":1280,"height":914,"url":"https:\/\/www.cubodeideas.com\/blog\/wp-content\/uploads\/2024\/01\/startup-849804_1280.jpg","type":"image\/jpeg"}],"author":"Noel Castro","twitter_card":"summary_large_image","twitter_creator":"@cubo_ideas","twitter_site":"@cubo_ideas","twitter_misc":{"Escrito por":"Noel Castro","Tiempo de lectura":"4 minutos"},"schema":{"@context":"https:\/\/schema.org","@graph":[{"@type":"Article","@id":"https:\/\/www.cubodeideas.com\/blog\/negocios\/monitoreo-y-ajuste-del-plan-estrategico\/#article","isPartOf":{"@id":"https:\/\/www.cubodeideas.com\/blog\/negocios\/monitoreo-y-ajuste-del-plan-estrategico\/"},"author":{"name":"Noel Castro","@id":"https:\/\/www.cubodeideas.com\/blog\/#\/schema\/person\/5614e43eb76109017cff51a2c7928211"},"headline":"Monitoreo y Ajuste del Plan Estrat\u00e9gico","datePublished":"2024-01-29T01:19:50+00:00","mainEntityOfPage":{"@id":"https:\/\/www.cubodeideas.com\/blog\/negocios\/monitoreo-y-ajuste-del-plan-estrategico\/"},"wordCount":881,"commentCount":0,"publisher":{"@id":"https:\/\/www.cubodeideas.com\/blog\/#organization"},"image":{"@id":"https:\/\/www.cubodeideas.com\/blog\/negocios\/monitoreo-y-ajuste-del-plan-estrategico\/#primaryimage"},"thumbnailUrl":"https:\/\/www.cubodeideas.com\/blog\/wp-content\/uploads\/2024\/01\/startup-849804_1280.jpg","keywords":["Adaptabilidad Empresarial","Estrategia de negocios","Gesti\u00f3n PYME","Monitoreo de Negocios","Planeaci\u00f3n estrat\u00e9gica","Planificaci\u00f3n Estrat\u00e9gica"],"articleSection":["Negocios"],"inLanguage":"es","potentialAction":[{"@type":"CommentAction","name":"Comment","target":["https:\/\/www.cubodeideas.com\/blog\/negocios\/monitoreo-y-ajuste-del-plan-estrategico\/#respond"]}]},{"@type":"WebPage","@id":"https:\/\/www.cubodeideas.com\/blog\/negocios\/monitoreo-y-ajuste-del-plan-estrategico\/","url":"https:\/\/www.cubodeideas.com\/blog\/negocios\/monitoreo-y-ajuste-del-plan-estrategico\/","name":"Monitoreo y Ajuste del Plan Estrat\u00e9gico -","isPartOf":{"@id":"https:\/\/www.cubodeideas.com\/blog\/#website"},"primaryImageOfPage":{"@id":"https:\/\/www.cubodeideas.com\/blog\/negocios\/monitoreo-y-ajuste-del-plan-estrategico\/#primaryimage"},"image":{"@id":"https:\/\/www.cubodeideas.com\/blog\/negocios\/monitoreo-y-ajuste-del-plan-estrategico\/#primaryimage"},"thumbnailUrl":"https:\/\/www.cubodeideas.com\/blog\/wp-content\/uploads\/2024\/01\/startup-849804_1280.jpg","datePublished":"2024-01-29T01:19:50+00:00","description":"Aprende c\u00f3mo el monitoreo y ajuste continuos de tu plan estrat\u00e9gico pueden mantener tu PYME \u00e1gil, relevante y en el camino hacia el \u00e9xito.","breadcrumb":{"@id":"https:\/\/www.cubodeideas.com\/blog\/negocios\/monitoreo-y-ajuste-del-plan-estrategico\/#breadcrumb"},"inLanguage":"es","potentialAction":[{"@type":"ReadAction","target":["https:\/\/www.cubodeideas.com\/blog\/negocios\/monitoreo-y-ajuste-del-plan-estrategico\/"]}]},{"@type":"ImageObject","inLanguage":"es","@id":"https:\/\/www.cubodeideas.com\/blog\/negocios\/monitoreo-y-ajuste-del-plan-estrategico\/#primaryimage","url":"https:\/\/www.cubodeideas.com\/blog\/wp-content\/uploads\/2024\/01\/startup-849804_1280.jpg","contentUrl":"https:\/\/www.cubodeideas.com\/blog\/wp-content\/uploads\/2024\/01\/startup-849804_1280.jpg","width":1280,"height":914,"caption":"plan estrat\u00e9gico pyme"},{"@type":"BreadcrumbList","@id":"https:\/\/www.cubodeideas.com\/blog\/negocios\/monitoreo-y-ajuste-del-plan-estrategico\/#breadcrumb","itemListElement":[{"@type":"ListItem","position":1,"name":"Portada","item":"https:\/\/www.cubodeideas.com\/blog\/"},{"@type":"ListItem","position":2,"name":"Monitoreo y Ajuste del Plan Estrat\u00e9gico"}]},{"@type":"WebSite","@id":"https:\/\/www.cubodeideas.com\/blog\/#website","url":"https:\/\/www.cubodeideas.com\/blog\/","name":"Cubo de Ideas","description":"Cubo de Ideas, El Blog","publisher":{"@id":"https:\/\/www.cubodeideas.com\/blog\/#organization"},"potentialAction":[{"@type":"SearchAction","target":{"@type":"EntryPoint","urlTemplate":"https:\/\/www.cubodeideas.com\/blog\/?s={search_term_string}"},"query-input":{"@type":"PropertyValueSpecification","valueRequired":true,"valueName":"search_term_string"}}],"inLanguage":"es"},{"@type":"Organization","@id":"https:\/\/www.cubodeideas.com\/blog\/#organization","name":"Cubo de Ideas","url":"https:\/\/www.cubodeideas.com\/blog\/","logo":{"@type":"ImageObject","inLanguage":"es","@id":"https:\/\/www.cubodeideas.com\/blog\/#\/schema\/logo\/image\/","url":"https:\/\/www.cubodeideas.com\/blog\/wp-content\/uploads\/2021\/10\/android-icon-72x72-1.png","contentUrl":"https:\/\/www.cubodeideas.com\/blog\/wp-content\/uploads\/2021\/10\/android-icon-72x72-1.png","width":72,"height":72,"caption":"Cubo de Ideas"},"image":{"@id":"https:\/\/www.cubodeideas.com\/blog\/#\/schema\/logo\/image\/"},"sameAs":["https:\/\/www.facebook.com\/somoscubodeideas","https:\/\/x.com\/cubo_ideas","https:\/\/www.instagram.com\/cubodeideas"]},{"@type":"Person","@id":"https:\/\/www.cubodeideas.com\/blog\/#\/schema\/person\/5614e43eb76109017cff51a2c7928211","name":"Noel Castro","description":"LEM Noel Castro Monta\u00f1o es CEO de Cubo de Ideas, Director de Operaciones para Citosa Textiles. Asesor de nuevos mercados y estrategias digitales para el segmento Retail. Especialista en marketing para autoservicios y puntos de venta. Especialista en sistemas de gesti\u00f3n de la calidad con enfoque a la ISO 9001:2015","sameAs":["https:\/\/www.cubodeideas.com\/blog"],"url":"https:\/\/www.cubodeideas.com\/blog\/author\/admin\/"}]}},"jetpack_publicize_connections":[],"_links":{"self":[{"href":"https:\/\/www.cubodeideas.com\/blog\/wp-json\/wp\/v2\/posts\/1282","targetHints":{"allow":["GET"]}}],"collection":[{"href":"https:\/\/www.cubodeideas.com\/blog\/wp-json\/wp\/v2\/posts"}],"about":[{"href":"https:\/\/www.cubodeideas.com\/blog\/wp-json\/wp\/v2\/types\/post"}],"author":[{"embeddable":true,"href":"https:\/\/www.cubodeideas.com\/blog\/wp-json\/wp\/v2\/users\/1"}],"replies":[{"embeddable":true,"href":"https:\/\/www.cubodeideas.com\/blog\/wp-json\/wp\/v2\/comments?post=1282"}],"version-history":[{"count":1,"href":"https:\/\/www.cubodeideas.com\/blog\/wp-json\/wp\/v2\/posts\/1282\/revisions"}],"predecessor-version":[{"id":1284,"href":"https:\/\/www.cubodeideas.com\/blog\/wp-json\/wp\/v2\/posts\/1282\/revisions\/1284"}],"wp:featuredmedia":[{"embeddable":true,"href":"https:\/\/www.cubodeideas.com\/blog\/wp-json\/wp\/v2\/media\/1283"}],"wp:attachment":[{"href":"https:\/\/www.cubodeideas.com\/blog\/wp-json\/wp\/v2\/media?parent=1282"}],"wp:term":[{"taxonomy":"category","embeddable":true,"href":"https:\/\/www.cubodeideas.com\/blog\/wp-json\/wp\/v2\/categories?post=1282"},{"taxonomy":"post_tag","embeddable":true,"href":"https:\/\/www.cubodeideas.com\/blog\/wp-json\/wp\/v2\/tags?post=1282"}],"curies":[{"name":"wp","href":"https:\/\/api.w.org\/{rel}","templated":true}]}}