{"id":1270,"date":"2024-01-27T02:42:25","date_gmt":"2024-01-27T02:42:25","guid":{"rendered":"https:\/\/www.cubodeideas.com\/blog\/?p=1270"},"modified":"2024-01-27T02:42:25","modified_gmt":"2024-01-27T02:42:25","slug":"definicion-de-vision-y-mision-en-las-pymes","status":"publish","type":"post","link":"https:\/\/www.cubodeideas.com\/blog\/negocios\/definicion-de-vision-y-mision-en-las-pymes\/","title":{"rendered":"Definici\u00f3n de Visi\u00f3n y Misi\u00f3n en las Pymes"},"content":{"rendered":"<p>Entender y definir la visi\u00f3n y la misi\u00f3n de una empresa es crucial para el \u00e9xito y la sostenibilidad a largo plazo. Estos conceptos no son solo declaraciones escritas en un plan de negocios; son la esencia de la identidad de una empresa, su prop\u00f3sito y su direcci\u00f3n estrat\u00e9gica. En este art\u00edculo, exploraremos en profundidad la importancia de una visi\u00f3n y misi\u00f3n bien definidas, c\u00f3mo estas pueden guiar a las pymes hacia el \u00e9xito, y c\u00f3mo puedes desarrollarlas de manera efectiva para tu negocio.<\/p>\n<h2>\u00bfQu\u00e9 son la Visi\u00f3n y la Misi\u00f3n?<\/h2>\n<p>La <strong>visi\u00f3n<\/strong> de una empresa describe lo que la organizaci\u00f3n aspira a ser en el futuro. Es una declaraci\u00f3n inspiradora que proporciona una imagen clara de la direcci\u00f3n a largo plazo de la empresa. La <strong>misi\u00f3n<\/strong>, por otro lado, define el prop\u00f3sito actual de la empresa, es decir, por qu\u00e9 existe. Describe lo que hace la empresa, para qui\u00e9n lo hace, y c\u00f3mo lo hace, destacando sus valores y prioridades fundamentales.<\/p>\n<h3>Ejemplo Pr\u00e1ctico:<\/h3>\n<p>Imagina una pyme que se dedica a la fabricaci\u00f3n de productos sostenibles. Su <strong>visi\u00f3n<\/strong> podr\u00eda ser: \u00abInnovar para un mundo m\u00e1s verde, siendo l\u00edderes en sostenibilidad para 2030\u00bb. Su <strong>misi\u00f3n<\/strong> podr\u00eda ser: \u00abCrear productos sostenibles que empoderen a los consumidores a tomar decisiones responsables con el medio ambiente\u00bb.<\/p>\n<h2>\u00bfPor Qu\u00e9 son Importantes la Visi\u00f3n y la Misi\u00f3n?<\/h2>\n<ol>\n<li><strong>Gu\u00eda Estrat\u00e9gica<\/strong>: La visi\u00f3n y la misi\u00f3n act\u00faan como una br\u00fajula para la toma de decisiones estrat\u00e9gicas, asegurando que cada acci\u00f3n est\u00e9 alineada con los objetivos a largo plazo y el prop\u00f3sito de la empresa.<\/li>\n<li><strong>Inspiraci\u00f3n y Motivaci\u00f3n<\/strong>: Una visi\u00f3n poderosa y una misi\u00f3n convincente inspiran y motivan a los empleados, aumentando su compromiso y productividad.<\/li>\n<li><strong>Diferenciaci\u00f3n en el Mercado<\/strong>: Empresas con una visi\u00f3n y misi\u00f3n claras y \u00fanicas se diferencian de sus competidores y resuenan m\u00e1s profundamente con sus clientes.<\/li>\n<li><strong>Foco y Coherencia<\/strong>: Ayudan a mantener el enfoque y la coherencia en todas las operaciones y comunicaciones de la empresa.<\/li>\n<li><strong>Atracci\u00f3n y Retenci\u00f3n de Talentos<\/strong>: Las personas quieren trabajar para empresas que tengan un prop\u00f3sito claro y valores que resuenen con los suyos.<\/li>\n<\/ol>\n<h2>Desarrollando una Visi\u00f3n y Misi\u00f3n Efectivas<\/h2>\n<h3>Paso 1: Entendimiento Profundo del Negocio<\/h3>\n<ul>\n<li>Analiza tu negocio, tu industria, tus clientes y tu competencia.<\/li>\n<li>Identifica tus fortalezas \u00fanicas, tus valores y lo que te apasiona.<\/li>\n<\/ul>\n<h3>Paso 2: Imagina el Futuro Ideal<\/h3>\n<ul>\n<li>Piensa en grande y visualiza d\u00f3nde quieres que est\u00e9 tu empresa en 5, 10 o 20 a\u00f1os.<\/li>\n<li>Considera el impacto que quieres tener en tu comunidad, industria y el mundo.<\/li>\n<\/ul>\n<h3>Paso 3: Define tu Prop\u00f3sito Actual<\/h3>\n<ul>\n<li>Reflexiona sobre por qu\u00e9 existe tu empresa, m\u00e1s all\u00e1 de hacer dinero.<\/li>\n<li>Piensa en c\u00f3mo tus productos o servicios mejoran la vida de tus clientes o resuelven un problema importante.<\/li>\n<\/ul>\n<h3>Paso 4: Redacci\u00f3n de la Visi\u00f3n y Misi\u00f3n<\/h3>\n<ul>\n<li>Utiliza un lenguaje claro, conciso y poderoso.<\/li>\n<li>Aseg\u00farate de que sean memorables y f\u00e1cilmente comunicables.<\/li>\n<li>Involucra a tu equipo en el proceso para asegurar que las declaraciones reflejen un consenso y compromiso com\u00fan.<\/li>\n<\/ul>\n<h3>Paso 5: Integraci\u00f3n en la Cultura de la Empresa<\/h3>\n<ul>\n<li>Comunica tu visi\u00f3n y misi\u00f3n a todos los niveles de la organizaci\u00f3n.<\/li>\n<li>Incorp\u00f3ralas en tus estrategias de marketing, en la toma de decisiones y en los procesos de recursos humanos.<\/li>\n<li>Eval\u00faa regularmente tus operaciones y estrategias para asegurarte de que est\u00e9n alineadas con tu visi\u00f3n y misi\u00f3n.<\/li>\n<\/ul>\n<h2>Retos Comunes y C\u00f3mo Superarlos<\/h2>\n<ol>\n<li><strong>Vaguedad<\/strong>: Evita declaraciones demasiado gen\u00e9ricas que podr\u00edan aplicarse a cualquier empresa. S\u00e9 espec\u00edfico y distintivo.<\/li>\n<li><strong>Falta de Compromiso<\/strong>: La visi\u00f3n y la misi\u00f3n deben ser m\u00e1s que palabras en un papel; deben estar vivas en la cultura y las operaciones diarias de la empresa.<\/li>\n<li><strong>Resistencia al Cambio<\/strong>: Puede haber resistencia, especialmente si la visi\u00f3n y la misi\u00f3n implican cambios significativos. La comunicaci\u00f3n y la participaci\u00f3n son clave para superarla.<\/li>\n<li><strong>Desalineaci\u00f3n con la Realidad<\/strong>: Aseg\u00farate de que tu visi\u00f3n y misi\u00f3n sean alcanzables y reflejen las capacidades y el entorno real de tu empresa.<\/li>\n<\/ol>\n<h2>Conclusi\u00f3n<\/h2>\n<p>La visi\u00f3n y la misi\u00f3n son fundamentales para definir la identidad y direcci\u00f3n de una pyme. Establecen el marco para la toma de decisiones estrat\u00e9gicas, la motivaci\u00f3n de los empleados y la conexi\u00f3n con los clientes. Desarrollar una visi\u00f3n y una misi\u00f3n claras y poderosas es un paso crucial en el camino hacia el \u00e9xito y la sostenibilidad a largo plazo. Recuerda que estas declaraciones son din\u00e1micas; deben evolucionar a medida que tu empresa y el entorno en el que opera tambi\u00e9n lo hacen.<\/p>\n<div class=\"pvc_clear\"><\/div>\n<p id=\"pvc_stats_1270\" class=\"pvc_stats all  \" data-element-id=\"1270\" style=\"\"><i class=\"pvc-stats-icon medium\" aria-hidden=\"true\"><svg aria-hidden=\"true\" focusable=\"false\" data-prefix=\"far\" data-icon=\"chart-bar\" role=\"img\" xmlns=\"http:\/\/www.w3.org\/2000\/svg\" viewBox=\"0 0 512 512\" class=\"svg-inline--fa fa-chart-bar fa-w-16 fa-2x\"><path fill=\"currentColor\" d=\"M396.8 352h22.4c6.4 0 12.8-6.4 12.8-12.8V108.8c0-6.4-6.4-12.8-12.8-12.8h-22.4c-6.4 0-12.8 6.4-12.8 12.8v230.4c0 6.4 6.4 12.8 12.8 12.8zm-192 0h22.4c6.4 0 12.8-6.4 12.8-12.8V140.8c0-6.4-6.4-12.8-12.8-12.8h-22.4c-6.4 0-12.8 6.4-12.8 12.8v198.4c0 6.4 6.4 12.8 12.8 12.8zm96 0h22.4c6.4 0 12.8-6.4 12.8-12.8V204.8c0-6.4-6.4-12.8-12.8-12.8h-22.4c-6.4 0-12.8 6.4-12.8 12.8v134.4c0 6.4 6.4 12.8 12.8 12.8zM496 400H48V80c0-8.84-7.16-16-16-16H16C7.16 64 0 71.16 0 80v336c0 17.67 14.33 32 32 32h464c8.84 0 16-7.16 16-16v-16c0-8.84-7.16-16-16-16zm-387.2-48h22.4c6.4 0 12.8-6.4 12.8-12.8v-70.4c0-6.4-6.4-12.8-12.8-12.8h-22.4c-6.4 0-12.8 6.4-12.8 12.8v70.4c0 6.4 6.4 12.8 12.8 12.8z\" class=\"\"><\/path><\/svg><\/i> <img loading=\"lazy\" decoding=\"async\" width=\"16\" height=\"16\" alt=\"Loading\" src=\"https:\/\/www.cubodeideas.com\/blog\/wp-content\/plugins\/page-views-count\/ajax-loader-2x.gif\" border=0 \/><\/p>\n<div class=\"pvc_clear\"><\/div>\n","protected":false},"excerpt":{"rendered":"<p>Entender y definir la visi\u00f3n y la misi\u00f3n de una empresa es crucial para el \u00e9xito y la sostenibilidad a largo plazo. Estos conceptos no son solo declaraciones escritas en un plan de negocios; son la esencia de la identidad de una empresa, su prop\u00f3sito y su direcci\u00f3n estrat\u00e9gica. En este art\u00edculo, exploraremos en profundidad [&hellip;]<\/p>\n<div class=\"pvc_clear\"><\/div>\n<p id=\"pvc_stats_1270\" class=\"pvc_stats all  \" data-element-id=\"1270\" style=\"\"><i class=\"pvc-stats-icon medium\" aria-hidden=\"true\"><svg aria-hidden=\"true\" focusable=\"false\" data-prefix=\"far\" data-icon=\"chart-bar\" role=\"img\" xmlns=\"http:\/\/www.w3.org\/2000\/svg\" viewBox=\"0 0 512 512\" class=\"svg-inline--fa fa-chart-bar fa-w-16 fa-2x\"><path fill=\"currentColor\" d=\"M396.8 352h22.4c6.4 0 12.8-6.4 12.8-12.8V108.8c0-6.4-6.4-12.8-12.8-12.8h-22.4c-6.4 0-12.8 6.4-12.8 12.8v230.4c0 6.4 6.4 12.8 12.8 12.8zm-192 0h22.4c6.4 0 12.8-6.4 12.8-12.8V140.8c0-6.4-6.4-12.8-12.8-12.8h-22.4c-6.4 0-12.8 6.4-12.8 12.8v198.4c0 6.4 6.4 12.8 12.8 12.8zm96 0h22.4c6.4 0 12.8-6.4 12.8-12.8V204.8c0-6.4-6.4-12.8-12.8-12.8h-22.4c-6.4 0-12.8 6.4-12.8 12.8v134.4c0 6.4 6.4 12.8 12.8 12.8zM496 400H48V80c0-8.84-7.16-16-16-16H16C7.16 64 0 71.16 0 80v336c0 17.67 14.33 32 32 32h464c8.84 0 16-7.16 16-16v-16c0-8.84-7.16-16-16-16zm-387.2-48h22.4c6.4 0 12.8-6.4 12.8-12.8v-70.4c0-6.4-6.4-12.8-12.8-12.8h-22.4c-6.4 0-12.8 6.4-12.8 12.8v70.4c0 6.4 6.4 12.8 12.8 12.8z\" class=\"\"><\/path><\/svg><\/i> <img loading=\"lazy\" decoding=\"async\" width=\"16\" height=\"16\" alt=\"Loading\" src=\"https:\/\/www.cubodeideas.com\/blog\/wp-content\/plugins\/page-views-count\/ajax-loader-2x.gif\" border=0 \/><\/p>\n<div class=\"pvc_clear\"><\/div>\n","protected":false},"author":1,"featured_media":1272,"comment_status":"open","ping_status":"closed","sticky":false,"template":"","format":"standard","meta":{"footnotes":"","jetpack_publicize_message":"","jetpack_publicize_feature_enabled":true,"jetpack_social_post_already_shared":false,"jetpack_social_options":{"image_generator_settings":{"template":"highway","default_image_id":0,"font":"","enabled":false},"version":2}},"categories":[13],"tags":[402,401,128,400,399],"class_list":["post-1270","post","type-post","status-publish","format-standard","has-post-thumbnail","hentry","category-negocios","tag-cultura-corporativa","tag-estrategia-pyme","tag-liderazgo","tag-mision-organizacional","tag-vision-empresarial"],"blocksy_meta":[],"yoast_head":"<!-- This site is optimized with the Yoast SEO plugin v27.0 - https:\/\/yoast.com\/product\/yoast-seo-wordpress\/ -->\n<title>Definici\u00f3n de Visi\u00f3n y Misi\u00f3n en las Pymes -<\/title>\n<meta name=\"description\" content=\"Descubre c\u00f3mo una visi\u00f3n y misi\u00f3n bien definidas pueden transformar tu PYME, alinear tus estrategias y motivar a tu equipo hacia el \u00e9xito.\" \/>\n<meta name=\"robots\" content=\"index, follow, max-snippet:-1, max-image-preview:large, max-video-preview:-1\" \/>\n<link rel=\"canonical\" href=\"https:\/\/www.cubodeideas.com\/blog\/negocios\/definicion-de-vision-y-mision-en-las-pymes\/\" \/>\n<meta property=\"og:locale\" content=\"es_ES\" \/>\n<meta property=\"og:type\" content=\"article\" \/>\n<meta property=\"og:title\" content=\"Definici\u00f3n de Visi\u00f3n y Misi\u00f3n en las Pymes -\" \/>\n<meta property=\"og:description\" content=\"Descubre c\u00f3mo una visi\u00f3n y misi\u00f3n bien definidas pueden transformar tu PYME, alinear tus estrategias y motivar a tu equipo hacia el \u00e9xito.\" \/>\n<meta property=\"og:url\" content=\"https:\/\/www.cubodeideas.com\/blog\/negocios\/definicion-de-vision-y-mision-en-las-pymes\/\" \/>\n<meta property=\"article:publisher\" content=\"https:\/\/www.facebook.com\/somoscubodeideas\" \/>\n<meta property=\"article:published_time\" content=\"2024-01-27T02:42:25+00:00\" \/>\n<meta property=\"og:image\" content=\"https:\/\/www.cubodeideas.com\/blog\/wp-content\/uploads\/2024\/01\/DALL\u00b7E-2024-01-26-20.41.28-Create-a-highly-realistic-and-professional-featured-blog-image-for-an-article-about-defining-vision-and-mission-in-small-and-medium-sized-enterprises-.png\" \/>\n\t<meta property=\"og:image:width\" content=\"1024\" \/>\n\t<meta property=\"og:image:height\" content=\"1024\" \/>\n\t<meta property=\"og:image:type\" content=\"image\/png\" \/>\n<meta name=\"author\" content=\"Noel Castro\" \/>\n<meta name=\"twitter:card\" content=\"summary_large_image\" \/>\n<meta name=\"twitter:creator\" content=\"@cubo_ideas\" \/>\n<meta name=\"twitter:site\" content=\"@cubo_ideas\" \/>\n<meta name=\"twitter:label1\" content=\"Escrito por\" \/>\n\t<meta name=\"twitter:data1\" content=\"Noel Castro\" \/>\n\t<meta name=\"twitter:label2\" content=\"Tiempo de lectura\" \/>\n\t<meta name=\"twitter:data2\" content=\"4 minutos\" \/>\n<script type=\"application\/ld+json\" class=\"yoast-schema-graph\">{\"@context\":\"https:\/\/schema.org\",\"@graph\":[{\"@type\":\"Article\",\"@id\":\"https:\/\/www.cubodeideas.com\/blog\/negocios\/definicion-de-vision-y-mision-en-las-pymes\/#article\",\"isPartOf\":{\"@id\":\"https:\/\/www.cubodeideas.com\/blog\/negocios\/definicion-de-vision-y-mision-en-las-pymes\/\"},\"author\":{\"name\":\"Noel Castro\",\"@id\":\"https:\/\/www.cubodeideas.com\/blog\/#\/schema\/person\/5614e43eb76109017cff51a2c7928211\"},\"headline\":\"Definici\u00f3n de Visi\u00f3n y Misi\u00f3n en las Pymes\",\"datePublished\":\"2024-01-27T02:42:25+00:00\",\"mainEntityOfPage\":{\"@id\":\"https:\/\/www.cubodeideas.com\/blog\/negocios\/definicion-de-vision-y-mision-en-las-pymes\/\"},\"wordCount\":830,\"commentCount\":0,\"publisher\":{\"@id\":\"https:\/\/www.cubodeideas.com\/blog\/#organization\"},\"image\":{\"@id\":\"https:\/\/www.cubodeideas.com\/blog\/negocios\/definicion-de-vision-y-mision-en-las-pymes\/#primaryimage\"},\"thumbnailUrl\":\"https:\/\/www.cubodeideas.com\/blog\/wp-content\/uploads\/2024\/01\/DALL\u00b7E-2024-01-26-20.41.28-Create-a-highly-realistic-and-professional-featured-blog-image-for-an-article-about-defining-vision-and-mission-in-small-and-medium-sized-enterprises-.png\",\"keywords\":[\"Cultura Corporativa\",\"Estrategia PYME\",\"liderazgo\",\"Misi\u00f3n Organizacional\",\"Visi\u00f3n Empresarial\"],\"articleSection\":[\"Negocios\"],\"inLanguage\":\"es\",\"potentialAction\":[{\"@type\":\"CommentAction\",\"name\":\"Comment\",\"target\":[\"https:\/\/www.cubodeideas.com\/blog\/negocios\/definicion-de-vision-y-mision-en-las-pymes\/#respond\"]}]},{\"@type\":\"WebPage\",\"@id\":\"https:\/\/www.cubodeideas.com\/blog\/negocios\/definicion-de-vision-y-mision-en-las-pymes\/\",\"url\":\"https:\/\/www.cubodeideas.com\/blog\/negocios\/definicion-de-vision-y-mision-en-las-pymes\/\",\"name\":\"Definici\u00f3n de Visi\u00f3n y Misi\u00f3n en las Pymes -\",\"isPartOf\":{\"@id\":\"https:\/\/www.cubodeideas.com\/blog\/#website\"},\"primaryImageOfPage\":{\"@id\":\"https:\/\/www.cubodeideas.com\/blog\/negocios\/definicion-de-vision-y-mision-en-las-pymes\/#primaryimage\"},\"image\":{\"@id\":\"https:\/\/www.cubodeideas.com\/blog\/negocios\/definicion-de-vision-y-mision-en-las-pymes\/#primaryimage\"},\"thumbnailUrl\":\"https:\/\/www.cubodeideas.com\/blog\/wp-content\/uploads\/2024\/01\/DALL\u00b7E-2024-01-26-20.41.28-Create-a-highly-realistic-and-professional-featured-blog-image-for-an-article-about-defining-vision-and-mission-in-small-and-medium-sized-enterprises-.png\",\"datePublished\":\"2024-01-27T02:42:25+00:00\",\"description\":\"Descubre c\u00f3mo una visi\u00f3n y misi\u00f3n bien definidas pueden transformar tu PYME, alinear tus estrategias y motivar a tu equipo hacia el \u00e9xito.\",\"breadcrumb\":{\"@id\":\"https:\/\/www.cubodeideas.com\/blog\/negocios\/definicion-de-vision-y-mision-en-las-pymes\/#breadcrumb\"},\"inLanguage\":\"es\",\"potentialAction\":[{\"@type\":\"ReadAction\",\"target\":[\"https:\/\/www.cubodeideas.com\/blog\/negocios\/definicion-de-vision-y-mision-en-las-pymes\/\"]}]},{\"@type\":\"ImageObject\",\"inLanguage\":\"es\",\"@id\":\"https:\/\/www.cubodeideas.com\/blog\/negocios\/definicion-de-vision-y-mision-en-las-pymes\/#primaryimage\",\"url\":\"https:\/\/www.cubodeideas.com\/blog\/wp-content\/uploads\/2024\/01\/DALL\u00b7E-2024-01-26-20.41.28-Create-a-highly-realistic-and-professional-featured-blog-image-for-an-article-about-defining-vision-and-mission-in-small-and-medium-sized-enterprises-.png\",\"contentUrl\":\"https:\/\/www.cubodeideas.com\/blog\/wp-content\/uploads\/2024\/01\/DALL\u00b7E-2024-01-26-20.41.28-Create-a-highly-realistic-and-professional-featured-blog-image-for-an-article-about-defining-vision-and-mission-in-small-and-medium-sized-enterprises-.png\",\"width\":1024,\"height\":1024,\"caption\":\"Mision y vision empresarial\"},{\"@type\":\"BreadcrumbList\",\"@id\":\"https:\/\/www.cubodeideas.com\/blog\/negocios\/definicion-de-vision-y-mision-en-las-pymes\/#breadcrumb\",\"itemListElement\":[{\"@type\":\"ListItem\",\"position\":1,\"name\":\"Portada\",\"item\":\"https:\/\/www.cubodeideas.com\/blog\/\"},{\"@type\":\"ListItem\",\"position\":2,\"name\":\"Definici\u00f3n de Visi\u00f3n y Misi\u00f3n en las Pymes\"}]},{\"@type\":\"WebSite\",\"@id\":\"https:\/\/www.cubodeideas.com\/blog\/#website\",\"url\":\"https:\/\/www.cubodeideas.com\/blog\/\",\"name\":\"Cubo de Ideas\",\"description\":\"Cubo de Ideas, El Blog\",\"publisher\":{\"@id\":\"https:\/\/www.cubodeideas.com\/blog\/#organization\"},\"potentialAction\":[{\"@type\":\"SearchAction\",\"target\":{\"@type\":\"EntryPoint\",\"urlTemplate\":\"https:\/\/www.cubodeideas.com\/blog\/?s={search_term_string}\"},\"query-input\":{\"@type\":\"PropertyValueSpecification\",\"valueRequired\":true,\"valueName\":\"search_term_string\"}}],\"inLanguage\":\"es\"},{\"@type\":\"Organization\",\"@id\":\"https:\/\/www.cubodeideas.com\/blog\/#organization\",\"name\":\"Cubo de Ideas\",\"url\":\"https:\/\/www.cubodeideas.com\/blog\/\",\"logo\":{\"@type\":\"ImageObject\",\"inLanguage\":\"es\",\"@id\":\"https:\/\/www.cubodeideas.com\/blog\/#\/schema\/logo\/image\/\",\"url\":\"https:\/\/www.cubodeideas.com\/blog\/wp-content\/uploads\/2021\/10\/android-icon-72x72-1.png\",\"contentUrl\":\"https:\/\/www.cubodeideas.com\/blog\/wp-content\/uploads\/2021\/10\/android-icon-72x72-1.png\",\"width\":72,\"height\":72,\"caption\":\"Cubo de Ideas\"},\"image\":{\"@id\":\"https:\/\/www.cubodeideas.com\/blog\/#\/schema\/logo\/image\/\"},\"sameAs\":[\"https:\/\/www.facebook.com\/somoscubodeideas\",\"https:\/\/x.com\/cubo_ideas\",\"https:\/\/www.instagram.com\/cubodeideas\"]},{\"@type\":\"Person\",\"@id\":\"https:\/\/www.cubodeideas.com\/blog\/#\/schema\/person\/5614e43eb76109017cff51a2c7928211\",\"name\":\"Noel Castro\",\"description\":\"LEM Noel Castro Monta\u00f1o es CEO de Cubo de Ideas, Director de Operaciones para Citosa Textiles. Asesor de nuevos mercados y estrategias digitales para el segmento Retail. Especialista en marketing para autoservicios y puntos de venta. Especialista en sistemas de gesti\u00f3n de la calidad con enfoque a la ISO 9001:2015\",\"sameAs\":[\"https:\/\/www.cubodeideas.com\/blog\"],\"url\":\"https:\/\/www.cubodeideas.com\/blog\/author\/admin\/\"}]}<\/script>\n<!-- \/ Yoast SEO plugin. -->","yoast_head_json":{"title":"Definici\u00f3n de Visi\u00f3n y Misi\u00f3n en las Pymes -","description":"Descubre c\u00f3mo una visi\u00f3n y misi\u00f3n bien definidas pueden transformar tu PYME, alinear tus estrategias y motivar a tu equipo hacia el \u00e9xito.","robots":{"index":"index","follow":"follow","max-snippet":"max-snippet:-1","max-image-preview":"max-image-preview:large","max-video-preview":"max-video-preview:-1"},"canonical":"https:\/\/www.cubodeideas.com\/blog\/negocios\/definicion-de-vision-y-mision-en-las-pymes\/","og_locale":"es_ES","og_type":"article","og_title":"Definici\u00f3n de Visi\u00f3n y Misi\u00f3n en las Pymes -","og_description":"Descubre c\u00f3mo una visi\u00f3n y misi\u00f3n bien definidas pueden transformar tu PYME, alinear tus estrategias y motivar a tu equipo hacia el \u00e9xito.","og_url":"https:\/\/www.cubodeideas.com\/blog\/negocios\/definicion-de-vision-y-mision-en-las-pymes\/","article_publisher":"https:\/\/www.facebook.com\/somoscubodeideas","article_published_time":"2024-01-27T02:42:25+00:00","og_image":[{"width":1024,"height":1024,"url":"https:\/\/www.cubodeideas.com\/blog\/wp-content\/uploads\/2024\/01\/DALL\u00b7E-2024-01-26-20.41.28-Create-a-highly-realistic-and-professional-featured-blog-image-for-an-article-about-defining-vision-and-mission-in-small-and-medium-sized-enterprises-.png","type":"image\/png"}],"author":"Noel Castro","twitter_card":"summary_large_image","twitter_creator":"@cubo_ideas","twitter_site":"@cubo_ideas","twitter_misc":{"Escrito por":"Noel Castro","Tiempo de lectura":"4 minutos"},"schema":{"@context":"https:\/\/schema.org","@graph":[{"@type":"Article","@id":"https:\/\/www.cubodeideas.com\/blog\/negocios\/definicion-de-vision-y-mision-en-las-pymes\/#article","isPartOf":{"@id":"https:\/\/www.cubodeideas.com\/blog\/negocios\/definicion-de-vision-y-mision-en-las-pymes\/"},"author":{"name":"Noel Castro","@id":"https:\/\/www.cubodeideas.com\/blog\/#\/schema\/person\/5614e43eb76109017cff51a2c7928211"},"headline":"Definici\u00f3n de Visi\u00f3n y Misi\u00f3n en las Pymes","datePublished":"2024-01-27T02:42:25+00:00","mainEntityOfPage":{"@id":"https:\/\/www.cubodeideas.com\/blog\/negocios\/definicion-de-vision-y-mision-en-las-pymes\/"},"wordCount":830,"commentCount":0,"publisher":{"@id":"https:\/\/www.cubodeideas.com\/blog\/#organization"},"image":{"@id":"https:\/\/www.cubodeideas.com\/blog\/negocios\/definicion-de-vision-y-mision-en-las-pymes\/#primaryimage"},"thumbnailUrl":"https:\/\/www.cubodeideas.com\/blog\/wp-content\/uploads\/2024\/01\/DALL\u00b7E-2024-01-26-20.41.28-Create-a-highly-realistic-and-professional-featured-blog-image-for-an-article-about-defining-vision-and-mission-in-small-and-medium-sized-enterprises-.png","keywords":["Cultura Corporativa","Estrategia PYME","liderazgo","Misi\u00f3n Organizacional","Visi\u00f3n Empresarial"],"articleSection":["Negocios"],"inLanguage":"es","potentialAction":[{"@type":"CommentAction","name":"Comment","target":["https:\/\/www.cubodeideas.com\/blog\/negocios\/definicion-de-vision-y-mision-en-las-pymes\/#respond"]}]},{"@type":"WebPage","@id":"https:\/\/www.cubodeideas.com\/blog\/negocios\/definicion-de-vision-y-mision-en-las-pymes\/","url":"https:\/\/www.cubodeideas.com\/blog\/negocios\/definicion-de-vision-y-mision-en-las-pymes\/","name":"Definici\u00f3n de Visi\u00f3n y Misi\u00f3n en las Pymes -","isPartOf":{"@id":"https:\/\/www.cubodeideas.com\/blog\/#website"},"primaryImageOfPage":{"@id":"https:\/\/www.cubodeideas.com\/blog\/negocios\/definicion-de-vision-y-mision-en-las-pymes\/#primaryimage"},"image":{"@id":"https:\/\/www.cubodeideas.com\/blog\/negocios\/definicion-de-vision-y-mision-en-las-pymes\/#primaryimage"},"thumbnailUrl":"https:\/\/www.cubodeideas.com\/blog\/wp-content\/uploads\/2024\/01\/DALL\u00b7E-2024-01-26-20.41.28-Create-a-highly-realistic-and-professional-featured-blog-image-for-an-article-about-defining-vision-and-mission-in-small-and-medium-sized-enterprises-.png","datePublished":"2024-01-27T02:42:25+00:00","description":"Descubre c\u00f3mo una visi\u00f3n y misi\u00f3n bien definidas pueden transformar tu PYME, alinear tus estrategias y motivar a tu equipo hacia el \u00e9xito.","breadcrumb":{"@id":"https:\/\/www.cubodeideas.com\/blog\/negocios\/definicion-de-vision-y-mision-en-las-pymes\/#breadcrumb"},"inLanguage":"es","potentialAction":[{"@type":"ReadAction","target":["https:\/\/www.cubodeideas.com\/blog\/negocios\/definicion-de-vision-y-mision-en-las-pymes\/"]}]},{"@type":"ImageObject","inLanguage":"es","@id":"https:\/\/www.cubodeideas.com\/blog\/negocios\/definicion-de-vision-y-mision-en-las-pymes\/#primaryimage","url":"https:\/\/www.cubodeideas.com\/blog\/wp-content\/uploads\/2024\/01\/DALL\u00b7E-2024-01-26-20.41.28-Create-a-highly-realistic-and-professional-featured-blog-image-for-an-article-about-defining-vision-and-mission-in-small-and-medium-sized-enterprises-.png","contentUrl":"https:\/\/www.cubodeideas.com\/blog\/wp-content\/uploads\/2024\/01\/DALL\u00b7E-2024-01-26-20.41.28-Create-a-highly-realistic-and-professional-featured-blog-image-for-an-article-about-defining-vision-and-mission-in-small-and-medium-sized-enterprises-.png","width":1024,"height":1024,"caption":"Mision y vision empresarial"},{"@type":"BreadcrumbList","@id":"https:\/\/www.cubodeideas.com\/blog\/negocios\/definicion-de-vision-y-mision-en-las-pymes\/#breadcrumb","itemListElement":[{"@type":"ListItem","position":1,"name":"Portada","item":"https:\/\/www.cubodeideas.com\/blog\/"},{"@type":"ListItem","position":2,"name":"Definici\u00f3n de Visi\u00f3n y Misi\u00f3n en las Pymes"}]},{"@type":"WebSite","@id":"https:\/\/www.cubodeideas.com\/blog\/#website","url":"https:\/\/www.cubodeideas.com\/blog\/","name":"Cubo de Ideas","description":"Cubo de Ideas, El Blog","publisher":{"@id":"https:\/\/www.cubodeideas.com\/blog\/#organization"},"potentialAction":[{"@type":"SearchAction","target":{"@type":"EntryPoint","urlTemplate":"https:\/\/www.cubodeideas.com\/blog\/?s={search_term_string}"},"query-input":{"@type":"PropertyValueSpecification","valueRequired":true,"valueName":"search_term_string"}}],"inLanguage":"es"},{"@type":"Organization","@id":"https:\/\/www.cubodeideas.com\/blog\/#organization","name":"Cubo de Ideas","url":"https:\/\/www.cubodeideas.com\/blog\/","logo":{"@type":"ImageObject","inLanguage":"es","@id":"https:\/\/www.cubodeideas.com\/blog\/#\/schema\/logo\/image\/","url":"https:\/\/www.cubodeideas.com\/blog\/wp-content\/uploads\/2021\/10\/android-icon-72x72-1.png","contentUrl":"https:\/\/www.cubodeideas.com\/blog\/wp-content\/uploads\/2021\/10\/android-icon-72x72-1.png","width":72,"height":72,"caption":"Cubo de Ideas"},"image":{"@id":"https:\/\/www.cubodeideas.com\/blog\/#\/schema\/logo\/image\/"},"sameAs":["https:\/\/www.facebook.com\/somoscubodeideas","https:\/\/x.com\/cubo_ideas","https:\/\/www.instagram.com\/cubodeideas"]},{"@type":"Person","@id":"https:\/\/www.cubodeideas.com\/blog\/#\/schema\/person\/5614e43eb76109017cff51a2c7928211","name":"Noel Castro","description":"LEM Noel Castro Monta\u00f1o es CEO de Cubo de Ideas, Director de Operaciones para Citosa Textiles. Asesor de nuevos mercados y estrategias digitales para el segmento Retail. Especialista en marketing para autoservicios y puntos de venta. Especialista en sistemas de gesti\u00f3n de la calidad con enfoque a la ISO 9001:2015","sameAs":["https:\/\/www.cubodeideas.com\/blog"],"url":"https:\/\/www.cubodeideas.com\/blog\/author\/admin\/"}]}},"jetpack_publicize_connections":[],"_links":{"self":[{"href":"https:\/\/www.cubodeideas.com\/blog\/wp-json\/wp\/v2\/posts\/1270","targetHints":{"allow":["GET"]}}],"collection":[{"href":"https:\/\/www.cubodeideas.com\/blog\/wp-json\/wp\/v2\/posts"}],"about":[{"href":"https:\/\/www.cubodeideas.com\/blog\/wp-json\/wp\/v2\/types\/post"}],"author":[{"embeddable":true,"href":"https:\/\/www.cubodeideas.com\/blog\/wp-json\/wp\/v2\/users\/1"}],"replies":[{"embeddable":true,"href":"https:\/\/www.cubodeideas.com\/blog\/wp-json\/wp\/v2\/comments?post=1270"}],"version-history":[{"count":1,"href":"https:\/\/www.cubodeideas.com\/blog\/wp-json\/wp\/v2\/posts\/1270\/revisions"}],"predecessor-version":[{"id":1271,"href":"https:\/\/www.cubodeideas.com\/blog\/wp-json\/wp\/v2\/posts\/1270\/revisions\/1271"}],"wp:featuredmedia":[{"embeddable":true,"href":"https:\/\/www.cubodeideas.com\/blog\/wp-json\/wp\/v2\/media\/1272"}],"wp:attachment":[{"href":"https:\/\/www.cubodeideas.com\/blog\/wp-json\/wp\/v2\/media?parent=1270"}],"wp:term":[{"taxonomy":"category","embeddable":true,"href":"https:\/\/www.cubodeideas.com\/blog\/wp-json\/wp\/v2\/categories?post=1270"},{"taxonomy":"post_tag","embeddable":true,"href":"https:\/\/www.cubodeideas.com\/blog\/wp-json\/wp\/v2\/tags?post=1270"}],"curies":[{"name":"wp","href":"https:\/\/api.w.org\/{rel}","templated":true}]}}